{"id":8775,"date":"2022-08-06T07:00:00","date_gmt":"2022-08-06T10:00:00","guid":{"rendered":"https:\/\/www.radiomanchester.com.br\/fm\/?p=8775"},"modified":"2022-08-05T23:20:29","modified_gmt":"2022-08-06T02:20:29","slug":"cadernos-de-prova-do-enem-ja-estao-prontos-diz-presidente-do-inep","status":"publish","type":"post","link":"https:\/\/www.radiomanchester.com.br\/fm\/cadernos-de-prova-do-enem-ja-estao-prontos-diz-presidente-do-inep\/","title":{"rendered":"Cadernos de prova do Enem j\u00e1 est\u00e3o prontos, diz presidente do Inep"},"content":{"rendered":"\n<p><em><strong>Arquivos devem ser enviados para gr\u00e1ficas na pr\u00f3xima semana<\/strong><\/em><\/p>\n\n\n\n<hr class=\"wp-block-separator\"\/>\n\n\n\n<p>Os cadernos de provas da edi\u00e7\u00e3o deste ano do Exame Nacional do Ensino M\u00e9dio (Enem) j\u00e1 foram montados em ambiente seguro e as m\u00eddias digitais j\u00e1 est\u00e3o prontas para serem enviadas para a gr\u00e1fica na pr\u00f3xima semana. Quem antecipou as informa\u00e7\u00f5es foi Carlos Moreno, presidente do Instituto Nacional de Estudos e Pesquisas Educacionais An\u00edsio Teixeira (Inep), em entrevista para o programa A Voz do Brasil desta sexta-feira (5\/08).<\/p>\n\n\n\n<div style=\"height:100px\" aria-hidden=\"true\" class=\"wp-block-spacer\"><\/div>\n\n\n\n<p>O presidente do Inep lembrou as datas de realiza\u00e7\u00e3o das provas: 13 e 20 de novembro para o p\u00fablico em geral e 10 e 11 de janeiro para a popula\u00e7\u00e3o privada de liberdade.<\/p>\n\n\n\n<div style=\"height:100px\" aria-hidden=\"true\" class=\"wp-block-spacer\"><\/div>\n\n\n\n<p><strong>Novidades<\/strong><br>Neste ano, tanto a edi\u00e7\u00e3o impressa quanto a digital do Enem ser\u00e3o realizadas no mesmo dia. \u201cCom os mesmos itens e com o mesmo tema de reda\u00e7\u00e3o\u201d. Dentre as novidades nesta edi\u00e7\u00e3o, est\u00e1 a possibilidade de os candidatos apresentarem documentos digitais no dia das provas, como o e-T\u00edtulo, Carteira Nacional de Habilita\u00e7\u00e3o Digital e o RG digital como documentos v\u00e1lidos. No entanto, s\u00f3 ser\u00e3o aceitos documentos apresentados em seus respectivos aplicativos, como o Gov.Br. Imagens de tela n\u00e3o ser\u00e3o aceitas.<\/p>\n\n\n\n<div style=\"height:100px\" aria-hidden=\"true\" class=\"wp-block-spacer\"><\/div>\n\n\n\n<p>Os protocolos contra a covid-19 se mant\u00eam. Entre eles, a aloca\u00e7\u00e3o dos estudantes nas salas de aula com distanciamento; o uso de m\u00e1scara por parte dos aplicadores, fiscais e coordenadores e a higieniza\u00e7\u00e3o de ambientes. \u201cN\u00f3s recomendamos que cada participante leve o seu pr\u00f3prio kit de prote\u00e7\u00e3o\u201d, disse.<\/p>\n\n\n\n<div style=\"height:100px\" aria-hidden=\"true\" class=\"wp-block-spacer\"><\/div>\n\n\n\n<p>Segundo Moreno, o Enem \u00e9 a principal porta de entrada para o Ensino Superior pois d\u00e1 acesso a iniciativas como o Fundo de Financiamento da Educa\u00e7\u00e3o (Fies), o Programa Universidade Para Todos (Prouni), o Sistema de Sele\u00e7\u00e3o Unificada (Sisu) e a Lei de Cotas. \u201cO Enem ancora essas pol\u00edticas p\u00fablicas j\u00e1 consolidadas\u201d, diz.<\/p>\n\n\n\n<figure class=\"wp-block-image size-medium\"><img loading=\"lazy\" width=\"300\" height=\"179\" src=\"https:\/\/www.radiomanchester.com.br\/fm\/wp-content\/uploads\/2022\/08\/vac_abr_0508221028-300x179.jpg\" alt=\"\" class=\"wp-image-8776\" srcset=\"https:\/\/www.radiomanchester.com.br\/fm\/wp-content\/uploads\/2022\/08\/vac_abr_0508221028-300x179.jpg 300w, https:\/\/www.radiomanchester.com.br\/fm\/wp-content\/uploads\/2022\/08\/vac_abr_0508221028-1024x613.jpg 1024w, https:\/\/www.radiomanchester.com.br\/fm\/wp-content\/uploads\/2022\/08\/vac_abr_0508221028-768x459.jpg 768w, https:\/\/www.radiomanchester.com.br\/fm\/wp-content\/uploads\/2022\/08\/vac_abr_0508221028.jpg 1170w\" sizes=\"(max-width: 300px) 100vw, 300px\" \/><figcaption>O presidente do Instituto Nacional de Estudos e Pesquisas Educacionais  An\u00edsio Teixeira (Inep), Carlos Moreno, \u00e9 o entrevistado no programa A Voz do Brasil.<\/figcaption><\/figure>\n\n\n\n<p>por Ag\u00eancia Brasil &#8211; foto: Valter Campanato Ag\u00eancia Brasil<\/p>\n","protected":false},"excerpt":{"rendered":"<p class=\"excerpt\">Arquivos devem ser enviados para gr\u00e1ficas na pr\u00f3xima semana Os cadernos de provas da edi\u00e7\u00e3o deste ano do Exame Nacional do Ensino M\u00e9dio (Enem) j\u00e1 foram montados em ambiente seguro e as m\u00eddias digitais j\u00e1 est\u00e3o prontas para serem enviadas para a gr\u00e1fica na pr\u00f3xima semana. Quem antecipou as informa\u00e7\u00f5es foi Carlos Moreno, presidente do [&hellip;]<\/p>\n","protected":false},"author":1,"featured_media":0,"comment_status":"open","ping_status":"open","sticky":false,"template":"","format":"standard","meta":[],"categories":[8,17],"tags":[22,24,113,83,92],"yoast_head":"<!-- This site is optimized with the Yoast SEO plugin v18.3 - https:\/\/yoast.com\/wordpress\/plugins\/seo\/ -->\n<title>Cadernos de prova do Enem j\u00e1 est\u00e3o prontos, diz presidente do Inep - Manchester FM 93,3<\/title>\n<meta name=\"robots\" content=\"index, follow, max-snippet:-1, max-image-preview:large, max-video-preview:-1\" \/>\n<link rel=\"canonical\" href=\"https:\/\/www.radiomanchester.com.br\/fm\/cadernos-de-prova-do-enem-ja-estao-prontos-diz-presidente-do-inep\/\" \/>\n<meta property=\"og:locale\" content=\"pt_BR\" \/>\n<meta property=\"og:type\" content=\"article\" \/>\n<meta property=\"og:title\" content=\"Cadernos de prova do Enem j\u00e1 est\u00e3o prontos, diz presidente do Inep - Manchester FM 93,3\" \/>\n<meta property=\"og:description\" content=\"Arquivos devem ser enviados para gr\u00e1ficas na pr\u00f3xima semana Os cadernos de provas da edi\u00e7\u00e3o deste ano do Exame Nacional do Ensino M\u00e9dio (Enem) j\u00e1 foram montados em ambiente seguro e as m\u00eddias digitais j\u00e1 est\u00e3o prontas para serem enviadas para a gr\u00e1fica na pr\u00f3xima semana. Quem antecipou as informa\u00e7\u00f5es foi Carlos Moreno, presidente do [&hellip;]\" \/>\n<meta property=\"og:url\" content=\"https:\/\/www.radiomanchester.com.br\/fm\/cadernos-de-prova-do-enem-ja-estao-prontos-diz-presidente-do-inep\/\" \/>\n<meta property=\"og:site_name\" content=\"Manchester FM 93,3\" \/>\n<meta property=\"article:published_time\" content=\"2022-08-06T10:00:00+00:00\" \/>\n<meta property=\"article:modified_time\" content=\"2022-08-06T02:20:29+00:00\" \/>\n<meta property=\"og:image\" content=\"https:\/\/www.radiomanchester.com.br\/fm\/wp-content\/uploads\/2022\/08\/vac_abr_0508221028-300x179.jpg\" \/>\n<meta name=\"twitter:card\" content=\"summary_large_image\" \/>\n<meta name=\"twitter:label1\" content=\"Escrito por\" \/>\n\t<meta name=\"twitter:data1\" content=\"admin\" \/>\n\t<meta name=\"twitter:label2\" content=\"Est. tempo de leitura\" \/>\n\t<meta name=\"twitter:data2\" content=\"2 minutos\" \/>\n<script type=\"application\/ld+json\" class=\"yoast-schema-graph\">{\"@context\":\"https:\/\/schema.org\",\"@graph\":[{\"@type\":\"WebSite\",\"@id\":\"https:\/\/www.radiomanchester.com.br\/fm\/#website\",\"url\":\"https:\/\/www.radiomanchester.com.br\/fm\/\",\"name\":\"Manchester FM 93,3\",\"description\":\"Todo Mundo Ouve!\",\"potentialAction\":[{\"@type\":\"SearchAction\",\"target\":{\"@type\":\"EntryPoint\",\"urlTemplate\":\"https:\/\/www.radiomanchester.com.br\/fm\/?s={search_term_string}\"},\"query-input\":\"required name=search_term_string\"}],\"inLanguage\":\"pt-BR\"},{\"@type\":\"ImageObject\",\"@id\":\"https:\/\/www.radiomanchester.com.br\/fm\/cadernos-de-prova-do-enem-ja-estao-prontos-diz-presidente-do-inep\/#primaryimage\",\"inLanguage\":\"pt-BR\",\"url\":\"https:\/\/www.radiomanchester.com.br\/fm\/wp-content\/uploads\/2022\/08\/vac_abr_0508221028-300x179.jpg\",\"contentUrl\":\"https:\/\/www.radiomanchester.com.br\/fm\/wp-content\/uploads\/2022\/08\/vac_abr_0508221028-300x179.jpg\"},{\"@type\":\"WebPage\",\"@id\":\"https:\/\/www.radiomanchester.com.br\/fm\/cadernos-de-prova-do-enem-ja-estao-prontos-diz-presidente-do-inep\/#webpage\",\"url\":\"https:\/\/www.radiomanchester.com.br\/fm\/cadernos-de-prova-do-enem-ja-estao-prontos-diz-presidente-do-inep\/\",\"name\":\"Cadernos de prova do Enem j\u00e1 est\u00e3o prontos, diz presidente do Inep - Manchester FM 93,3\",\"isPartOf\":{\"@id\":\"https:\/\/www.radiomanchester.com.br\/fm\/#website\"},\"primaryImageOfPage\":{\"@id\":\"https:\/\/www.radiomanchester.com.br\/fm\/cadernos-de-prova-do-enem-ja-estao-prontos-diz-presidente-do-inep\/#primaryimage\"},\"datePublished\":\"2022-08-06T10:00:00+00:00\",\"dateModified\":\"2022-08-06T02:20:29+00:00\",\"author\":{\"@id\":\"https:\/\/www.radiomanchester.com.br\/fm\/#\/schema\/person\/408a7b4d4e32cbebd90e2782852abca3\"},\"breadcrumb\":{\"@id\":\"https:\/\/www.radiomanchester.com.br\/fm\/cadernos-de-prova-do-enem-ja-estao-prontos-diz-presidente-do-inep\/#breadcrumb\"},\"inLanguage\":\"pt-BR\",\"potentialAction\":[{\"@type\":\"ReadAction\",\"target\":[\"https:\/\/www.radiomanchester.com.br\/fm\/cadernos-de-prova-do-enem-ja-estao-prontos-diz-presidente-do-inep\/\"]}]},{\"@type\":\"BreadcrumbList\",\"@id\":\"https:\/\/www.radiomanchester.com.br\/fm\/cadernos-de-prova-do-enem-ja-estao-prontos-diz-presidente-do-inep\/#breadcrumb\",\"itemListElement\":[{\"@type\":\"ListItem\",\"position\":1,\"name\":\"Home\",\"item\":\"https:\/\/www.radiomanchester.com.br\/fm\/\"},{\"@type\":\"ListItem\",\"position\":2,\"name\":\"Cadernos de prova do Enem j\u00e1 est\u00e3o prontos, diz presidente do Inep\"}]},{\"@type\":\"Person\",\"@id\":\"https:\/\/www.radiomanchester.com.br\/fm\/#\/schema\/person\/408a7b4d4e32cbebd90e2782852abca3\",\"name\":\"admin\",\"image\":{\"@type\":\"ImageObject\",\"@id\":\"https:\/\/www.radiomanchester.com.br\/fm\/#personlogo\",\"inLanguage\":\"pt-BR\",\"url\":\"https:\/\/secure.gravatar.com\/avatar\/115a974dba3376872eb3addeb276301c?s=96&d=mm&r=g\",\"contentUrl\":\"https:\/\/secure.gravatar.com\/avatar\/115a974dba3376872eb3addeb276301c?s=96&d=mm&r=g\",\"caption\":\"admin\"},\"url\":\"https:\/\/www.radiomanchester.com.br\/fm\/author\/admin\/\"}]}<\/script>\n<!-- \/ Yoast SEO plugin. -->","yoast_head_json":{"title":"Cadernos de prova do Enem j\u00e1 est\u00e3o prontos, diz presidente do Inep - Manchester FM 93,3","robots":{"index":"index","follow":"follow","max-snippet":"max-snippet:-1","max-image-preview":"max-image-preview:large","max-video-preview":"max-video-preview:-1"},"canonical":"https:\/\/www.radiomanchester.com.br\/fm\/cadernos-de-prova-do-enem-ja-estao-prontos-diz-presidente-do-inep\/","og_locale":"pt_BR","og_type":"article","og_title":"Cadernos de prova do Enem j\u00e1 est\u00e3o prontos, diz presidente do Inep - Manchester FM 93,3","og_description":"Arquivos devem ser enviados para gr\u00e1ficas na pr\u00f3xima semana Os cadernos de provas da edi\u00e7\u00e3o deste ano do Exame Nacional do Ensino M\u00e9dio (Enem) j\u00e1 foram montados em ambiente seguro e as m\u00eddias digitais j\u00e1 est\u00e3o prontas para serem enviadas para a gr\u00e1fica na pr\u00f3xima semana. Quem antecipou as informa\u00e7\u00f5es foi Carlos Moreno, presidente do [&hellip;]","og_url":"https:\/\/www.radiomanchester.com.br\/fm\/cadernos-de-prova-do-enem-ja-estao-prontos-diz-presidente-do-inep\/","og_site_name":"Manchester FM 93,3","article_published_time":"2022-08-06T10:00:00+00:00","article_modified_time":"2022-08-06T02:20:29+00:00","og_image":[{"url":"https:\/\/www.radiomanchester.com.br\/fm\/wp-content\/uploads\/2022\/08\/vac_abr_0508221028-300x179.jpg"}],"twitter_card":"summary_large_image","twitter_misc":{"Escrito por":"admin","Est. tempo de leitura":"2 minutos"},"schema":{"@context":"https:\/\/schema.org","@graph":[{"@type":"WebSite","@id":"https:\/\/www.radiomanchester.com.br\/fm\/#website","url":"https:\/\/www.radiomanchester.com.br\/fm\/","name":"Manchester FM 93,3","description":"Todo Mundo Ouve!","potentialAction":[{"@type":"SearchAction","target":{"@type":"EntryPoint","urlTemplate":"https:\/\/www.radiomanchester.com.br\/fm\/?s={search_term_string}"},"query-input":"required name=search_term_string"}],"inLanguage":"pt-BR"},{"@type":"ImageObject","@id":"https:\/\/www.radiomanchester.com.br\/fm\/cadernos-de-prova-do-enem-ja-estao-prontos-diz-presidente-do-inep\/#primaryimage","inLanguage":"pt-BR","url":"https:\/\/www.radiomanchester.com.br\/fm\/wp-content\/uploads\/2022\/08\/vac_abr_0508221028-300x179.jpg","contentUrl":"https:\/\/www.radiomanchester.com.br\/fm\/wp-content\/uploads\/2022\/08\/vac_abr_0508221028-300x179.jpg"},{"@type":"WebPage","@id":"https:\/\/www.radiomanchester.com.br\/fm\/cadernos-de-prova-do-enem-ja-estao-prontos-diz-presidente-do-inep\/#webpage","url":"https:\/\/www.radiomanchester.com.br\/fm\/cadernos-de-prova-do-enem-ja-estao-prontos-diz-presidente-do-inep\/","name":"Cadernos de prova do Enem j\u00e1 est\u00e3o prontos, diz presidente do Inep - Manchester FM 93,3","isPartOf":{"@id":"https:\/\/www.radiomanchester.com.br\/fm\/#website"},"primaryImageOfPage":{"@id":"https:\/\/www.radiomanchester.com.br\/fm\/cadernos-de-prova-do-enem-ja-estao-prontos-diz-presidente-do-inep\/#primaryimage"},"datePublished":"2022-08-06T10:00:00+00:00","dateModified":"2022-08-06T02:20:29+00:00","author":{"@id":"https:\/\/www.radiomanchester.com.br\/fm\/#\/schema\/person\/408a7b4d4e32cbebd90e2782852abca3"},"breadcrumb":{"@id":"https:\/\/www.radiomanchester.com.br\/fm\/cadernos-de-prova-do-enem-ja-estao-prontos-diz-presidente-do-inep\/#breadcrumb"},"inLanguage":"pt-BR","potentialAction":[{"@type":"ReadAction","target":["https:\/\/www.radiomanchester.com.br\/fm\/cadernos-de-prova-do-enem-ja-estao-prontos-diz-presidente-do-inep\/"]}]},{"@type":"BreadcrumbList","@id":"https:\/\/www.radiomanchester.com.br\/fm\/cadernos-de-prova-do-enem-ja-estao-prontos-diz-presidente-do-inep\/#breadcrumb","itemListElement":[{"@type":"ListItem","position":1,"name":"Home","item":"https:\/\/www.radiomanchester.com.br\/fm\/"},{"@type":"ListItem","position":2,"name":"Cadernos de prova do Enem j\u00e1 est\u00e3o prontos, diz presidente do Inep"}]},{"@type":"Person","@id":"https:\/\/www.radiomanchester.com.br\/fm\/#\/schema\/person\/408a7b4d4e32cbebd90e2782852abca3","name":"admin","image":{"@type":"ImageObject","@id":"https:\/\/www.radiomanchester.com.br\/fm\/#personlogo","inLanguage":"pt-BR","url":"https:\/\/secure.gravatar.com\/avatar\/115a974dba3376872eb3addeb276301c?s=96&d=mm&r=g","contentUrl":"https:\/\/secure.gravatar.com\/avatar\/115a974dba3376872eb3addeb276301c?s=96&d=mm&r=g","caption":"admin"},"url":"https:\/\/www.radiomanchester.com.br\/fm\/author\/admin\/"}]}},"_links":{"self":[{"href":"https:\/\/www.radiomanchester.com.br\/fm\/wp-json\/wp\/v2\/posts\/8775"}],"collection":[{"href":"https:\/\/www.radiomanchester.com.br\/fm\/wp-json\/wp\/v2\/posts"}],"about":[{"href":"https:\/\/www.radiomanchester.com.br\/fm\/wp-json\/wp\/v2\/types\/post"}],"author":[{"embeddable":true,"href":"https:\/\/www.radiomanchester.com.br\/fm\/wp-json\/wp\/v2\/users\/1"}],"replies":[{"embeddable":true,"href":"https:\/\/www.radiomanchester.com.br\/fm\/wp-json\/wp\/v2\/comments?post=8775"}],"version-history":[{"count":1,"href":"https:\/\/www.radiomanchester.com.br\/fm\/wp-json\/wp\/v2\/posts\/8775\/revisions"}],"predecessor-version":[{"id":8777,"href":"https:\/\/www.radiomanchester.com.br\/fm\/wp-json\/wp\/v2\/posts\/8775\/revisions\/8777"}],"wp:attachment":[{"href":"https:\/\/www.radiomanchester.com.br\/fm\/wp-json\/wp\/v2\/media?parent=8775"}],"wp:term":[{"taxonomy":"category","embeddable":true,"href":"https:\/\/www.radiomanchester.com.br\/fm\/wp-json\/wp\/v2\/categories?post=8775"},{"taxonomy":"post_tag","embeddable":true,"href":"https:\/\/www.radiomanchester.com.br\/fm\/wp-json\/wp\/v2\/tags?post=8775"}],"curies":[{"name":"wp","href":"https:\/\/api.w.org\/{rel}","templated":true}]}}