{"id":8781,"date":"2022-08-07T15:56:32","date_gmt":"2022-08-07T18:56:32","guid":{"rendered":"https:\/\/www.radiomanchester.com.br\/fm\/?p=8781"},"modified":"2022-08-07T15:56:36","modified_gmt":"2022-08-07T18:56:36","slug":"aviao-faz-pouso-forcado-neste-domingo-em-goiania","status":"publish","type":"post","link":"https:\/\/www.radiomanchester.com.br\/fm\/aviao-faz-pouso-forcado-neste-domingo-em-goiania\/","title":{"rendered":"Avi\u00e3o faz pouso for\u00e7ado neste domingo em Goi\u00e2nia"},"content":{"rendered":"\n<p><\/p>\n\n\n\n<p>Uma aeronave precisou realizar um pouso for\u00e7ado no Aer\u00f3dromo de Goi\u00e2nia, na sa\u00edda para Inhumas, no in\u00edcio da tarde deste domingo (7\/09). Durante o pouso, o avi\u00e3o de pequeno porte acabou saindo da pista e atingindo o muro do port\u00e3o de entrada dos hangares. Apenas o piloto e o co-piloto estavam na aeronave e nenhum dos dois se feriu no acidente.<\/p>\n\n\n\n<div style=\"height:100px\" aria-hidden=\"true\" class=\"wp-block-spacer\"><\/div>\n\n\n\n<p>Segundo os Corpo de Bombeiros houve um vazamento de combust\u00edvel no local que foi isolado para que sejam evitados novos incidentes. Al\u00e9m disso, foi feito o resfriamento da aeronave com espuma.<\/p>\n\n\n\n<div style=\"height:100px\" aria-hidden=\"true\" class=\"wp-block-spacer\"><\/div>\n\n\n\n<p>Ainda n\u00e3o se h\u00e1 informa\u00e7\u00f5es sobre o destino de sa\u00edda e para onde a aeronave seguia. De acordo com o Corpo de Bombeiros, o Centro de Investiga\u00e7\u00e3o e Preven\u00e7\u00e3o de Acidentes Aeron\u00e1uticos (Cenipa) foi acionado e deve apurar as causas do incidente.<\/p>\n\n\n\n<figure class=\"wp-block-image size-medium\"><img loading=\"lazy\" width=\"300\" height=\"155\" src=\"https:\/\/www.radiomanchester.com.br\/fm\/wp-content\/uploads\/2022\/08\/A9228819-1D6C-488E-83AE-D8844A8C469D-300x155.jpeg\" alt=\"\" class=\"wp-image-8782\" srcset=\"https:\/\/www.radiomanchester.com.br\/fm\/wp-content\/uploads\/2022\/08\/A9228819-1D6C-488E-83AE-D8844A8C469D-300x155.jpeg 300w, https:\/\/www.radiomanchester.com.br\/fm\/wp-content\/uploads\/2022\/08\/A9228819-1D6C-488E-83AE-D8844A8C469D-1024x530.jpeg 1024w, https:\/\/www.radiomanchester.com.br\/fm\/wp-content\/uploads\/2022\/08\/A9228819-1D6C-488E-83AE-D8844A8C469D-768x398.jpeg 768w, https:\/\/www.radiomanchester.com.br\/fm\/wp-content\/uploads\/2022\/08\/A9228819-1D6C-488E-83AE-D8844A8C469D.jpeg 1242w\" sizes=\"(max-width: 300px) 100vw, 300px\" \/><\/figure>\n\n\n\n<p><\/p>\n\n\n\n<figure class=\"wp-block-image size-medium\"><img loading=\"lazy\" width=\"300\" height=\"169\" src=\"https:\/\/www.radiomanchester.com.br\/fm\/wp-content\/uploads\/2022\/08\/10308C20-DBBD-4707-A38E-FEB7EC20979B-300x169.jpeg\" alt=\"\" class=\"wp-image-8783\" srcset=\"https:\/\/www.radiomanchester.com.br\/fm\/wp-content\/uploads\/2022\/08\/10308C20-DBBD-4707-A38E-FEB7EC20979B-300x169.jpeg 300w, https:\/\/www.radiomanchester.com.br\/fm\/wp-content\/uploads\/2022\/08\/10308C20-DBBD-4707-A38E-FEB7EC20979B-1024x576.jpeg 1024w, https:\/\/www.radiomanchester.com.br\/fm\/wp-content\/uploads\/2022\/08\/10308C20-DBBD-4707-A38E-FEB7EC20979B-768x432.jpeg 768w, https:\/\/www.radiomanchester.com.br\/fm\/wp-content\/uploads\/2022\/08\/10308C20-DBBD-4707-A38E-FEB7EC20979B.jpeg 1280w\" sizes=\"(max-width: 300px) 100vw, 300px\" \/><\/figure>\n\n\n\n<p>por Reda\u00e7\u00e3o  &#8211; foto: CBMGO<\/p>\n","protected":false},"excerpt":{"rendered":"<p class=\"excerpt\">Uma aeronave precisou realizar um pouso for\u00e7ado no Aer\u00f3dromo de Goi\u00e2nia, na sa\u00edda para Inhumas, no in\u00edcio da tarde deste domingo (7\/09). Durante o pouso, o avi\u00e3o de pequeno porte acabou saindo da pista e atingindo o muro do port\u00e3o de entrada dos hangares. Apenas o piloto e o co-piloto estavam na aeronave e nenhum [&hellip;]<\/p>\n","protected":false},"author":1,"featured_media":0,"comment_status":"open","ping_status":"open","sticky":false,"template":"","format":"standard","meta":[],"categories":[8,17],"tags":[22,24,113,83,92],"yoast_head":"<!-- This site is optimized with the Yoast SEO plugin v18.3 - https:\/\/yoast.com\/wordpress\/plugins\/seo\/ -->\n<title>Avi\u00e3o faz pouso for\u00e7ado neste domingo em Goi\u00e2nia - Manchester FM 93,3<\/title>\n<meta name=\"robots\" content=\"index, follow, max-snippet:-1, max-image-preview:large, max-video-preview:-1\" \/>\n<link rel=\"canonical\" href=\"https:\/\/www.radiomanchester.com.br\/fm\/aviao-faz-pouso-forcado-neste-domingo-em-goiania\/\" \/>\n<meta property=\"og:locale\" content=\"pt_BR\" \/>\n<meta property=\"og:type\" content=\"article\" \/>\n<meta property=\"og:title\" content=\"Avi\u00e3o faz pouso for\u00e7ado neste domingo em Goi\u00e2nia - Manchester FM 93,3\" \/>\n<meta property=\"og:description\" content=\"Uma aeronave precisou realizar um pouso for\u00e7ado no Aer\u00f3dromo de Goi\u00e2nia, na sa\u00edda para Inhumas, no in\u00edcio da tarde deste domingo (7\/09). Durante o pouso, o avi\u00e3o de pequeno porte acabou saindo da pista e atingindo o muro do port\u00e3o de entrada dos hangares. Apenas o piloto e o co-piloto estavam na aeronave e nenhum [&hellip;]\" \/>\n<meta property=\"og:url\" content=\"https:\/\/www.radiomanchester.com.br\/fm\/aviao-faz-pouso-forcado-neste-domingo-em-goiania\/\" \/>\n<meta property=\"og:site_name\" content=\"Manchester FM 93,3\" \/>\n<meta property=\"article:published_time\" content=\"2022-08-07T18:56:32+00:00\" \/>\n<meta property=\"article:modified_time\" content=\"2022-08-07T18:56:36+00:00\" \/>\n<meta property=\"og:image\" content=\"https:\/\/www.radiomanchester.com.br\/fm\/wp-content\/uploads\/2022\/08\/A9228819-1D6C-488E-83AE-D8844A8C469D-300x155.jpeg\" \/>\n<meta name=\"twitter:card\" content=\"summary_large_image\" \/>\n<meta name=\"twitter:label1\" content=\"Escrito por\" \/>\n\t<meta name=\"twitter:data1\" content=\"admin\" \/>\n\t<meta name=\"twitter:label2\" content=\"Est. tempo de leitura\" \/>\n\t<meta name=\"twitter:data2\" content=\"2 minutos\" \/>\n<script type=\"application\/ld+json\" class=\"yoast-schema-graph\">{\"@context\":\"https:\/\/schema.org\",\"@graph\":[{\"@type\":\"WebSite\",\"@id\":\"https:\/\/www.radiomanchester.com.br\/fm\/#website\",\"url\":\"https:\/\/www.radiomanchester.com.br\/fm\/\",\"name\":\"Manchester FM 93,3\",\"description\":\"Todo Mundo Ouve!\",\"potentialAction\":[{\"@type\":\"SearchAction\",\"target\":{\"@type\":\"EntryPoint\",\"urlTemplate\":\"https:\/\/www.radiomanchester.com.br\/fm\/?s={search_term_string}\"},\"query-input\":\"required name=search_term_string\"}],\"inLanguage\":\"pt-BR\"},{\"@type\":\"ImageObject\",\"@id\":\"https:\/\/www.radiomanchester.com.br\/fm\/aviao-faz-pouso-forcado-neste-domingo-em-goiania\/#primaryimage\",\"inLanguage\":\"pt-BR\",\"url\":\"https:\/\/www.radiomanchester.com.br\/fm\/wp-content\/uploads\/2022\/08\/A9228819-1D6C-488E-83AE-D8844A8C469D-300x155.jpeg\",\"contentUrl\":\"https:\/\/www.radiomanchester.com.br\/fm\/wp-content\/uploads\/2022\/08\/A9228819-1D6C-488E-83AE-D8844A8C469D-300x155.jpeg\"},{\"@type\":\"WebPage\",\"@id\":\"https:\/\/www.radiomanchester.com.br\/fm\/aviao-faz-pouso-forcado-neste-domingo-em-goiania\/#webpage\",\"url\":\"https:\/\/www.radiomanchester.com.br\/fm\/aviao-faz-pouso-forcado-neste-domingo-em-goiania\/\",\"name\":\"Avi\u00e3o faz pouso for\u00e7ado neste domingo em Goi\u00e2nia - Manchester FM 93,3\",\"isPartOf\":{\"@id\":\"https:\/\/www.radiomanchester.com.br\/fm\/#website\"},\"primaryImageOfPage\":{\"@id\":\"https:\/\/www.radiomanchester.com.br\/fm\/aviao-faz-pouso-forcado-neste-domingo-em-goiania\/#primaryimage\"},\"datePublished\":\"2022-08-07T18:56:32+00:00\",\"dateModified\":\"2022-08-07T18:56:36+00:00\",\"author\":{\"@id\":\"https:\/\/www.radiomanchester.com.br\/fm\/#\/schema\/person\/408a7b4d4e32cbebd90e2782852abca3\"},\"breadcrumb\":{\"@id\":\"https:\/\/www.radiomanchester.com.br\/fm\/aviao-faz-pouso-forcado-neste-domingo-em-goiania\/#breadcrumb\"},\"inLanguage\":\"pt-BR\",\"potentialAction\":[{\"@type\":\"ReadAction\",\"target\":[\"https:\/\/www.radiomanchester.com.br\/fm\/aviao-faz-pouso-forcado-neste-domingo-em-goiania\/\"]}]},{\"@type\":\"BreadcrumbList\",\"@id\":\"https:\/\/www.radiomanchester.com.br\/fm\/aviao-faz-pouso-forcado-neste-domingo-em-goiania\/#breadcrumb\",\"itemListElement\":[{\"@type\":\"ListItem\",\"position\":1,\"name\":\"Home\",\"item\":\"https:\/\/www.radiomanchester.com.br\/fm\/\"},{\"@type\":\"ListItem\",\"position\":2,\"name\":\"Avi\u00e3o faz pouso for\u00e7ado neste domingo em Goi\u00e2nia\"}]},{\"@type\":\"Person\",\"@id\":\"https:\/\/www.radiomanchester.com.br\/fm\/#\/schema\/person\/408a7b4d4e32cbebd90e2782852abca3\",\"name\":\"admin\",\"image\":{\"@type\":\"ImageObject\",\"@id\":\"https:\/\/www.radiomanchester.com.br\/fm\/#personlogo\",\"inLanguage\":\"pt-BR\",\"url\":\"https:\/\/secure.gravatar.com\/avatar\/115a974dba3376872eb3addeb276301c?s=96&d=mm&r=g\",\"contentUrl\":\"https:\/\/secure.gravatar.com\/avatar\/115a974dba3376872eb3addeb276301c?s=96&d=mm&r=g\",\"caption\":\"admin\"},\"url\":\"https:\/\/www.radiomanchester.com.br\/fm\/author\/admin\/\"}]}<\/script>\n<!-- \/ Yoast SEO plugin. -->","yoast_head_json":{"title":"Avi\u00e3o faz pouso for\u00e7ado neste domingo em Goi\u00e2nia - Manchester FM 93,3","robots":{"index":"index","follow":"follow","max-snippet":"max-snippet:-1","max-image-preview":"max-image-preview:large","max-video-preview":"max-video-preview:-1"},"canonical":"https:\/\/www.radiomanchester.com.br\/fm\/aviao-faz-pouso-forcado-neste-domingo-em-goiania\/","og_locale":"pt_BR","og_type":"article","og_title":"Avi\u00e3o faz pouso for\u00e7ado neste domingo em Goi\u00e2nia - Manchester FM 93,3","og_description":"Uma aeronave precisou realizar um pouso for\u00e7ado no Aer\u00f3dromo de Goi\u00e2nia, na sa\u00edda para Inhumas, no in\u00edcio da tarde deste domingo (7\/09). Durante o pouso, o avi\u00e3o de pequeno porte acabou saindo da pista e atingindo o muro do port\u00e3o de entrada dos hangares. Apenas o piloto e o co-piloto estavam na aeronave e nenhum [&hellip;]","og_url":"https:\/\/www.radiomanchester.com.br\/fm\/aviao-faz-pouso-forcado-neste-domingo-em-goiania\/","og_site_name":"Manchester FM 93,3","article_published_time":"2022-08-07T18:56:32+00:00","article_modified_time":"2022-08-07T18:56:36+00:00","og_image":[{"url":"https:\/\/www.radiomanchester.com.br\/fm\/wp-content\/uploads\/2022\/08\/A9228819-1D6C-488E-83AE-D8844A8C469D-300x155.jpeg"}],"twitter_card":"summary_large_image","twitter_misc":{"Escrito por":"admin","Est. tempo de leitura":"2 minutos"},"schema":{"@context":"https:\/\/schema.org","@graph":[{"@type":"WebSite","@id":"https:\/\/www.radiomanchester.com.br\/fm\/#website","url":"https:\/\/www.radiomanchester.com.br\/fm\/","name":"Manchester FM 93,3","description":"Todo Mundo Ouve!","potentialAction":[{"@type":"SearchAction","target":{"@type":"EntryPoint","urlTemplate":"https:\/\/www.radiomanchester.com.br\/fm\/?s={search_term_string}"},"query-input":"required name=search_term_string"}],"inLanguage":"pt-BR"},{"@type":"ImageObject","@id":"https:\/\/www.radiomanchester.com.br\/fm\/aviao-faz-pouso-forcado-neste-domingo-em-goiania\/#primaryimage","inLanguage":"pt-BR","url":"https:\/\/www.radiomanchester.com.br\/fm\/wp-content\/uploads\/2022\/08\/A9228819-1D6C-488E-83AE-D8844A8C469D-300x155.jpeg","contentUrl":"https:\/\/www.radiomanchester.com.br\/fm\/wp-content\/uploads\/2022\/08\/A9228819-1D6C-488E-83AE-D8844A8C469D-300x155.jpeg"},{"@type":"WebPage","@id":"https:\/\/www.radiomanchester.com.br\/fm\/aviao-faz-pouso-forcado-neste-domingo-em-goiania\/#webpage","url":"https:\/\/www.radiomanchester.com.br\/fm\/aviao-faz-pouso-forcado-neste-domingo-em-goiania\/","name":"Avi\u00e3o faz pouso for\u00e7ado neste domingo em Goi\u00e2nia - Manchester FM 93,3","isPartOf":{"@id":"https:\/\/www.radiomanchester.com.br\/fm\/#website"},"primaryImageOfPage":{"@id":"https:\/\/www.radiomanchester.com.br\/fm\/aviao-faz-pouso-forcado-neste-domingo-em-goiania\/#primaryimage"},"datePublished":"2022-08-07T18:56:32+00:00","dateModified":"2022-08-07T18:56:36+00:00","author":{"@id":"https:\/\/www.radiomanchester.com.br\/fm\/#\/schema\/person\/408a7b4d4e32cbebd90e2782852abca3"},"breadcrumb":{"@id":"https:\/\/www.radiomanchester.com.br\/fm\/aviao-faz-pouso-forcado-neste-domingo-em-goiania\/#breadcrumb"},"inLanguage":"pt-BR","potentialAction":[{"@type":"ReadAction","target":["https:\/\/www.radiomanchester.com.br\/fm\/aviao-faz-pouso-forcado-neste-domingo-em-goiania\/"]}]},{"@type":"BreadcrumbList","@id":"https:\/\/www.radiomanchester.com.br\/fm\/aviao-faz-pouso-forcado-neste-domingo-em-goiania\/#breadcrumb","itemListElement":[{"@type":"ListItem","position":1,"name":"Home","item":"https:\/\/www.radiomanchester.com.br\/fm\/"},{"@type":"ListItem","position":2,"name":"Avi\u00e3o faz pouso for\u00e7ado neste domingo em Goi\u00e2nia"}]},{"@type":"Person","@id":"https:\/\/www.radiomanchester.com.br\/fm\/#\/schema\/person\/408a7b4d4e32cbebd90e2782852abca3","name":"admin","image":{"@type":"ImageObject","@id":"https:\/\/www.radiomanchester.com.br\/fm\/#personlogo","inLanguage":"pt-BR","url":"https:\/\/secure.gravatar.com\/avatar\/115a974dba3376872eb3addeb276301c?s=96&d=mm&r=g","contentUrl":"https:\/\/secure.gravatar.com\/avatar\/115a974dba3376872eb3addeb276301c?s=96&d=mm&r=g","caption":"admin"},"url":"https:\/\/www.radiomanchester.com.br\/fm\/author\/admin\/"}]}},"_links":{"self":[{"href":"https:\/\/www.radiomanchester.com.br\/fm\/wp-json\/wp\/v2\/posts\/8781"}],"collection":[{"href":"https:\/\/www.radiomanchester.com.br\/fm\/wp-json\/wp\/v2\/posts"}],"about":[{"href":"https:\/\/www.radiomanchester.com.br\/fm\/wp-json\/wp\/v2\/types\/post"}],"author":[{"embeddable":true,"href":"https:\/\/www.radiomanchester.com.br\/fm\/wp-json\/wp\/v2\/users\/1"}],"replies":[{"embeddable":true,"href":"https:\/\/www.radiomanchester.com.br\/fm\/wp-json\/wp\/v2\/comments?post=8781"}],"version-history":[{"count":1,"href":"https:\/\/www.radiomanchester.com.br\/fm\/wp-json\/wp\/v2\/posts\/8781\/revisions"}],"predecessor-version":[{"id":8784,"href":"https:\/\/www.radiomanchester.com.br\/fm\/wp-json\/wp\/v2\/posts\/8781\/revisions\/8784"}],"wp:attachment":[{"href":"https:\/\/www.radiomanchester.com.br\/fm\/wp-json\/wp\/v2\/media?parent=8781"}],"wp:term":[{"taxonomy":"category","embeddable":true,"href":"https:\/\/www.radiomanchester.com.br\/fm\/wp-json\/wp\/v2\/categories?post=8781"},{"taxonomy":"post_tag","embeddable":true,"href":"https:\/\/www.radiomanchester.com.br\/fm\/wp-json\/wp\/v2\/tags?post=8781"}],"curies":[{"name":"wp","href":"https:\/\/api.w.org\/{rel}","templated":true}]}}