{"id":8816,"date":"2022-08-11T16:30:00","date_gmt":"2022-08-11T19:30:00","guid":{"rendered":"https:\/\/www.radiomanchester.com.br\/fm\/?p=8816"},"modified":"2022-08-10T22:07:40","modified_gmt":"2022-08-11T01:07:40","slug":"pagamentos-com-cartoes-crescem-365-no-primeiro-semestre","status":"publish","type":"post","link":"https:\/\/www.radiomanchester.com.br\/fm\/pagamentos-com-cartoes-crescem-365-no-primeiro-semestre\/","title":{"rendered":"Pagamentos com cart\u00f5es crescem 36,5% no primeiro semestre"},"content":{"rendered":"\n<p><em><strong>Foi movimentado R$ 1,6 trilh\u00e3o com cart\u00f5es no primeiro semestre<\/strong><\/em><\/p>\n\n\n\n<hr class=\"wp-block-separator\"\/>\n\n\n\n<p>Os pagamentos com cart\u00f5es de cr\u00e9dito e d\u00e9bito cresceram 36,5% no primeiro semestre deste ano em compara\u00e7\u00e3o com o mesmo per\u00edodo de 2021, segundo balan\u00e7o divulgado hoje (10) pela Associa\u00e7\u00e3o Brasileira das Empresas de Cart\u00f5es de Cr\u00e9dito e Servi\u00e7os (Abecs). Foi movimentado R$ 1,6 trilh\u00e3o com cart\u00f5es nos primeiros seis meses de 2022.<\/p>\n\n\n\n<div style=\"height:100px\" aria-hidden=\"true\" class=\"wp-block-spacer\"><\/div>\n\n\n\n<p><strong>Cr\u00e9dito<br><\/strong>O cart\u00e3o de cr\u00e9dito teve o maior crescimento e tamb\u00e9m a maior movimenta\u00e7\u00e3o no per\u00edodo. De acordo com a Abecs, foram feitos R$ 1 trilh\u00e3o em pagamentos com esse meio no primeiro semestre, uma expans\u00e3o de 42,2% em rela\u00e7\u00e3o ao ano passado.<\/p>\n\n\n\n<div style=\"height:100px\" aria-hidden=\"true\" class=\"wp-block-spacer\"><\/div>\n\n\n\n<p><strong>D\u00e9bito<br><\/strong>Os cart\u00f5es de d\u00e9bito foram respons\u00e1veis por R$ 488 bilh\u00f5es em pagamentos, um aumento de 16,6% na compara\u00e7\u00e3o com os primeiros seis meses de 2021. Enquanto os cart\u00f5es pr\u00e9-pagos tiveram R$ 99,4 bilh\u00f5es em movimenta\u00e7\u00f5es .<\/p>\n\n\n\n<p>Tamb\u00e9m tiveram crescimento no primeiro semestre as compras remotas que, com alta de 32,7%, somaram R$ 338,5 bilh\u00f5es no per\u00edodo. Os pagamentos por aproxima\u00e7\u00e3o com cart\u00f5es de cr\u00e9dito e d\u00e9bito tiveram um aumento de 344,5%, somando R$ 235,5 bilh\u00f5es nos primeiros seis meses do ano.<\/p>\n\n\n\n<div style=\"height:100px\" aria-hidden=\"true\" class=\"wp-block-spacer\"><\/div>\n\n\n\n<p><strong>Pandemia<br><\/strong>Segundo a associa\u00e7\u00e3o, o alto crescimento est\u00e1 relacionado \u00e0 base de compara\u00e7\u00e3o ruim do ano passado, momento cr\u00edtico da pandemia de covid-19. Sendo assim, a expans\u00e3o tamb\u00e9m reflete o fim das restri\u00e7\u00f5es \u00e0s movimenta\u00e7\u00f5es e \u00e0s atividades econ\u00f4micas neste ano.<\/p>\n\n\n\n<figure class=\"wp-block-image size-medium\"><img loading=\"lazy\" width=\"300\" height=\"179\" src=\"https:\/\/www.radiomanchester.com.br\/fm\/wp-content\/uploads\/2022\/08\/economia_maquina_de_cartao_2907221123-300x179.jpg\" alt=\"\" class=\"wp-image-8817\" srcset=\"https:\/\/www.radiomanchester.com.br\/fm\/wp-content\/uploads\/2022\/08\/economia_maquina_de_cartao_2907221123-300x179.jpg 300w, https:\/\/www.radiomanchester.com.br\/fm\/wp-content\/uploads\/2022\/08\/economia_maquina_de_cartao_2907221123-1024x613.jpg 1024w, https:\/\/www.radiomanchester.com.br\/fm\/wp-content\/uploads\/2022\/08\/economia_maquina_de_cartao_2907221123-768x459.jpg 768w, https:\/\/www.radiomanchester.com.br\/fm\/wp-content\/uploads\/2022\/08\/economia_maquina_de_cartao_2907221123.jpg 1170w\" sizes=\"(max-width: 300px) 100vw, 300px\" \/><figcaption>M\u00e1quina de cart\u00e3o cr\u00e9dito e d\u00e9bito &#8211; foto: Marcello Casal Jr Ag\u00eancia Brasil<\/figcaption><\/figure>\n\n\n\n<p>por Ag\u00eancia Brasil &#8211; foto: Marcello Casal Jr Ag\u00eancia Brasil<\/p>\n","protected":false},"excerpt":{"rendered":"<p class=\"excerpt\">Foi movimentado R$ 1,6 trilh\u00e3o com cart\u00f5es no primeiro semestre Os pagamentos com cart\u00f5es de cr\u00e9dito e d\u00e9bito cresceram 36,5% no primeiro semestre deste ano em compara\u00e7\u00e3o com o mesmo per\u00edodo de 2021, segundo balan\u00e7o divulgado hoje (10) pela Associa\u00e7\u00e3o Brasileira das Empresas de Cart\u00f5es de Cr\u00e9dito e Servi\u00e7os (Abecs). Foi movimentado R$ 1,6 trilh\u00e3o [&hellip;]<\/p>\n","protected":false},"author":1,"featured_media":0,"comment_status":"open","ping_status":"open","sticky":false,"template":"","format":"standard","meta":[],"categories":[8,17],"tags":[22,24,113,83,92],"yoast_head":"<!-- This site is optimized with the Yoast SEO plugin v18.3 - https:\/\/yoast.com\/wordpress\/plugins\/seo\/ -->\n<title>Pagamentos com cart\u00f5es crescem 36,5% no primeiro semestre - Manchester FM 93,3<\/title>\n<meta name=\"robots\" content=\"index, follow, max-snippet:-1, max-image-preview:large, max-video-preview:-1\" \/>\n<link rel=\"canonical\" href=\"https:\/\/www.radiomanchester.com.br\/fm\/pagamentos-com-cartoes-crescem-365-no-primeiro-semestre\/\" \/>\n<meta property=\"og:locale\" content=\"pt_BR\" \/>\n<meta property=\"og:type\" content=\"article\" \/>\n<meta property=\"og:title\" content=\"Pagamentos com cart\u00f5es crescem 36,5% no primeiro semestre - Manchester FM 93,3\" \/>\n<meta property=\"og:description\" content=\"Foi movimentado R$ 1,6 trilh\u00e3o com cart\u00f5es no primeiro semestre Os pagamentos com cart\u00f5es de cr\u00e9dito e d\u00e9bito cresceram 36,5% no primeiro semestre deste ano em compara\u00e7\u00e3o com o mesmo per\u00edodo de 2021, segundo balan\u00e7o divulgado hoje (10) pela Associa\u00e7\u00e3o Brasileira das Empresas de Cart\u00f5es de Cr\u00e9dito e Servi\u00e7os (Abecs). Foi movimentado R$ 1,6 trilh\u00e3o [&hellip;]\" \/>\n<meta property=\"og:url\" content=\"https:\/\/www.radiomanchester.com.br\/fm\/pagamentos-com-cartoes-crescem-365-no-primeiro-semestre\/\" \/>\n<meta property=\"og:site_name\" content=\"Manchester FM 93,3\" \/>\n<meta property=\"article:published_time\" content=\"2022-08-11T19:30:00+00:00\" \/>\n<meta property=\"article:modified_time\" content=\"2022-08-11T01:07:40+00:00\" \/>\n<meta property=\"og:image\" content=\"https:\/\/www.radiomanchester.com.br\/fm\/wp-content\/uploads\/2022\/08\/economia_maquina_de_cartao_2907221123-300x179.jpg\" \/>\n<meta name=\"twitter:card\" content=\"summary_large_image\" \/>\n<meta name=\"twitter:label1\" content=\"Escrito por\" \/>\n\t<meta name=\"twitter:data1\" content=\"admin\" \/>\n\t<meta name=\"twitter:label2\" content=\"Est. tempo de leitura\" \/>\n\t<meta name=\"twitter:data2\" content=\"2 minutos\" \/>\n<script type=\"application\/ld+json\" class=\"yoast-schema-graph\">{\"@context\":\"https:\/\/schema.org\",\"@graph\":[{\"@type\":\"WebSite\",\"@id\":\"https:\/\/www.radiomanchester.com.br\/fm\/#website\",\"url\":\"https:\/\/www.radiomanchester.com.br\/fm\/\",\"name\":\"Manchester FM 93,3\",\"description\":\"Todo Mundo Ouve!\",\"potentialAction\":[{\"@type\":\"SearchAction\",\"target\":{\"@type\":\"EntryPoint\",\"urlTemplate\":\"https:\/\/www.radiomanchester.com.br\/fm\/?s={search_term_string}\"},\"query-input\":\"required name=search_term_string\"}],\"inLanguage\":\"pt-BR\"},{\"@type\":\"ImageObject\",\"@id\":\"https:\/\/www.radiomanchester.com.br\/fm\/pagamentos-com-cartoes-crescem-365-no-primeiro-semestre\/#primaryimage\",\"inLanguage\":\"pt-BR\",\"url\":\"https:\/\/www.radiomanchester.com.br\/fm\/wp-content\/uploads\/2022\/08\/economia_maquina_de_cartao_2907221123-300x179.jpg\",\"contentUrl\":\"https:\/\/www.radiomanchester.com.br\/fm\/wp-content\/uploads\/2022\/08\/economia_maquina_de_cartao_2907221123-300x179.jpg\"},{\"@type\":\"WebPage\",\"@id\":\"https:\/\/www.radiomanchester.com.br\/fm\/pagamentos-com-cartoes-crescem-365-no-primeiro-semestre\/#webpage\",\"url\":\"https:\/\/www.radiomanchester.com.br\/fm\/pagamentos-com-cartoes-crescem-365-no-primeiro-semestre\/\",\"name\":\"Pagamentos com cart\u00f5es crescem 36,5% no primeiro semestre - Manchester FM 93,3\",\"isPartOf\":{\"@id\":\"https:\/\/www.radiomanchester.com.br\/fm\/#website\"},\"primaryImageOfPage\":{\"@id\":\"https:\/\/www.radiomanchester.com.br\/fm\/pagamentos-com-cartoes-crescem-365-no-primeiro-semestre\/#primaryimage\"},\"datePublished\":\"2022-08-11T19:30:00+00:00\",\"dateModified\":\"2022-08-11T01:07:40+00:00\",\"author\":{\"@id\":\"https:\/\/www.radiomanchester.com.br\/fm\/#\/schema\/person\/408a7b4d4e32cbebd90e2782852abca3\"},\"breadcrumb\":{\"@id\":\"https:\/\/www.radiomanchester.com.br\/fm\/pagamentos-com-cartoes-crescem-365-no-primeiro-semestre\/#breadcrumb\"},\"inLanguage\":\"pt-BR\",\"potentialAction\":[{\"@type\":\"ReadAction\",\"target\":[\"https:\/\/www.radiomanchester.com.br\/fm\/pagamentos-com-cartoes-crescem-365-no-primeiro-semestre\/\"]}]},{\"@type\":\"BreadcrumbList\",\"@id\":\"https:\/\/www.radiomanchester.com.br\/fm\/pagamentos-com-cartoes-crescem-365-no-primeiro-semestre\/#breadcrumb\",\"itemListElement\":[{\"@type\":\"ListItem\",\"position\":1,\"name\":\"Home\",\"item\":\"https:\/\/www.radiomanchester.com.br\/fm\/\"},{\"@type\":\"ListItem\",\"position\":2,\"name\":\"Pagamentos com cart\u00f5es crescem 36,5% no primeiro semestre\"}]},{\"@type\":\"Person\",\"@id\":\"https:\/\/www.radiomanchester.com.br\/fm\/#\/schema\/person\/408a7b4d4e32cbebd90e2782852abca3\",\"name\":\"admin\",\"image\":{\"@type\":\"ImageObject\",\"@id\":\"https:\/\/www.radiomanchester.com.br\/fm\/#personlogo\",\"inLanguage\":\"pt-BR\",\"url\":\"https:\/\/secure.gravatar.com\/avatar\/115a974dba3376872eb3addeb276301c?s=96&d=mm&r=g\",\"contentUrl\":\"https:\/\/secure.gravatar.com\/avatar\/115a974dba3376872eb3addeb276301c?s=96&d=mm&r=g\",\"caption\":\"admin\"},\"url\":\"https:\/\/www.radiomanchester.com.br\/fm\/author\/admin\/\"}]}<\/script>\n<!-- \/ Yoast SEO plugin. -->","yoast_head_json":{"title":"Pagamentos com cart\u00f5es crescem 36,5% no primeiro semestre - Manchester FM 93,3","robots":{"index":"index","follow":"follow","max-snippet":"max-snippet:-1","max-image-preview":"max-image-preview:large","max-video-preview":"max-video-preview:-1"},"canonical":"https:\/\/www.radiomanchester.com.br\/fm\/pagamentos-com-cartoes-crescem-365-no-primeiro-semestre\/","og_locale":"pt_BR","og_type":"article","og_title":"Pagamentos com cart\u00f5es crescem 36,5% no primeiro semestre - Manchester FM 93,3","og_description":"Foi movimentado R$ 1,6 trilh\u00e3o com cart\u00f5es no primeiro semestre Os pagamentos com cart\u00f5es de cr\u00e9dito e d\u00e9bito cresceram 36,5% no primeiro semestre deste ano em compara\u00e7\u00e3o com o mesmo per\u00edodo de 2021, segundo balan\u00e7o divulgado hoje (10) pela Associa\u00e7\u00e3o Brasileira das Empresas de Cart\u00f5es de Cr\u00e9dito e Servi\u00e7os (Abecs). Foi movimentado R$ 1,6 trilh\u00e3o [&hellip;]","og_url":"https:\/\/www.radiomanchester.com.br\/fm\/pagamentos-com-cartoes-crescem-365-no-primeiro-semestre\/","og_site_name":"Manchester FM 93,3","article_published_time":"2022-08-11T19:30:00+00:00","article_modified_time":"2022-08-11T01:07:40+00:00","og_image":[{"url":"https:\/\/www.radiomanchester.com.br\/fm\/wp-content\/uploads\/2022\/08\/economia_maquina_de_cartao_2907221123-300x179.jpg"}],"twitter_card":"summary_large_image","twitter_misc":{"Escrito por":"admin","Est. tempo de leitura":"2 minutos"},"schema":{"@context":"https:\/\/schema.org","@graph":[{"@type":"WebSite","@id":"https:\/\/www.radiomanchester.com.br\/fm\/#website","url":"https:\/\/www.radiomanchester.com.br\/fm\/","name":"Manchester FM 93,3","description":"Todo Mundo Ouve!","potentialAction":[{"@type":"SearchAction","target":{"@type":"EntryPoint","urlTemplate":"https:\/\/www.radiomanchester.com.br\/fm\/?s={search_term_string}"},"query-input":"required name=search_term_string"}],"inLanguage":"pt-BR"},{"@type":"ImageObject","@id":"https:\/\/www.radiomanchester.com.br\/fm\/pagamentos-com-cartoes-crescem-365-no-primeiro-semestre\/#primaryimage","inLanguage":"pt-BR","url":"https:\/\/www.radiomanchester.com.br\/fm\/wp-content\/uploads\/2022\/08\/economia_maquina_de_cartao_2907221123-300x179.jpg","contentUrl":"https:\/\/www.radiomanchester.com.br\/fm\/wp-content\/uploads\/2022\/08\/economia_maquina_de_cartao_2907221123-300x179.jpg"},{"@type":"WebPage","@id":"https:\/\/www.radiomanchester.com.br\/fm\/pagamentos-com-cartoes-crescem-365-no-primeiro-semestre\/#webpage","url":"https:\/\/www.radiomanchester.com.br\/fm\/pagamentos-com-cartoes-crescem-365-no-primeiro-semestre\/","name":"Pagamentos com cart\u00f5es crescem 36,5% no primeiro semestre - Manchester FM 93,3","isPartOf":{"@id":"https:\/\/www.radiomanchester.com.br\/fm\/#website"},"primaryImageOfPage":{"@id":"https:\/\/www.radiomanchester.com.br\/fm\/pagamentos-com-cartoes-crescem-365-no-primeiro-semestre\/#primaryimage"},"datePublished":"2022-08-11T19:30:00+00:00","dateModified":"2022-08-11T01:07:40+00:00","author":{"@id":"https:\/\/www.radiomanchester.com.br\/fm\/#\/schema\/person\/408a7b4d4e32cbebd90e2782852abca3"},"breadcrumb":{"@id":"https:\/\/www.radiomanchester.com.br\/fm\/pagamentos-com-cartoes-crescem-365-no-primeiro-semestre\/#breadcrumb"},"inLanguage":"pt-BR","potentialAction":[{"@type":"ReadAction","target":["https:\/\/www.radiomanchester.com.br\/fm\/pagamentos-com-cartoes-crescem-365-no-primeiro-semestre\/"]}]},{"@type":"BreadcrumbList","@id":"https:\/\/www.radiomanchester.com.br\/fm\/pagamentos-com-cartoes-crescem-365-no-primeiro-semestre\/#breadcrumb","itemListElement":[{"@type":"ListItem","position":1,"name":"Home","item":"https:\/\/www.radiomanchester.com.br\/fm\/"},{"@type":"ListItem","position":2,"name":"Pagamentos com cart\u00f5es crescem 36,5% no primeiro semestre"}]},{"@type":"Person","@id":"https:\/\/www.radiomanchester.com.br\/fm\/#\/schema\/person\/408a7b4d4e32cbebd90e2782852abca3","name":"admin","image":{"@type":"ImageObject","@id":"https:\/\/www.radiomanchester.com.br\/fm\/#personlogo","inLanguage":"pt-BR","url":"https:\/\/secure.gravatar.com\/avatar\/115a974dba3376872eb3addeb276301c?s=96&d=mm&r=g","contentUrl":"https:\/\/secure.gravatar.com\/avatar\/115a974dba3376872eb3addeb276301c?s=96&d=mm&r=g","caption":"admin"},"url":"https:\/\/www.radiomanchester.com.br\/fm\/author\/admin\/"}]}},"_links":{"self":[{"href":"https:\/\/www.radiomanchester.com.br\/fm\/wp-json\/wp\/v2\/posts\/8816"}],"collection":[{"href":"https:\/\/www.radiomanchester.com.br\/fm\/wp-json\/wp\/v2\/posts"}],"about":[{"href":"https:\/\/www.radiomanchester.com.br\/fm\/wp-json\/wp\/v2\/types\/post"}],"author":[{"embeddable":true,"href":"https:\/\/www.radiomanchester.com.br\/fm\/wp-json\/wp\/v2\/users\/1"}],"replies":[{"embeddable":true,"href":"https:\/\/www.radiomanchester.com.br\/fm\/wp-json\/wp\/v2\/comments?post=8816"}],"version-history":[{"count":1,"href":"https:\/\/www.radiomanchester.com.br\/fm\/wp-json\/wp\/v2\/posts\/8816\/revisions"}],"predecessor-version":[{"id":8818,"href":"https:\/\/www.radiomanchester.com.br\/fm\/wp-json\/wp\/v2\/posts\/8816\/revisions\/8818"}],"wp:attachment":[{"href":"https:\/\/www.radiomanchester.com.br\/fm\/wp-json\/wp\/v2\/media?parent=8816"}],"wp:term":[{"taxonomy":"category","embeddable":true,"href":"https:\/\/www.radiomanchester.com.br\/fm\/wp-json\/wp\/v2\/categories?post=8816"},{"taxonomy":"post_tag","embeddable":true,"href":"https:\/\/www.radiomanchester.com.br\/fm\/wp-json\/wp\/v2\/tags?post=8816"}],"curies":[{"name":"wp","href":"https:\/\/api.w.org\/{rel}","templated":true}]}}