{"id":8819,"date":"2022-08-12T06:30:00","date_gmt":"2022-08-12T09:30:00","guid":{"rendered":"https:\/\/www.radiomanchester.com.br\/fm\/?p=8819"},"modified":"2022-08-10T22:10:49","modified_gmt":"2022-08-11T01:10:49","slug":"agosto-branco-chama-atencao-para-o-cancer-de-pulmao","status":"publish","type":"post","link":"https:\/\/www.radiomanchester.com.br\/fm\/agosto-branco-chama-atencao-para-o-cancer-de-pulmao\/","title":{"rendered":"Agosto Branco chama aten\u00e7\u00e3o para o c\u00e2ncer de pulm\u00e3o"},"content":{"rendered":"\n<p><strong><em>Tabagismo est\u00e1 entre os principais fatores de risco<\/em><\/strong><\/p>\n\n\n\n<hr class=\"wp-block-separator\"\/>\n\n\n\n<p>Institu\u00eddo h\u00e1 cinco anos, o Agosto Branco chama a aten\u00e7\u00e3o para a import\u00e2ncia da preven\u00e7\u00e3o do tipo de c\u00e2ncer que mais causa mortes no mundo: o de pulm\u00e3o. Foram 1,7 milh\u00e3o de v\u00edtimas no mundo em 2020, mais de 30 mil mortes apenas no Brasil, segundo a Sociedade Brasileira de Oncologia Cl\u00ednica (SBOC).<\/p>\n\n\n\n<div style=\"height:100px\" aria-hidden=\"true\" class=\"wp-block-spacer\"><\/div>\n\n\n\n<p>Entre os principais fatores de risco para esse tipo de c\u00e2ncer est\u00e3o o tabagismo, a polui\u00e7\u00e3o do ar, o contato com subst\u00e2ncias qu\u00edmicas como o asbesto (amianto) e derivados da queima de petr\u00f3leo, e hist\u00f3rico familiar de c\u00e2ncer.<\/p>\n\n\n\n<div style=\"height:100px\" aria-hidden=\"true\" class=\"wp-block-spacer\"><\/div>\n\n\n\n<p>\u201cO principal fator de risco \u00e9 o tabagismo: 85% dos casos de c\u00e2ncer de pulm\u00e3o s\u00e3o relacionados ao cigarro, ao fumo direto do tabaco. H\u00e1 outros 15% dos pacientes que nunca fumaram. E a\u00ed existem v\u00e1rios fatores de risco que podem estar associados no que a gente chama de popula\u00e7\u00e3o n\u00e3o tabagista, que s\u00e3o fatores gen\u00e9ticos; polui\u00e7\u00e3o ambiental; exposi\u00e7\u00e3o a determinados gases e metais pesados, principalmente no trabalho, como s\u00edlica; e os fumantes passivos, que s\u00e3o aqueles que convivem com pessoas fumantes no mesmo ambiente\u201d, destaca a oncologista Aknar Calabrich.<\/p>\n\n\n\n<div style=\"height:100px\" aria-hidden=\"true\" class=\"wp-block-spacer\"><\/div>\n\n\n\n<p>Entre os sintomas principais do c\u00e2ncer de pulm\u00e3o est\u00e3o tosse por mais de um m\u00eas, com presen\u00e7a de sangue ou com piora progressiva; dor tor\u00e1cica persistente n\u00e3o associada a traumas; falta de ar e dificuldade para respirar; perda de peso inexplicada e n\u00e3o intencional.<\/p>\n\n\n\n<div style=\"height:100px\" aria-hidden=\"true\" class=\"wp-block-spacer\"><\/div>\n\n\n\n<p>O c\u00e2ncer de pulm\u00e3o normalmente \u00e9 silencioso e apenas diagnosticado em est\u00e1gios avan\u00e7ados. Os sintomas iniciais da doen\u00e7a n\u00e3o s\u00e3o muito claros e aparecem tardiamente. Diante desse quadro, a oncologista alerta que a detec\u00e7\u00e3o precoce \u00e9 o ponto-chave para ampliar as chances de um tratamento efetivo.<\/p>\n\n\n\n<div style=\"height:100px\" aria-hidden=\"true\" class=\"wp-block-spacer\"><\/div>\n\n\n\n<p>\u201cA principal preven\u00e7\u00e3o \u00e9 parar de fumar. Isso reduz n\u00e3o s\u00f3 o c\u00e2ncer de pulm\u00e3o, mas o c\u00e2ncer de bexiga, c\u00e2ncer de boca, c\u00e2ncer de p\u00e2ncreas e outros tipos de c\u00e2ncer. E existem altera\u00e7\u00f5es de h\u00e1bitos de vida que reduzem o risco de c\u00e2ncer de uma forma geral, que s\u00e3o a pr\u00e1tica de atividades f\u00edsicas, o sono regular, o controle de peso, e priorizar frutas e verduras\u201d, ressalta.<\/p>\n\n\n\n<div style=\"height:100px\" aria-hidden=\"true\" class=\"wp-block-spacer\"><\/div>\n\n\n\n<p>Para quem \u00e9 fumante ou fumou no passado, a orienta\u00e7\u00e3o \u00e9 de manter consultas regulares com m\u00e9dico pneumologista e a realiza\u00e7\u00e3o de tomografias de rastreamento para aumentar as chances de um diagn\u00f3stico precoce.<\/p>\n\n\n\n<div style=\"height:100px\" aria-hidden=\"true\" class=\"wp-block-spacer\"><\/div>\n\n\n\n<p>Calabrich destaca ainda que h\u00e1 suspeitas de que os cigarros eletr\u00f4nicos causem o c\u00e2ncer de pulm\u00e3o. Tamb\u00e9m conhecidos como vaporizadores, eles possuem capacidade de promover a depend\u00eancia de nicotina ainda maior de que o cigarro comum, al\u00e9m de causar, em curto prazo, danos respirat\u00f3rios e cardiovasculares.<\/p>\n\n\n\n<div style=\"height:100px\" aria-hidden=\"true\" class=\"wp-block-spacer\"><\/div>\n\n\n\n<p>\u201cH\u00e1 uma tend\u00eancia de diminui\u00e7\u00e3o do tabagismo mundialmente, mas na contram\u00e3o est\u00e1 chegando o cigarro eletr\u00f4nico. Nele existem subst\u00e2ncias que n\u00e3o s\u00f3 causam depend\u00eancia, como a nicotina, mas tamb\u00e9m a combust\u00e3o de outras subst\u00e2ncias que a gente n\u00e3o conhece, porque n\u00e3o s\u00e3o produtos regularizados. Existe a queima de produtos que a longo prazo tem dado n\u00e3o s\u00f3 problemas respirat\u00f3rios, de queimaduras no pulm\u00e3o, doen\u00e7as como pneumonia lipo\u00eddica, mas existe, sim, a suspeita do risco de desenvolvimento de c\u00e2ncer de pulm\u00e3o\u201d, explicou.<\/p>\n\n\n\n<div style=\"height:100px\" aria-hidden=\"true\" class=\"wp-block-spacer\"><\/div>\n\n\n\n<p>Apesar de a maior incid\u00eancia da doen\u00e7a em pessoas fumantes, o cirurgi\u00e3o tor\u00e1cico do Instituto do C\u00e2ncer do Estado de S\u00e3o Paulo (Icesp) do Hospital das Cl\u00ednicas da Faculdade de Medicina da Universidade de S\u00e3o Paulo (USP), Pedro Nabuco, alerta que n\u00e3o \u00e9 correto pensar que quem nunca fumou n\u00e3o precisa se preocupar com o c\u00e2ncer de pulm\u00e3o.<\/p>\n\n\n\n<div style=\"height:100px\" aria-hidden=\"true\" class=\"wp-block-spacer\"><\/div>\n\n\n\n<p>\u201cExiste um estigma de que o c\u00e2ncer de pulm\u00e3o ocorre somente em quem fuma ou j\u00e1 fumou, e isso n\u00e3o \u00e9 verdade. \u00c9 importante registrar que o c\u00e2ncer de pulm\u00e3o pode ocorrer em pessoas que n\u00e3o t\u00eam qualquer rela\u00e7\u00e3o com o cigarro, existindo, inclusive, muta\u00e7\u00f5es gen\u00e9ticas que podem acontecer de forma independente aos h\u00e1bitos tabagistas\u201d, destaca.<\/p>\n\n\n\n<div style=\"height:100px\" aria-hidden=\"true\" class=\"wp-block-spacer\"><\/div>\n\n\n\n<p>\u201c\u00c9 comum que pacientes n\u00e3o fumantes descubram o tumor ao investigar outras condi\u00e7\u00f5es, como a covid-19, por exemplo. Durante a pandemia, foram diagnosticados muitos tumores incidentalmente, por conta do aumento na quantidade de exames de imagem, como o raio-x e a tomografia, realizados em pacientes com suspeita de infec\u00e7\u00e3o por covid-19\u201d.<\/p>\n\n\n\n<figure class=\"wp-block-image size-medium\"><img loading=\"lazy\" width=\"300\" height=\"179\" src=\"https:\/\/www.radiomanchester.com.br\/fm\/wp-content\/uploads\/2022\/08\/tabagismo_cigarrro2708201166-300x179.jpg\" alt=\"\" class=\"wp-image-8820\" srcset=\"https:\/\/www.radiomanchester.com.br\/fm\/wp-content\/uploads\/2022\/08\/tabagismo_cigarrro2708201166-300x179.jpg 300w, https:\/\/www.radiomanchester.com.br\/fm\/wp-content\/uploads\/2022\/08\/tabagismo_cigarrro2708201166-1024x613.jpg 1024w, https:\/\/www.radiomanchester.com.br\/fm\/wp-content\/uploads\/2022\/08\/tabagismo_cigarrro2708201166-768x459.jpg 768w, https:\/\/www.radiomanchester.com.br\/fm\/wp-content\/uploads\/2022\/08\/tabagismo_cigarrro2708201166.jpg 1170w\" sizes=\"(max-width: 300px) 100vw, 300px\" \/><figcaption>Tabagismo, cigarro &#8211; foto: divulga\u00e7\u00e3o\/ONU\/BancoMundial<\/figcaption><\/figure>\n\n\n\n<p>por Ag\u00eancia Brasil &#8211; foto: divulga\u00e7\u00e3o\/ONU\/bancomundial<\/p>\n","protected":false},"excerpt":{"rendered":"<p class=\"excerpt\">Tabagismo est\u00e1 entre os principais fatores de risco Institu\u00eddo h\u00e1 cinco anos, o Agosto Branco chama a aten\u00e7\u00e3o para a import\u00e2ncia da preven\u00e7\u00e3o do tipo de c\u00e2ncer que mais causa mortes no mundo: o de pulm\u00e3o. Foram 1,7 milh\u00e3o de v\u00edtimas no mundo em 2020, mais de 30 mil mortes apenas no Brasil, segundo a [&hellip;]<\/p>\n","protected":false},"author":1,"featured_media":0,"comment_status":"open","ping_status":"open","sticky":false,"template":"","format":"standard","meta":[],"categories":[8,17],"tags":[22,24,113,83,92],"yoast_head":"<!-- This site is optimized with the Yoast SEO plugin v18.3 - https:\/\/yoast.com\/wordpress\/plugins\/seo\/ -->\n<title>Agosto Branco chama aten\u00e7\u00e3o para o c\u00e2ncer de pulm\u00e3o - Manchester FM 93,3<\/title>\n<meta name=\"robots\" content=\"index, follow, max-snippet:-1, max-image-preview:large, max-video-preview:-1\" \/>\n<link rel=\"canonical\" href=\"https:\/\/www.radiomanchester.com.br\/fm\/agosto-branco-chama-atencao-para-o-cancer-de-pulmao\/\" \/>\n<meta property=\"og:locale\" content=\"pt_BR\" \/>\n<meta property=\"og:type\" content=\"article\" \/>\n<meta property=\"og:title\" content=\"Agosto Branco chama aten\u00e7\u00e3o para o c\u00e2ncer de pulm\u00e3o - Manchester FM 93,3\" \/>\n<meta property=\"og:description\" content=\"Tabagismo est\u00e1 entre os principais fatores de risco Institu\u00eddo h\u00e1 cinco anos, o Agosto Branco chama a aten\u00e7\u00e3o para a import\u00e2ncia da preven\u00e7\u00e3o do tipo de c\u00e2ncer que mais causa mortes no mundo: o de pulm\u00e3o. Foram 1,7 milh\u00e3o de v\u00edtimas no mundo em 2020, mais de 30 mil mortes apenas no Brasil, segundo a [&hellip;]\" \/>\n<meta property=\"og:url\" content=\"https:\/\/www.radiomanchester.com.br\/fm\/agosto-branco-chama-atencao-para-o-cancer-de-pulmao\/\" \/>\n<meta property=\"og:site_name\" content=\"Manchester FM 93,3\" \/>\n<meta property=\"article:published_time\" content=\"2022-08-12T09:30:00+00:00\" \/>\n<meta property=\"article:modified_time\" content=\"2022-08-11T01:10:49+00:00\" \/>\n<meta property=\"og:image\" content=\"https:\/\/www.radiomanchester.com.br\/fm\/wp-content\/uploads\/2022\/08\/tabagismo_cigarrro2708201166-300x179.jpg\" \/>\n<meta name=\"twitter:card\" content=\"summary_large_image\" \/>\n<meta name=\"twitter:label1\" content=\"Escrito por\" \/>\n\t<meta name=\"twitter:data1\" content=\"admin\" \/>\n\t<meta name=\"twitter:label2\" content=\"Est. tempo de leitura\" \/>\n\t<meta name=\"twitter:data2\" content=\"4 minutos\" \/>\n<script type=\"application\/ld+json\" class=\"yoast-schema-graph\">{\"@context\":\"https:\/\/schema.org\",\"@graph\":[{\"@type\":\"WebSite\",\"@id\":\"https:\/\/www.radiomanchester.com.br\/fm\/#website\",\"url\":\"https:\/\/www.radiomanchester.com.br\/fm\/\",\"name\":\"Manchester FM 93,3\",\"description\":\"Todo Mundo Ouve!\",\"potentialAction\":[{\"@type\":\"SearchAction\",\"target\":{\"@type\":\"EntryPoint\",\"urlTemplate\":\"https:\/\/www.radiomanchester.com.br\/fm\/?s={search_term_string}\"},\"query-input\":\"required name=search_term_string\"}],\"inLanguage\":\"pt-BR\"},{\"@type\":\"ImageObject\",\"@id\":\"https:\/\/www.radiomanchester.com.br\/fm\/agosto-branco-chama-atencao-para-o-cancer-de-pulmao\/#primaryimage\",\"inLanguage\":\"pt-BR\",\"url\":\"https:\/\/www.radiomanchester.com.br\/fm\/wp-content\/uploads\/2022\/08\/tabagismo_cigarrro2708201166-300x179.jpg\",\"contentUrl\":\"https:\/\/www.radiomanchester.com.br\/fm\/wp-content\/uploads\/2022\/08\/tabagismo_cigarrro2708201166-300x179.jpg\"},{\"@type\":\"WebPage\",\"@id\":\"https:\/\/www.radiomanchester.com.br\/fm\/agosto-branco-chama-atencao-para-o-cancer-de-pulmao\/#webpage\",\"url\":\"https:\/\/www.radiomanchester.com.br\/fm\/agosto-branco-chama-atencao-para-o-cancer-de-pulmao\/\",\"name\":\"Agosto Branco chama aten\u00e7\u00e3o para o c\u00e2ncer de pulm\u00e3o - Manchester FM 93,3\",\"isPartOf\":{\"@id\":\"https:\/\/www.radiomanchester.com.br\/fm\/#website\"},\"primaryImageOfPage\":{\"@id\":\"https:\/\/www.radiomanchester.com.br\/fm\/agosto-branco-chama-atencao-para-o-cancer-de-pulmao\/#primaryimage\"},\"datePublished\":\"2022-08-12T09:30:00+00:00\",\"dateModified\":\"2022-08-11T01:10:49+00:00\",\"author\":{\"@id\":\"https:\/\/www.radiomanchester.com.br\/fm\/#\/schema\/person\/408a7b4d4e32cbebd90e2782852abca3\"},\"breadcrumb\":{\"@id\":\"https:\/\/www.radiomanchester.com.br\/fm\/agosto-branco-chama-atencao-para-o-cancer-de-pulmao\/#breadcrumb\"},\"inLanguage\":\"pt-BR\",\"potentialAction\":[{\"@type\":\"ReadAction\",\"target\":[\"https:\/\/www.radiomanchester.com.br\/fm\/agosto-branco-chama-atencao-para-o-cancer-de-pulmao\/\"]}]},{\"@type\":\"BreadcrumbList\",\"@id\":\"https:\/\/www.radiomanchester.com.br\/fm\/agosto-branco-chama-atencao-para-o-cancer-de-pulmao\/#breadcrumb\",\"itemListElement\":[{\"@type\":\"ListItem\",\"position\":1,\"name\":\"Home\",\"item\":\"https:\/\/www.radiomanchester.com.br\/fm\/\"},{\"@type\":\"ListItem\",\"position\":2,\"name\":\"Agosto Branco chama aten\u00e7\u00e3o para o c\u00e2ncer de pulm\u00e3o\"}]},{\"@type\":\"Person\",\"@id\":\"https:\/\/www.radiomanchester.com.br\/fm\/#\/schema\/person\/408a7b4d4e32cbebd90e2782852abca3\",\"name\":\"admin\",\"image\":{\"@type\":\"ImageObject\",\"@id\":\"https:\/\/www.radiomanchester.com.br\/fm\/#personlogo\",\"inLanguage\":\"pt-BR\",\"url\":\"https:\/\/secure.gravatar.com\/avatar\/115a974dba3376872eb3addeb276301c?s=96&d=mm&r=g\",\"contentUrl\":\"https:\/\/secure.gravatar.com\/avatar\/115a974dba3376872eb3addeb276301c?s=96&d=mm&r=g\",\"caption\":\"admin\"},\"url\":\"https:\/\/www.radiomanchester.com.br\/fm\/author\/admin\/\"}]}<\/script>\n<!-- \/ Yoast SEO plugin. -->","yoast_head_json":{"title":"Agosto Branco chama aten\u00e7\u00e3o para o c\u00e2ncer de pulm\u00e3o - Manchester FM 93,3","robots":{"index":"index","follow":"follow","max-snippet":"max-snippet:-1","max-image-preview":"max-image-preview:large","max-video-preview":"max-video-preview:-1"},"canonical":"https:\/\/www.radiomanchester.com.br\/fm\/agosto-branco-chama-atencao-para-o-cancer-de-pulmao\/","og_locale":"pt_BR","og_type":"article","og_title":"Agosto Branco chama aten\u00e7\u00e3o para o c\u00e2ncer de pulm\u00e3o - Manchester FM 93,3","og_description":"Tabagismo est\u00e1 entre os principais fatores de risco Institu\u00eddo h\u00e1 cinco anos, o Agosto Branco chama a aten\u00e7\u00e3o para a import\u00e2ncia da preven\u00e7\u00e3o do tipo de c\u00e2ncer que mais causa mortes no mundo: o de pulm\u00e3o. Foram 1,7 milh\u00e3o de v\u00edtimas no mundo em 2020, mais de 30 mil mortes apenas no Brasil, segundo a [&hellip;]","og_url":"https:\/\/www.radiomanchester.com.br\/fm\/agosto-branco-chama-atencao-para-o-cancer-de-pulmao\/","og_site_name":"Manchester FM 93,3","article_published_time":"2022-08-12T09:30:00+00:00","article_modified_time":"2022-08-11T01:10:49+00:00","og_image":[{"url":"https:\/\/www.radiomanchester.com.br\/fm\/wp-content\/uploads\/2022\/08\/tabagismo_cigarrro2708201166-300x179.jpg"}],"twitter_card":"summary_large_image","twitter_misc":{"Escrito por":"admin","Est. tempo de leitura":"4 minutos"},"schema":{"@context":"https:\/\/schema.org","@graph":[{"@type":"WebSite","@id":"https:\/\/www.radiomanchester.com.br\/fm\/#website","url":"https:\/\/www.radiomanchester.com.br\/fm\/","name":"Manchester FM 93,3","description":"Todo Mundo Ouve!","potentialAction":[{"@type":"SearchAction","target":{"@type":"EntryPoint","urlTemplate":"https:\/\/www.radiomanchester.com.br\/fm\/?s={search_term_string}"},"query-input":"required name=search_term_string"}],"inLanguage":"pt-BR"},{"@type":"ImageObject","@id":"https:\/\/www.radiomanchester.com.br\/fm\/agosto-branco-chama-atencao-para-o-cancer-de-pulmao\/#primaryimage","inLanguage":"pt-BR","url":"https:\/\/www.radiomanchester.com.br\/fm\/wp-content\/uploads\/2022\/08\/tabagismo_cigarrro2708201166-300x179.jpg","contentUrl":"https:\/\/www.radiomanchester.com.br\/fm\/wp-content\/uploads\/2022\/08\/tabagismo_cigarrro2708201166-300x179.jpg"},{"@type":"WebPage","@id":"https:\/\/www.radiomanchester.com.br\/fm\/agosto-branco-chama-atencao-para-o-cancer-de-pulmao\/#webpage","url":"https:\/\/www.radiomanchester.com.br\/fm\/agosto-branco-chama-atencao-para-o-cancer-de-pulmao\/","name":"Agosto Branco chama aten\u00e7\u00e3o para o c\u00e2ncer de pulm\u00e3o - Manchester FM 93,3","isPartOf":{"@id":"https:\/\/www.radiomanchester.com.br\/fm\/#website"},"primaryImageOfPage":{"@id":"https:\/\/www.radiomanchester.com.br\/fm\/agosto-branco-chama-atencao-para-o-cancer-de-pulmao\/#primaryimage"},"datePublished":"2022-08-12T09:30:00+00:00","dateModified":"2022-08-11T01:10:49+00:00","author":{"@id":"https:\/\/www.radiomanchester.com.br\/fm\/#\/schema\/person\/408a7b4d4e32cbebd90e2782852abca3"},"breadcrumb":{"@id":"https:\/\/www.radiomanchester.com.br\/fm\/agosto-branco-chama-atencao-para-o-cancer-de-pulmao\/#breadcrumb"},"inLanguage":"pt-BR","potentialAction":[{"@type":"ReadAction","target":["https:\/\/www.radiomanchester.com.br\/fm\/agosto-branco-chama-atencao-para-o-cancer-de-pulmao\/"]}]},{"@type":"BreadcrumbList","@id":"https:\/\/www.radiomanchester.com.br\/fm\/agosto-branco-chama-atencao-para-o-cancer-de-pulmao\/#breadcrumb","itemListElement":[{"@type":"ListItem","position":1,"name":"Home","item":"https:\/\/www.radiomanchester.com.br\/fm\/"},{"@type":"ListItem","position":2,"name":"Agosto Branco chama aten\u00e7\u00e3o para o c\u00e2ncer de pulm\u00e3o"}]},{"@type":"Person","@id":"https:\/\/www.radiomanchester.com.br\/fm\/#\/schema\/person\/408a7b4d4e32cbebd90e2782852abca3","name":"admin","image":{"@type":"ImageObject","@id":"https:\/\/www.radiomanchester.com.br\/fm\/#personlogo","inLanguage":"pt-BR","url":"https:\/\/secure.gravatar.com\/avatar\/115a974dba3376872eb3addeb276301c?s=96&d=mm&r=g","contentUrl":"https:\/\/secure.gravatar.com\/avatar\/115a974dba3376872eb3addeb276301c?s=96&d=mm&r=g","caption":"admin"},"url":"https:\/\/www.radiomanchester.com.br\/fm\/author\/admin\/"}]}},"_links":{"self":[{"href":"https:\/\/www.radiomanchester.com.br\/fm\/wp-json\/wp\/v2\/posts\/8819"}],"collection":[{"href":"https:\/\/www.radiomanchester.com.br\/fm\/wp-json\/wp\/v2\/posts"}],"about":[{"href":"https:\/\/www.radiomanchester.com.br\/fm\/wp-json\/wp\/v2\/types\/post"}],"author":[{"embeddable":true,"href":"https:\/\/www.radiomanchester.com.br\/fm\/wp-json\/wp\/v2\/users\/1"}],"replies":[{"embeddable":true,"href":"https:\/\/www.radiomanchester.com.br\/fm\/wp-json\/wp\/v2\/comments?post=8819"}],"version-history":[{"count":1,"href":"https:\/\/www.radiomanchester.com.br\/fm\/wp-json\/wp\/v2\/posts\/8819\/revisions"}],"predecessor-version":[{"id":8821,"href":"https:\/\/www.radiomanchester.com.br\/fm\/wp-json\/wp\/v2\/posts\/8819\/revisions\/8821"}],"wp:attachment":[{"href":"https:\/\/www.radiomanchester.com.br\/fm\/wp-json\/wp\/v2\/media?parent=8819"}],"wp:term":[{"taxonomy":"category","embeddable":true,"href":"https:\/\/www.radiomanchester.com.br\/fm\/wp-json\/wp\/v2\/categories?post=8819"},{"taxonomy":"post_tag","embeddable":true,"href":"https:\/\/www.radiomanchester.com.br\/fm\/wp-json\/wp\/v2\/tags?post=8819"}],"curies":[{"name":"wp","href":"https:\/\/api.w.org\/{rel}","templated":true}]}}