{"id":8822,"date":"2022-08-12T14:53:33","date_gmt":"2022-08-12T17:53:33","guid":{"rendered":"https:\/\/www.radiomanchester.com.br\/fm\/?p=8822"},"modified":"2022-08-12T14:53:37","modified_gmt":"2022-08-12T17:53:37","slug":"morre-atirador-que-matou-uma-pessoas-e-baleou-outras-duas-em-ipameri","status":"publish","type":"post","link":"https:\/\/www.radiomanchester.com.br\/fm\/morre-atirador-que-matou-uma-pessoas-e-baleou-outras-duas-em-ipameri\/","title":{"rendered":"Morre atirador que matou uma pessoas e baleou outras duas em Ipameri"},"content":{"rendered":"\n<p><\/p>\n\n\n\n<p>Valdivino Cordeiro dos Santos, de 62 anos, que depois de colocar fogo e destruir a casa onde morava, invadiu um com\u00e9rcio e disparou v\u00e1rios tiros. Um homem morreu e outras duas pessoas foram baleadas. Depois disso, segundo a pol\u00edcia, o suspeito fugiu e chegou a confrontar com os policiais. Na sequ\u00eancia, tirou a pr\u00f3pria vida. O caso aconteceu nesta sexta-feira (12\/08), em Ipameri, regi\u00e3o Sudeste do estado.<\/p>\n\n\n\n<div style=\"height:100px\" aria-hidden=\"true\" class=\"wp-block-spacer\"><\/div>\n\n\n\n<p>De acordo com o radialista de Ipameri, Wadner Decursio, o idoso teria sido encontrado, confrontando com os policiais, sido atingido e ao ver que n\u00e3o teria sa\u00edda, atentou contra a pr\u00f3pria vida.<\/p>\n\n\n\n<div style=\"height:100px\" aria-hidden=\"true\" class=\"wp-block-spacer\"><\/div>\n\n\n\n<p>Valdivino chegou a ser socorrido, mas morreu num hospital da cidade.<\/p>\n\n\n\n<figure class=\"wp-block-image size-medium\"><img loading=\"lazy\" width=\"300\" height=\"230\" src=\"https:\/\/www.radiomanchester.com.br\/fm\/wp-content\/uploads\/2022\/08\/66784407-FB81-47B9-A83D-CD37178E2B9E-300x230.jpeg\" alt=\"\" class=\"wp-image-8823\" srcset=\"https:\/\/www.radiomanchester.com.br\/fm\/wp-content\/uploads\/2022\/08\/66784407-FB81-47B9-A83D-CD37178E2B9E-300x230.jpeg 300w, https:\/\/www.radiomanchester.com.br\/fm\/wp-content\/uploads\/2022\/08\/66784407-FB81-47B9-A83D-CD37178E2B9E-1024x784.jpeg 1024w, https:\/\/www.radiomanchester.com.br\/fm\/wp-content\/uploads\/2022\/08\/66784407-FB81-47B9-A83D-CD37178E2B9E-768x588.jpeg 768w, https:\/\/www.radiomanchester.com.br\/fm\/wp-content\/uploads\/2022\/08\/66784407-FB81-47B9-A83D-CD37178E2B9E.jpeg 1242w\" sizes=\"(max-width: 300px) 100vw, 300px\" \/><\/figure>\n\n\n\n<p>Por Reda\u00e7\u00e3o &#8211; imagem: reprodu\u00e7\u00e3o WhatsApp&nbsp;<\/p>\n","protected":false},"excerpt":{"rendered":"<p class=\"excerpt\">Valdivino Cordeiro dos Santos, de 62 anos, que depois de colocar fogo e destruir a casa onde morava, invadiu um com\u00e9rcio e disparou v\u00e1rios tiros. Um homem morreu e outras duas pessoas foram baleadas. Depois disso, segundo a pol\u00edcia, o suspeito fugiu e chegou a confrontar com os policiais. Na sequ\u00eancia, tirou a pr\u00f3pria vida. [&hellip;]<\/p>\n","protected":false},"author":1,"featured_media":0,"comment_status":"open","ping_status":"open","sticky":false,"template":"","format":"standard","meta":[],"categories":[8,17],"tags":[22,24,113,83,92],"yoast_head":"<!-- This site is optimized with the Yoast SEO plugin v18.3 - https:\/\/yoast.com\/wordpress\/plugins\/seo\/ -->\n<title>Morre atirador que matou uma pessoas e baleou outras duas em Ipameri - Manchester FM 93,3<\/title>\n<meta name=\"robots\" content=\"index, follow, max-snippet:-1, max-image-preview:large, max-video-preview:-1\" \/>\n<link rel=\"canonical\" href=\"https:\/\/www.radiomanchester.com.br\/fm\/morre-atirador-que-matou-uma-pessoas-e-baleou-outras-duas-em-ipameri\/\" \/>\n<meta property=\"og:locale\" content=\"pt_BR\" \/>\n<meta property=\"og:type\" content=\"article\" \/>\n<meta property=\"og:title\" content=\"Morre atirador que matou uma pessoas e baleou outras duas em Ipameri - Manchester FM 93,3\" \/>\n<meta property=\"og:description\" content=\"Valdivino Cordeiro dos Santos, de 62 anos, que depois de colocar fogo e destruir a casa onde morava, invadiu um com\u00e9rcio e disparou v\u00e1rios tiros. Um homem morreu e outras duas pessoas foram baleadas. Depois disso, segundo a pol\u00edcia, o suspeito fugiu e chegou a confrontar com os policiais. Na sequ\u00eancia, tirou a pr\u00f3pria vida. [&hellip;]\" \/>\n<meta property=\"og:url\" content=\"https:\/\/www.radiomanchester.com.br\/fm\/morre-atirador-que-matou-uma-pessoas-e-baleou-outras-duas-em-ipameri\/\" \/>\n<meta property=\"og:site_name\" content=\"Manchester FM 93,3\" \/>\n<meta property=\"article:published_time\" content=\"2022-08-12T17:53:33+00:00\" \/>\n<meta property=\"article:modified_time\" content=\"2022-08-12T17:53:37+00:00\" \/>\n<meta property=\"og:image\" content=\"https:\/\/www.radiomanchester.com.br\/fm\/wp-content\/uploads\/2022\/08\/66784407-FB81-47B9-A83D-CD37178E2B9E-300x230.jpeg\" \/>\n<meta name=\"twitter:card\" content=\"summary_large_image\" \/>\n<meta name=\"twitter:label1\" content=\"Escrito por\" \/>\n\t<meta name=\"twitter:data1\" content=\"admin\" \/>\n\t<meta name=\"twitter:label2\" content=\"Est. tempo de leitura\" \/>\n\t<meta name=\"twitter:data2\" content=\"1 minuto\" \/>\n<script type=\"application\/ld+json\" class=\"yoast-schema-graph\">{\"@context\":\"https:\/\/schema.org\",\"@graph\":[{\"@type\":\"WebSite\",\"@id\":\"https:\/\/www.radiomanchester.com.br\/fm\/#website\",\"url\":\"https:\/\/www.radiomanchester.com.br\/fm\/\",\"name\":\"Manchester FM 93,3\",\"description\":\"Todo Mundo Ouve!\",\"potentialAction\":[{\"@type\":\"SearchAction\",\"target\":{\"@type\":\"EntryPoint\",\"urlTemplate\":\"https:\/\/www.radiomanchester.com.br\/fm\/?s={search_term_string}\"},\"query-input\":\"required name=search_term_string\"}],\"inLanguage\":\"pt-BR\"},{\"@type\":\"ImageObject\",\"@id\":\"https:\/\/www.radiomanchester.com.br\/fm\/morre-atirador-que-matou-uma-pessoas-e-baleou-outras-duas-em-ipameri\/#primaryimage\",\"inLanguage\":\"pt-BR\",\"url\":\"https:\/\/www.radiomanchester.com.br\/fm\/wp-content\/uploads\/2022\/08\/66784407-FB81-47B9-A83D-CD37178E2B9E-300x230.jpeg\",\"contentUrl\":\"https:\/\/www.radiomanchester.com.br\/fm\/wp-content\/uploads\/2022\/08\/66784407-FB81-47B9-A83D-CD37178E2B9E-300x230.jpeg\"},{\"@type\":\"WebPage\",\"@id\":\"https:\/\/www.radiomanchester.com.br\/fm\/morre-atirador-que-matou-uma-pessoas-e-baleou-outras-duas-em-ipameri\/#webpage\",\"url\":\"https:\/\/www.radiomanchester.com.br\/fm\/morre-atirador-que-matou-uma-pessoas-e-baleou-outras-duas-em-ipameri\/\",\"name\":\"Morre atirador que matou uma pessoas e baleou outras duas em Ipameri - Manchester FM 93,3\",\"isPartOf\":{\"@id\":\"https:\/\/www.radiomanchester.com.br\/fm\/#website\"},\"primaryImageOfPage\":{\"@id\":\"https:\/\/www.radiomanchester.com.br\/fm\/morre-atirador-que-matou-uma-pessoas-e-baleou-outras-duas-em-ipameri\/#primaryimage\"},\"datePublished\":\"2022-08-12T17:53:33+00:00\",\"dateModified\":\"2022-08-12T17:53:37+00:00\",\"author\":{\"@id\":\"https:\/\/www.radiomanchester.com.br\/fm\/#\/schema\/person\/408a7b4d4e32cbebd90e2782852abca3\"},\"breadcrumb\":{\"@id\":\"https:\/\/www.radiomanchester.com.br\/fm\/morre-atirador-que-matou-uma-pessoas-e-baleou-outras-duas-em-ipameri\/#breadcrumb\"},\"inLanguage\":\"pt-BR\",\"potentialAction\":[{\"@type\":\"ReadAction\",\"target\":[\"https:\/\/www.radiomanchester.com.br\/fm\/morre-atirador-que-matou-uma-pessoas-e-baleou-outras-duas-em-ipameri\/\"]}]},{\"@type\":\"BreadcrumbList\",\"@id\":\"https:\/\/www.radiomanchester.com.br\/fm\/morre-atirador-que-matou-uma-pessoas-e-baleou-outras-duas-em-ipameri\/#breadcrumb\",\"itemListElement\":[{\"@type\":\"ListItem\",\"position\":1,\"name\":\"Home\",\"item\":\"https:\/\/www.radiomanchester.com.br\/fm\/\"},{\"@type\":\"ListItem\",\"position\":2,\"name\":\"Morre atirador que matou uma pessoas e baleou outras duas em Ipameri\"}]},{\"@type\":\"Person\",\"@id\":\"https:\/\/www.radiomanchester.com.br\/fm\/#\/schema\/person\/408a7b4d4e32cbebd90e2782852abca3\",\"name\":\"admin\",\"image\":{\"@type\":\"ImageObject\",\"@id\":\"https:\/\/www.radiomanchester.com.br\/fm\/#personlogo\",\"inLanguage\":\"pt-BR\",\"url\":\"https:\/\/secure.gravatar.com\/avatar\/115a974dba3376872eb3addeb276301c?s=96&d=mm&r=g\",\"contentUrl\":\"https:\/\/secure.gravatar.com\/avatar\/115a974dba3376872eb3addeb276301c?s=96&d=mm&r=g\",\"caption\":\"admin\"},\"url\":\"https:\/\/www.radiomanchester.com.br\/fm\/author\/admin\/\"}]}<\/script>\n<!-- \/ Yoast SEO plugin. -->","yoast_head_json":{"title":"Morre atirador que matou uma pessoas e baleou outras duas em Ipameri - Manchester FM 93,3","robots":{"index":"index","follow":"follow","max-snippet":"max-snippet:-1","max-image-preview":"max-image-preview:large","max-video-preview":"max-video-preview:-1"},"canonical":"https:\/\/www.radiomanchester.com.br\/fm\/morre-atirador-que-matou-uma-pessoas-e-baleou-outras-duas-em-ipameri\/","og_locale":"pt_BR","og_type":"article","og_title":"Morre atirador que matou uma pessoas e baleou outras duas em Ipameri - Manchester FM 93,3","og_description":"Valdivino Cordeiro dos Santos, de 62 anos, que depois de colocar fogo e destruir a casa onde morava, invadiu um com\u00e9rcio e disparou v\u00e1rios tiros. Um homem morreu e outras duas pessoas foram baleadas. Depois disso, segundo a pol\u00edcia, o suspeito fugiu e chegou a confrontar com os policiais. Na sequ\u00eancia, tirou a pr\u00f3pria vida. [&hellip;]","og_url":"https:\/\/www.radiomanchester.com.br\/fm\/morre-atirador-que-matou-uma-pessoas-e-baleou-outras-duas-em-ipameri\/","og_site_name":"Manchester FM 93,3","article_published_time":"2022-08-12T17:53:33+00:00","article_modified_time":"2022-08-12T17:53:37+00:00","og_image":[{"url":"https:\/\/www.radiomanchester.com.br\/fm\/wp-content\/uploads\/2022\/08\/66784407-FB81-47B9-A83D-CD37178E2B9E-300x230.jpeg"}],"twitter_card":"summary_large_image","twitter_misc":{"Escrito por":"admin","Est. tempo de leitura":"1 minuto"},"schema":{"@context":"https:\/\/schema.org","@graph":[{"@type":"WebSite","@id":"https:\/\/www.radiomanchester.com.br\/fm\/#website","url":"https:\/\/www.radiomanchester.com.br\/fm\/","name":"Manchester FM 93,3","description":"Todo Mundo Ouve!","potentialAction":[{"@type":"SearchAction","target":{"@type":"EntryPoint","urlTemplate":"https:\/\/www.radiomanchester.com.br\/fm\/?s={search_term_string}"},"query-input":"required name=search_term_string"}],"inLanguage":"pt-BR"},{"@type":"ImageObject","@id":"https:\/\/www.radiomanchester.com.br\/fm\/morre-atirador-que-matou-uma-pessoas-e-baleou-outras-duas-em-ipameri\/#primaryimage","inLanguage":"pt-BR","url":"https:\/\/www.radiomanchester.com.br\/fm\/wp-content\/uploads\/2022\/08\/66784407-FB81-47B9-A83D-CD37178E2B9E-300x230.jpeg","contentUrl":"https:\/\/www.radiomanchester.com.br\/fm\/wp-content\/uploads\/2022\/08\/66784407-FB81-47B9-A83D-CD37178E2B9E-300x230.jpeg"},{"@type":"WebPage","@id":"https:\/\/www.radiomanchester.com.br\/fm\/morre-atirador-que-matou-uma-pessoas-e-baleou-outras-duas-em-ipameri\/#webpage","url":"https:\/\/www.radiomanchester.com.br\/fm\/morre-atirador-que-matou-uma-pessoas-e-baleou-outras-duas-em-ipameri\/","name":"Morre atirador que matou uma pessoas e baleou outras duas em Ipameri - Manchester FM 93,3","isPartOf":{"@id":"https:\/\/www.radiomanchester.com.br\/fm\/#website"},"primaryImageOfPage":{"@id":"https:\/\/www.radiomanchester.com.br\/fm\/morre-atirador-que-matou-uma-pessoas-e-baleou-outras-duas-em-ipameri\/#primaryimage"},"datePublished":"2022-08-12T17:53:33+00:00","dateModified":"2022-08-12T17:53:37+00:00","author":{"@id":"https:\/\/www.radiomanchester.com.br\/fm\/#\/schema\/person\/408a7b4d4e32cbebd90e2782852abca3"},"breadcrumb":{"@id":"https:\/\/www.radiomanchester.com.br\/fm\/morre-atirador-que-matou-uma-pessoas-e-baleou-outras-duas-em-ipameri\/#breadcrumb"},"inLanguage":"pt-BR","potentialAction":[{"@type":"ReadAction","target":["https:\/\/www.radiomanchester.com.br\/fm\/morre-atirador-que-matou-uma-pessoas-e-baleou-outras-duas-em-ipameri\/"]}]},{"@type":"BreadcrumbList","@id":"https:\/\/www.radiomanchester.com.br\/fm\/morre-atirador-que-matou-uma-pessoas-e-baleou-outras-duas-em-ipameri\/#breadcrumb","itemListElement":[{"@type":"ListItem","position":1,"name":"Home","item":"https:\/\/www.radiomanchester.com.br\/fm\/"},{"@type":"ListItem","position":2,"name":"Morre atirador que matou uma pessoas e baleou outras duas em Ipameri"}]},{"@type":"Person","@id":"https:\/\/www.radiomanchester.com.br\/fm\/#\/schema\/person\/408a7b4d4e32cbebd90e2782852abca3","name":"admin","image":{"@type":"ImageObject","@id":"https:\/\/www.radiomanchester.com.br\/fm\/#personlogo","inLanguage":"pt-BR","url":"https:\/\/secure.gravatar.com\/avatar\/115a974dba3376872eb3addeb276301c?s=96&d=mm&r=g","contentUrl":"https:\/\/secure.gravatar.com\/avatar\/115a974dba3376872eb3addeb276301c?s=96&d=mm&r=g","caption":"admin"},"url":"https:\/\/www.radiomanchester.com.br\/fm\/author\/admin\/"}]}},"_links":{"self":[{"href":"https:\/\/www.radiomanchester.com.br\/fm\/wp-json\/wp\/v2\/posts\/8822"}],"collection":[{"href":"https:\/\/www.radiomanchester.com.br\/fm\/wp-json\/wp\/v2\/posts"}],"about":[{"href":"https:\/\/www.radiomanchester.com.br\/fm\/wp-json\/wp\/v2\/types\/post"}],"author":[{"embeddable":true,"href":"https:\/\/www.radiomanchester.com.br\/fm\/wp-json\/wp\/v2\/users\/1"}],"replies":[{"embeddable":true,"href":"https:\/\/www.radiomanchester.com.br\/fm\/wp-json\/wp\/v2\/comments?post=8822"}],"version-history":[{"count":1,"href":"https:\/\/www.radiomanchester.com.br\/fm\/wp-json\/wp\/v2\/posts\/8822\/revisions"}],"predecessor-version":[{"id":8824,"href":"https:\/\/www.radiomanchester.com.br\/fm\/wp-json\/wp\/v2\/posts\/8822\/revisions\/8824"}],"wp:attachment":[{"href":"https:\/\/www.radiomanchester.com.br\/fm\/wp-json\/wp\/v2\/media?parent=8822"}],"wp:term":[{"taxonomy":"category","embeddable":true,"href":"https:\/\/www.radiomanchester.com.br\/fm\/wp-json\/wp\/v2\/categories?post=8822"},{"taxonomy":"post_tag","embeddable":true,"href":"https:\/\/www.radiomanchester.com.br\/fm\/wp-json\/wp\/v2\/tags?post=8822"}],"curies":[{"name":"wp","href":"https:\/\/api.w.org\/{rel}","templated":true}]}}