{"id":8831,"date":"2022-08-14T22:36:17","date_gmt":"2022-08-15T01:36:17","guid":{"rendered":"https:\/\/www.radiomanchester.com.br\/fm\/?p=8831"},"modified":"2022-08-14T22:36:20","modified_gmt":"2022-08-15T01:36:20","slug":"entidade-alerta-para-risco-de-diabetes-em-gestantes","status":"publish","type":"post","link":"https:\/\/www.radiomanchester.com.br\/fm\/entidade-alerta-para-risco-de-diabetes-em-gestantes\/","title":{"rendered":"Entidade alerta para risco de diabetes em gestantes"},"content":{"rendered":"\n<p><\/p>\n\n\n\n<p><strong><em>Acompanhamento pr\u00e9-natal\u00a0e alimenta\u00e7\u00e3o saud\u00e1vel previnem doen\u00e7a<\/em><\/strong><\/p>\n\n\n\n<hr class=\"wp-block-separator\"\/>\n\n\n\n<p>Um dos momentos mais especiais na vida de uma mulher pode se tornar um pesadelo se os cuidados devidos n\u00e3o forem tomados. \u00c0s v\u00e9speras do dia da gestante, comemorado nesta segunda-feira (15\/08), a Sociedade Brasileira de Diabetes (SBD) alerta para a diabetes mellitus gestacional, que afeta 18% das gesta\u00e7\u00f5es no Brasil.<\/p>\n\n\n\n<div style=\"height:100px\" aria-hidden=\"true\" class=\"wp-block-spacer\"><\/div>\n\n\n\n<p>Condi\u00e7\u00e3o tempor\u00e1ria gerada pelas mudan\u00e7as no equil\u00edbrio hormonal durante a gravidez, a diabetes gestacional ocorre porque, em algumas mulheres, o p\u00e2ncreas n\u00e3o funciona direito na gesta\u00e7\u00e3o. Normalmente, o \u00f3rg\u00e3o produz mais insulina que o habitual nesse per\u00edodo para compensar os horm\u00f4nios da placenta que reduzem a subst\u00e2ncia no sangue. No entanto, em algumas gesta\u00e7\u00f5es, o mecanismo de compensa\u00e7\u00e3o n\u00e3o funciona, elevando as taxas de glicose.<\/p>\n\n\n\n<div style=\"height:100px\" aria-hidden=\"true\" class=\"wp-block-spacer\"><\/div>\n\n\n\n<p>O problema pode causar complica\u00e7\u00f5es tanto para a m\u00e3e como para o beb\u00ea. No curto prazo, a doen\u00e7a pode estimular o parto prematuro e at\u00e9 a pr\u00e9-ecl\u00e2mpsia. O beb\u00ea pode nascer acima do peso e sofrer de hipoglicemia e de desconforto respirat\u00f3rio.<\/p>\n\n\n\n<div style=\"height:100px\" aria-hidden=\"true\" class=\"wp-block-spacer\"><\/div>\n\n\n\n<p>A diabetes gestacional normalmente desaparece ap\u00f3s o parto, mas pode deixar sequelas duradouras. As mulheres com o problema t\u00eam mais chance de progredirem para a diabetes mellitus tipo 2. As crian\u00e7as tamb\u00e9m t\u00eam mais chances de desenvolverem a doen\u00e7a e de ficarem obesos.<\/p>\n\n\n\n<div style=\"height:100px\" aria-hidden=\"true\" class=\"wp-block-spacer\"><\/div>\n\n\n\n<p><strong>Recomenda\u00e7\u00f5es<\/strong><\/p>\n\n\n\n<p>A doen\u00e7a pode acometer qualquer mulher. Como nem sempre os sintomas s\u00e3o identific\u00e1veis, a SBD recomenda que todas as gestantes pesquisem a glicemia de jejum no in\u00edcio da gesta\u00e7\u00e3o e, a partir da 24\u00aa semana de gravidez (in\u00edcio do 6\u00ba m\u00eas). Elas tamb\u00e9m devem fazer o teste oral de toler\u00e2ncia \u00e0 glicose, que mede a glicemia ap\u00f3s est\u00edmulo da ingest\u00e3o de glicose.<\/p>\n\n\n\n<div style=\"height:100px\" aria-hidden=\"true\" class=\"wp-block-spacer\"><\/div>\n\n\n\n<p>As recomenda\u00e7\u00f5es principais, no entanto, s\u00e3o o pr\u00e9-natal e a alimenta\u00e7\u00e3o saud\u00e1vel. Quanto mais cedo o obstetra diagnosticar a doen\u00e7a e iniciar o tratamento, menores as chances de a m\u00e3e e o beb\u00ea sofrerem alguma complica\u00e7\u00e3o no curto e no longo prazo.<\/p>\n\n\n\n<div style=\"height:100px\" aria-hidden=\"true\" class=\"wp-block-spacer\"><\/div>\n\n\n\n<p>Al\u00e9m do controle das glicemias capilares, o tratamento da diabetes gestacional consiste num estilo de vida mais saud\u00e1vel, com atividade f\u00edsica e alimenta\u00e7\u00e3o regrada. As refei\u00e7\u00f5es devem ser fracionadas ao longo do dia. As gorduras devem dar lugar \u00e0s frutas, verduras, legumes e alimentos integrais. Se n\u00e3o houver contraindica\u00e7\u00e3o do obstetra, exerc\u00edcios f\u00edsicos moderados tamb\u00e9m devem fazer parte da rotina.<\/p>\n\n\n\n<div style=\"height:100px\" aria-hidden=\"true\" class=\"wp-block-spacer\"><\/div>\n\n\n\n<p>Na maior parte das vezes, esses cuidados dispensam a aplica\u00e7\u00e3o de insulina. Se, ainda assim, os n\u00edveis de glicose continuarem altos, o m\u00e9dico pode indicar a subst\u00e2ncia. A SBD alerta que as mulheres diab\u00e9ticas tipo 1 ou 2 que engravidam n\u00e3o s\u00e3o consideradas portadoras de diabetes gestacional porque essa doen\u00e7a s\u00f3 aparece ap\u00f3s o in\u00edcio da gravidez. As mulheres com altos n\u00edveis de glicemia na gesta\u00e7\u00e3o devem fazer um novo teste de sobrecarga de glicose seis semanas depois de darem \u00e0 luz.<\/p>\n\n\n\n<div style=\"height:100px\" aria-hidden=\"true\" class=\"wp-block-spacer\"><\/div>\n\n\n\n<p><strong>Perfil<\/strong><\/p>\n\n\n\n<p>Em todo o mundo, o problema afeta cerca de 15% das gesta\u00e7\u00f5es, segundo a International Diabetes Federation, o que representa 18 milh\u00f5es de nascimentos por ano. No entanto, a preval\u00eancia varia conforme a regi\u00e3o, indo de 9,5% na \u00c1frica para 26,6% no Sudeste Asi\u00e1tico. No Brasil, estima-se que a preval\u00eancia \u00e9 de 18%.<\/p>\n\n\n\n<div style=\"height:100px\" aria-hidden=\"true\" class=\"wp-block-spacer\"><\/div>\n\n\n\n<p>Para prevenir a doen\u00e7a, as mulheres devem prestar aten\u00e7\u00e3o a fatores de risco: hist\u00f3ria familiar de diabetes mellitus; glicose alterada em algum momento antes da gravidez; excesso de peso antes ou durante a gravidez; gravidez anterior com feto nascido com mais de 4 quilos; hist\u00f3rico de aborto espont\u00e2neo sem causa esclarecida; hipertens\u00e3o arterial; pr\u00e9-eclampsia ou eclampsia em gesta\u00e7\u00f5es anteriores; s\u00edndrome dos ov\u00e1rios polic\u00edsticos e uso de corticoides.<\/p>\n\n\n\n<figure class=\"wp-block-image size-medium\"><img loading=\"lazy\" width=\"300\" height=\"179\" src=\"https:\/\/www.radiomanchester.com.br\/fm\/wp-content\/uploads\/2022\/08\/924B34E6-B87A-49C5-980B-183AC1462881-300x179.jpeg\" alt=\"\" class=\"wp-image-8832\" srcset=\"https:\/\/www.radiomanchester.com.br\/fm\/wp-content\/uploads\/2022\/08\/924B34E6-B87A-49C5-980B-183AC1462881-300x179.jpeg 300w, https:\/\/www.radiomanchester.com.br\/fm\/wp-content\/uploads\/2022\/08\/924B34E6-B87A-49C5-980B-183AC1462881-1024x613.jpeg 1024w, https:\/\/www.radiomanchester.com.br\/fm\/wp-content\/uploads\/2022\/08\/924B34E6-B87A-49C5-980B-183AC1462881-768x459.jpeg 768w, https:\/\/www.radiomanchester.com.br\/fm\/wp-content\/uploads\/2022\/08\/924B34E6-B87A-49C5-980B-183AC1462881.jpeg 1170w\" sizes=\"(max-width: 300px) 100vw, 300px\" \/><\/figure>\n\n\n\n<p>Por Ag\u00eancia Brasil &#8211; foto: arquivo MDS&nbsp;<\/p>\n","protected":false},"excerpt":{"rendered":"<p class=\"excerpt\">Acompanhamento pr\u00e9-natal\u00a0e alimenta\u00e7\u00e3o saud\u00e1vel previnem doen\u00e7a Um dos momentos mais especiais na vida de uma mulher pode se tornar um pesadelo se os cuidados devidos n\u00e3o forem tomados. \u00c0s v\u00e9speras do dia da gestante, comemorado nesta segunda-feira (15\/08), a Sociedade Brasileira de Diabetes (SBD) alerta para a diabetes mellitus gestacional, que afeta 18% das gesta\u00e7\u00f5es [&hellip;]<\/p>\n","protected":false},"author":1,"featured_media":0,"comment_status":"open","ping_status":"open","sticky":false,"template":"","format":"standard","meta":[],"categories":[8,17],"tags":[22,24,113,83,92],"yoast_head":"<!-- This site is optimized with the Yoast SEO plugin v18.3 - https:\/\/yoast.com\/wordpress\/plugins\/seo\/ -->\n<title>Entidade alerta para risco de diabetes em gestantes - Manchester FM 93,3<\/title>\n<meta name=\"robots\" content=\"index, follow, max-snippet:-1, max-image-preview:large, max-video-preview:-1\" \/>\n<link rel=\"canonical\" href=\"https:\/\/www.radiomanchester.com.br\/fm\/entidade-alerta-para-risco-de-diabetes-em-gestantes\/\" \/>\n<meta property=\"og:locale\" content=\"pt_BR\" \/>\n<meta property=\"og:type\" content=\"article\" \/>\n<meta property=\"og:title\" content=\"Entidade alerta para risco de diabetes em gestantes - Manchester FM 93,3\" \/>\n<meta property=\"og:description\" content=\"Acompanhamento pr\u00e9-natal\u00a0e alimenta\u00e7\u00e3o saud\u00e1vel previnem doen\u00e7a Um dos momentos mais especiais na vida de uma mulher pode se tornar um pesadelo se os cuidados devidos n\u00e3o forem tomados. \u00c0s v\u00e9speras do dia da gestante, comemorado nesta segunda-feira (15\/08), a Sociedade Brasileira de Diabetes (SBD) alerta para a diabetes mellitus gestacional, que afeta 18% das gesta\u00e7\u00f5es [&hellip;]\" \/>\n<meta property=\"og:url\" content=\"https:\/\/www.radiomanchester.com.br\/fm\/entidade-alerta-para-risco-de-diabetes-em-gestantes\/\" \/>\n<meta property=\"og:site_name\" content=\"Manchester FM 93,3\" \/>\n<meta property=\"article:published_time\" content=\"2022-08-15T01:36:17+00:00\" \/>\n<meta property=\"article:modified_time\" content=\"2022-08-15T01:36:20+00:00\" \/>\n<meta property=\"og:image\" content=\"https:\/\/www.radiomanchester.com.br\/fm\/wp-content\/uploads\/2022\/08\/924B34E6-B87A-49C5-980B-183AC1462881-300x179.jpeg\" \/>\n<meta name=\"twitter:card\" content=\"summary_large_image\" \/>\n<meta name=\"twitter:label1\" content=\"Escrito por\" \/>\n\t<meta name=\"twitter:data1\" content=\"admin\" \/>\n\t<meta name=\"twitter:label2\" content=\"Est. tempo de leitura\" \/>\n\t<meta name=\"twitter:data2\" content=\"4 minutos\" \/>\n<script type=\"application\/ld+json\" class=\"yoast-schema-graph\">{\"@context\":\"https:\/\/schema.org\",\"@graph\":[{\"@type\":\"WebSite\",\"@id\":\"https:\/\/www.radiomanchester.com.br\/fm\/#website\",\"url\":\"https:\/\/www.radiomanchester.com.br\/fm\/\",\"name\":\"Manchester FM 93,3\",\"description\":\"Todo Mundo Ouve!\",\"potentialAction\":[{\"@type\":\"SearchAction\",\"target\":{\"@type\":\"EntryPoint\",\"urlTemplate\":\"https:\/\/www.radiomanchester.com.br\/fm\/?s={search_term_string}\"},\"query-input\":\"required name=search_term_string\"}],\"inLanguage\":\"pt-BR\"},{\"@type\":\"ImageObject\",\"@id\":\"https:\/\/www.radiomanchester.com.br\/fm\/entidade-alerta-para-risco-de-diabetes-em-gestantes\/#primaryimage\",\"inLanguage\":\"pt-BR\",\"url\":\"https:\/\/www.radiomanchester.com.br\/fm\/wp-content\/uploads\/2022\/08\/924B34E6-B87A-49C5-980B-183AC1462881-300x179.jpeg\",\"contentUrl\":\"https:\/\/www.radiomanchester.com.br\/fm\/wp-content\/uploads\/2022\/08\/924B34E6-B87A-49C5-980B-183AC1462881-300x179.jpeg\"},{\"@type\":\"WebPage\",\"@id\":\"https:\/\/www.radiomanchester.com.br\/fm\/entidade-alerta-para-risco-de-diabetes-em-gestantes\/#webpage\",\"url\":\"https:\/\/www.radiomanchester.com.br\/fm\/entidade-alerta-para-risco-de-diabetes-em-gestantes\/\",\"name\":\"Entidade alerta para risco de diabetes em gestantes - Manchester FM 93,3\",\"isPartOf\":{\"@id\":\"https:\/\/www.radiomanchester.com.br\/fm\/#website\"},\"primaryImageOfPage\":{\"@id\":\"https:\/\/www.radiomanchester.com.br\/fm\/entidade-alerta-para-risco-de-diabetes-em-gestantes\/#primaryimage\"},\"datePublished\":\"2022-08-15T01:36:17+00:00\",\"dateModified\":\"2022-08-15T01:36:20+00:00\",\"author\":{\"@id\":\"https:\/\/www.radiomanchester.com.br\/fm\/#\/schema\/person\/408a7b4d4e32cbebd90e2782852abca3\"},\"breadcrumb\":{\"@id\":\"https:\/\/www.radiomanchester.com.br\/fm\/entidade-alerta-para-risco-de-diabetes-em-gestantes\/#breadcrumb\"},\"inLanguage\":\"pt-BR\",\"potentialAction\":[{\"@type\":\"ReadAction\",\"target\":[\"https:\/\/www.radiomanchester.com.br\/fm\/entidade-alerta-para-risco-de-diabetes-em-gestantes\/\"]}]},{\"@type\":\"BreadcrumbList\",\"@id\":\"https:\/\/www.radiomanchester.com.br\/fm\/entidade-alerta-para-risco-de-diabetes-em-gestantes\/#breadcrumb\",\"itemListElement\":[{\"@type\":\"ListItem\",\"position\":1,\"name\":\"Home\",\"item\":\"https:\/\/www.radiomanchester.com.br\/fm\/\"},{\"@type\":\"ListItem\",\"position\":2,\"name\":\"Entidade alerta para risco de diabetes em gestantes\"}]},{\"@type\":\"Person\",\"@id\":\"https:\/\/www.radiomanchester.com.br\/fm\/#\/schema\/person\/408a7b4d4e32cbebd90e2782852abca3\",\"name\":\"admin\",\"image\":{\"@type\":\"ImageObject\",\"@id\":\"https:\/\/www.radiomanchester.com.br\/fm\/#personlogo\",\"inLanguage\":\"pt-BR\",\"url\":\"https:\/\/secure.gravatar.com\/avatar\/115a974dba3376872eb3addeb276301c?s=96&d=mm&r=g\",\"contentUrl\":\"https:\/\/secure.gravatar.com\/avatar\/115a974dba3376872eb3addeb276301c?s=96&d=mm&r=g\",\"caption\":\"admin\"},\"url\":\"https:\/\/www.radiomanchester.com.br\/fm\/author\/admin\/\"}]}<\/script>\n<!-- \/ Yoast SEO plugin. -->","yoast_head_json":{"title":"Entidade alerta para risco de diabetes em gestantes - Manchester FM 93,3","robots":{"index":"index","follow":"follow","max-snippet":"max-snippet:-1","max-image-preview":"max-image-preview:large","max-video-preview":"max-video-preview:-1"},"canonical":"https:\/\/www.radiomanchester.com.br\/fm\/entidade-alerta-para-risco-de-diabetes-em-gestantes\/","og_locale":"pt_BR","og_type":"article","og_title":"Entidade alerta para risco de diabetes em gestantes - Manchester FM 93,3","og_description":"Acompanhamento pr\u00e9-natal\u00a0e alimenta\u00e7\u00e3o saud\u00e1vel previnem doen\u00e7a Um dos momentos mais especiais na vida de uma mulher pode se tornar um pesadelo se os cuidados devidos n\u00e3o forem tomados. \u00c0s v\u00e9speras do dia da gestante, comemorado nesta segunda-feira (15\/08), a Sociedade Brasileira de Diabetes (SBD) alerta para a diabetes mellitus gestacional, que afeta 18% das gesta\u00e7\u00f5es [&hellip;]","og_url":"https:\/\/www.radiomanchester.com.br\/fm\/entidade-alerta-para-risco-de-diabetes-em-gestantes\/","og_site_name":"Manchester FM 93,3","article_published_time":"2022-08-15T01:36:17+00:00","article_modified_time":"2022-08-15T01:36:20+00:00","og_image":[{"url":"https:\/\/www.radiomanchester.com.br\/fm\/wp-content\/uploads\/2022\/08\/924B34E6-B87A-49C5-980B-183AC1462881-300x179.jpeg"}],"twitter_card":"summary_large_image","twitter_misc":{"Escrito por":"admin","Est. tempo de leitura":"4 minutos"},"schema":{"@context":"https:\/\/schema.org","@graph":[{"@type":"WebSite","@id":"https:\/\/www.radiomanchester.com.br\/fm\/#website","url":"https:\/\/www.radiomanchester.com.br\/fm\/","name":"Manchester FM 93,3","description":"Todo Mundo Ouve!","potentialAction":[{"@type":"SearchAction","target":{"@type":"EntryPoint","urlTemplate":"https:\/\/www.radiomanchester.com.br\/fm\/?s={search_term_string}"},"query-input":"required name=search_term_string"}],"inLanguage":"pt-BR"},{"@type":"ImageObject","@id":"https:\/\/www.radiomanchester.com.br\/fm\/entidade-alerta-para-risco-de-diabetes-em-gestantes\/#primaryimage","inLanguage":"pt-BR","url":"https:\/\/www.radiomanchester.com.br\/fm\/wp-content\/uploads\/2022\/08\/924B34E6-B87A-49C5-980B-183AC1462881-300x179.jpeg","contentUrl":"https:\/\/www.radiomanchester.com.br\/fm\/wp-content\/uploads\/2022\/08\/924B34E6-B87A-49C5-980B-183AC1462881-300x179.jpeg"},{"@type":"WebPage","@id":"https:\/\/www.radiomanchester.com.br\/fm\/entidade-alerta-para-risco-de-diabetes-em-gestantes\/#webpage","url":"https:\/\/www.radiomanchester.com.br\/fm\/entidade-alerta-para-risco-de-diabetes-em-gestantes\/","name":"Entidade alerta para risco de diabetes em gestantes - Manchester FM 93,3","isPartOf":{"@id":"https:\/\/www.radiomanchester.com.br\/fm\/#website"},"primaryImageOfPage":{"@id":"https:\/\/www.radiomanchester.com.br\/fm\/entidade-alerta-para-risco-de-diabetes-em-gestantes\/#primaryimage"},"datePublished":"2022-08-15T01:36:17+00:00","dateModified":"2022-08-15T01:36:20+00:00","author":{"@id":"https:\/\/www.radiomanchester.com.br\/fm\/#\/schema\/person\/408a7b4d4e32cbebd90e2782852abca3"},"breadcrumb":{"@id":"https:\/\/www.radiomanchester.com.br\/fm\/entidade-alerta-para-risco-de-diabetes-em-gestantes\/#breadcrumb"},"inLanguage":"pt-BR","potentialAction":[{"@type":"ReadAction","target":["https:\/\/www.radiomanchester.com.br\/fm\/entidade-alerta-para-risco-de-diabetes-em-gestantes\/"]}]},{"@type":"BreadcrumbList","@id":"https:\/\/www.radiomanchester.com.br\/fm\/entidade-alerta-para-risco-de-diabetes-em-gestantes\/#breadcrumb","itemListElement":[{"@type":"ListItem","position":1,"name":"Home","item":"https:\/\/www.radiomanchester.com.br\/fm\/"},{"@type":"ListItem","position":2,"name":"Entidade alerta para risco de diabetes em gestantes"}]},{"@type":"Person","@id":"https:\/\/www.radiomanchester.com.br\/fm\/#\/schema\/person\/408a7b4d4e32cbebd90e2782852abca3","name":"admin","image":{"@type":"ImageObject","@id":"https:\/\/www.radiomanchester.com.br\/fm\/#personlogo","inLanguage":"pt-BR","url":"https:\/\/secure.gravatar.com\/avatar\/115a974dba3376872eb3addeb276301c?s=96&d=mm&r=g","contentUrl":"https:\/\/secure.gravatar.com\/avatar\/115a974dba3376872eb3addeb276301c?s=96&d=mm&r=g","caption":"admin"},"url":"https:\/\/www.radiomanchester.com.br\/fm\/author\/admin\/"}]}},"_links":{"self":[{"href":"https:\/\/www.radiomanchester.com.br\/fm\/wp-json\/wp\/v2\/posts\/8831"}],"collection":[{"href":"https:\/\/www.radiomanchester.com.br\/fm\/wp-json\/wp\/v2\/posts"}],"about":[{"href":"https:\/\/www.radiomanchester.com.br\/fm\/wp-json\/wp\/v2\/types\/post"}],"author":[{"embeddable":true,"href":"https:\/\/www.radiomanchester.com.br\/fm\/wp-json\/wp\/v2\/users\/1"}],"replies":[{"embeddable":true,"href":"https:\/\/www.radiomanchester.com.br\/fm\/wp-json\/wp\/v2\/comments?post=8831"}],"version-history":[{"count":1,"href":"https:\/\/www.radiomanchester.com.br\/fm\/wp-json\/wp\/v2\/posts\/8831\/revisions"}],"predecessor-version":[{"id":8833,"href":"https:\/\/www.radiomanchester.com.br\/fm\/wp-json\/wp\/v2\/posts\/8831\/revisions\/8833"}],"wp:attachment":[{"href":"https:\/\/www.radiomanchester.com.br\/fm\/wp-json\/wp\/v2\/media?parent=8831"}],"wp:term":[{"taxonomy":"category","embeddable":true,"href":"https:\/\/www.radiomanchester.com.br\/fm\/wp-json\/wp\/v2\/categories?post=8831"},{"taxonomy":"post_tag","embeddable":true,"href":"https:\/\/www.radiomanchester.com.br\/fm\/wp-json\/wp\/v2\/tags?post=8831"}],"curies":[{"name":"wp","href":"https:\/\/api.w.org\/{rel}","templated":true}]}}