{"id":8835,"date":"2022-08-15T12:28:10","date_gmt":"2022-08-15T15:28:10","guid":{"rendered":"https:\/\/www.radiomanchester.com.br\/fm\/?p=8835"},"modified":"2022-08-15T12:28:14","modified_gmt":"2022-08-15T15:28:14","slug":"enel-alerta-para-o-risco-de-queimadas-proximo-a-rede-eletrica","status":"publish","type":"post","link":"https:\/\/www.radiomanchester.com.br\/fm\/enel-alerta-para-o-risco-de-queimadas-proximo-a-rede-eletrica\/","title":{"rendered":"Enel alerta para o risco de queimadas pr\u00f3ximo \u00e0 rede el\u00e9trica"},"content":{"rendered":"\n<p><\/p>\n\n\n\n<p><strong><em>Meses de agosto, setembro e outubro concentram inc\u00eandios no Estado por conta do calor e tempo seco<\/em><\/strong><\/p>\n\n\n\n<hr class=\"wp-block-separator\"\/>\n\n\n\n<p>Com as altas temperaturas e a baixa umidade do ar, que s\u00e3o caracter\u00edsticas do per\u00edodo entre agosto e outubro, Goi\u00e1s entra em alerta devido os riscos de inc\u00eandios. O calor e a falta de umidade ressecam a vegeta\u00e7\u00e3o, tornando-a potencialmente mais prop\u00edcia a inc\u00eandios. Al\u00e9m disso, a a\u00e7\u00e3o humana \u00e9 respons\u00e1vel por grande parte das queimadas registradas no Estado. O fogo pr\u00f3ximo \u00e0 fia\u00e7\u00e3o el\u00e9trica pode causar curtos-circuitos, levando ao desarme do sistema el\u00e9trico?ou at\u00e9 mesmo?a?danos estruturais, impactando diretamente no abastecimento de energia.\u00a0\u00a0<\/p>\n\n\n\n<div style=\"height:100px\" aria-hidden=\"true\" class=\"wp-block-spacer\"><\/div>\n\n\n\n<p>Somente entre janeiro e agosto, a Enel Distribui\u00e7\u00e3o Goi\u00e1s registrou cerca de 60 ocorr\u00eancias causadas por queimadas pr\u00f3ximas \u00e0 rede el\u00e9trica e impactaram o servi\u00e7o para cerca de 37 mil clientes em todo o Estado. Do total de ocorr\u00eancias, 15% aconteceram nos primeiros 10 dias de agosto. Os munic\u00edpios mais atingidos, por enquanto, foram: An\u00e1polis, Goi\u00e2nia, Caldas Novas e Morrinhos. O Diretor de Infraestrutura e Redes da Enel Goi\u00e1s, Jos\u00e9 Luis Salas, destaca que os dados dos \u00faltimos anos apontam que a regi\u00e3o Sul e Sudoeste do Estado s\u00e3o as mais impactadas nesses meses mais secos do ano.\u00a0\u00a0<\/p>\n\n\n\n<div style=\"height:100px\" aria-hidden=\"true\" class=\"wp-block-spacer\"><\/div>\n\n\n\n<p>O sistema el\u00e9trico \u00e9 muito sens\u00edvel \u00e0s queimadas e, para reduzir os poss\u00edveis danos provocados pelo fogo, a companhia realiza anualmente a\u00e7\u00f5es preventivas, investindo na limpeza de faixas de servid\u00e3o, poda de \u00e1rvores e remo\u00e7\u00e3o da vegeta\u00e7\u00e3o ao redor dos postes e sob os fios. O diretor acrescenta que o calor do fogo, mesmo que as chamas n\u00e3o incidam diretamente sob a rede el\u00e9trica, pode danificar cabos e estruturas, trazendo problemas imediatos e at\u00e9 futuros. \u201cQuando um foco de inc\u00eandio \u00e9 identificado pr\u00f3ximo \u00e0 rede pelo nosso monitoramento, o Corpo de Bombeiros \u00e9 acionado, assim como equipes de atendimento da distribuidora, para atuar de forma r\u00e1pida caso o fogo provoque a interrup\u00e7\u00e3o do fornecimento de energia\u201d, completa Salas.\u00a0<\/p>\n\n\n\n<div style=\"height:100px\" aria-hidden=\"true\" class=\"wp-block-spacer\"><\/div>\n\n\n\n<p>Jos\u00e9 Luis Salas, explica, ainda, que para diminuir os impactos sentidos pelos clientes, a Enel monitora, em tempo real, 24 horas por dia, os focos de queimadas pr\u00f3ximas \u00e0 rede em todo o Estado. O monitoramento \u00e9 realizado pelo Centro de Opera\u00e7\u00f5es da companhia, a partir de sat\u00e9lite, com dados fornecidos pelo Instituto Nacional de Pesquisas Espaciais (Inpe) e pela Climatempo, e serve para otimizar o servi\u00e7o em caso de interrup\u00e7\u00e3o no fornecimento de energia. \u201cNosso trabalho \u00e9 contribuir para evitar que as queimadas aconte\u00e7am. Os inc\u00eandios, al\u00e9m de todo o preju\u00edzo trazido para os produtores rurais e para o ecossistema, tamb\u00e9m danificam a rede el\u00e9trica e podem provocar grandes desligamentos. Um foco de queimada sob a rede pode levar horas para ser controlado e, caso haja interrup\u00e7\u00e3o do fornecimento, nossos t\u00e9cnicos s\u00f3 podem atuar ap\u00f3s o trabalho dos bombeiros no controle total das chamas\u201d, ressalta o diretor.\u00a0\u00a0<\/p>\n\n\n\n<div style=\"height:100px\" aria-hidden=\"true\" class=\"wp-block-spacer\"><\/div>\n\n\n\n<p>Atenta a esse cen\u00e1rio, a Enel Distribui\u00e7\u00e3o Goi\u00e1s integra o Comit\u00ea T\u00e9cnico de Preven\u00e7\u00e3o e Combate a Focos de Inc\u00eandio na Zona Rural do Estado de Goi\u00e1s, criado pela Secretaria de Estado de Agricultura, Pecu\u00e1ria e Abastecimento (Seapa) desde julho de 2021. A distribuidora tamb\u00e9m iniciou uma campanha de conscientiza\u00e7\u00e3o, que conta com participa\u00e7\u00e3o dos humoristas Nilton Pinto e Tom Carvalho<strong> &#8211; assista ao v\u00eddeo <a href=\"https:\/\/youtu.be\/midEvN4jO5s\" target=\"_blank\" rel=\"noreferrer noopener\">Combate \u00e0s queimadas na zona rural<\/a>.<\/strong><\/p>\n\n\n\n<div style=\"height:100px\" aria-hidden=\"true\" class=\"wp-block-spacer\"><\/div>\n\n\n\n<p>Em 2022, a Enel tamb\u00e9m firmou parceria piloto com o Sindicato Rural de Jata\u00ed para atuarem conjuntamente na preven\u00e7\u00e3o e no combate aos inc\u00eandios na zona rural da regi\u00e3o durante o per\u00edodo de seca. A iniciativa refor\u00e7a o compromisso da companhia de estar cada vez mais pr\u00f3xima do povo e das entidades goianas, atendendo as demandas de cada localidade e contribuindo para o desenvolvimento do Estado. Para o presidente do Sindicato Rural de Jata\u00ed, V\u00edtor Gaiardo, esta a\u00e7\u00e3o \u00e9 fruto de um trabalho feito a v\u00e1rias m\u00e3os, entre sindicato, produtores rurais e Enel, com um \u00fanico objetivo: o de reduzir a incid\u00eancia de queimadas na regi\u00e3o. \u201cO Sindicato e os pr\u00f3prios produtores identificaram pontos onde h\u00e1 o risco de inc\u00eandios, principalmente pelo contato de \u00e1rvores com a rede, e n\u00f3s repassamos as demandas para a companhia. Muitos desses locais s\u00e3o em \u00e1reas ambientais, onde s\u00f3 a companhia pode acessar. Prontamente, a Enel se disp\u00f4s a desenvolver, junto conosco, esse plano de a\u00e7\u00e3o para incluir esses trechos no Plano de Manuten\u00e7\u00e3o e diminuir a incid\u00eancia de queimadas relacionadas \u00e0 rede el\u00e9trica na nossa regi\u00e3o\u201d, pontua.\u00a0\u00a0\u00a0<\/p>\n\n\n\n<div style=\"height:100px\" aria-hidden=\"true\" class=\"wp-block-spacer\"><\/div>\n\n\n\n<p><strong>Cuidados&nbsp;<\/strong>&nbsp;<\/p>\n\n\n\n<p>Em \u00e1reas urbanas, a maior parte das queimadas ocorre em lotes baldios onde h\u00e1 muita vegeta\u00e7\u00e3o e, muitas vezes, ac\u00famulo de lixo. Por isso, \u00e9 importante que seja feita a limpeza dos terrenos e o descarte adequado desses res\u00edduos, a fim de evitar pequenos inc\u00eandios pr\u00f3ximos \u00e0 rede.??\u00a0\u00a0<\/p>\n\n\n\n<div style=\"height:100px\" aria-hidden=\"true\" class=\"wp-block-spacer\"><\/div>\n\n\n\n<p>Na zona rural, a abertura de aceiros pr\u00f3ximo de cercas e estradas tamb\u00e9m \u00e9 fundamental para auxiliar na preven\u00e7\u00e3o \u00e0s queimadas. Em caso de inc\u00eandio, a faixa de terra livre de vegeta\u00e7\u00e3o ajuda no controle ou extin\u00e7\u00e3o dos focos, diminuindo as \u00e1reas atingidas e os preju\u00edzos financeiros e ambientais.\u00a0<\/p>\n\n\n\n<div style=\"height:100px\" aria-hidden=\"true\" class=\"wp-block-spacer\"><\/div>\n\n\n\n<p>Para comunicar ocorr\u00eancias, solicitar servi\u00e7os ou informa\u00e7\u00f5es, a popula\u00e7\u00e3o pode entrar em contato com a distribuidora pela Central de Atendimento \u2013 0800-062-0196 \u2013 ou pelos perfis nas redes sociais Facebook (<a href=\"http:\/\/www.facebook.com\/EnelClientesBR\" target=\"_blank\" rel=\"noreferrer noopener\">www.facebook.com\/EnelClientesBR<\/a>) e Twitter (@EnelClientesBR).??E para saber mais sobre seguran\u00e7a, basta acessar <a href=\"http:\/\/www.enel.com.br\/pt\/movimentopelaseguranca\" target=\"_blank\" rel=\"noreferrer noopener\">www.enel.com.br\/pt\/movimentopelaseguranca<\/a>.&nbsp;<\/p>\n\n\n\n<p><strong>Sobre a Enel Distribui\u00e7\u00e3o Goi\u00e1s??<\/strong>\u00a0 <\/p>\n\n\n\n<p><em>A Enel Distribui\u00e7\u00e3o Goi\u00e1s, subsidi\u00e1ria da multinacional italiana Enel, atende 237 munic\u00edpios do Estado de Goi\u00e1s, abrangendo 98,7% do territ\u00f3rio estadual, com cobertura de uma \u00e1rea de 336.871 km\u00b2. A Regi\u00e3o Metropolitana de Goi\u00e2nia representa a maior concentra\u00e7\u00e3o do total de 3 milh\u00f5es de clientes atendidos pela companhia.<\/em>\u00a0<br><br><em>A Enel Distribui\u00e7\u00e3o Goi\u00e1s, subsidi\u00e1ria da multinacional italiana Enel, atende 237 munic\u00edpios do Estado de Goi\u00e1s, abrangendo 98,7% do territ\u00f3rio estadual, com cobertura de uma \u00e1rea de 336.871 km\u00b2. A Regi\u00e3o Metropolitana de Goi\u00e2nia representa a maior concentra\u00e7\u00e3o do total de 3 milh\u00f5es de clientes atendidos pela companhia.<\/em>\u00a0<\/p>\n\n\n\n<figure class=\"wp-block-image size-medium is-resized\"><img loading=\"lazy\" src=\"https:\/\/www.radiomanchester.com.br\/fm\/wp-content\/uploads\/2022\/08\/9D3A715F-45DB-4457-8764-CEB6F928BA3E-300x225.jpeg\" alt=\"\" class=\"wp-image-8836\" width=\"300\" height=\"225\" srcset=\"https:\/\/www.radiomanchester.com.br\/fm\/wp-content\/uploads\/2022\/08\/9D3A715F-45DB-4457-8764-CEB6F928BA3E-300x225.jpeg 300w, https:\/\/www.radiomanchester.com.br\/fm\/wp-content\/uploads\/2022\/08\/9D3A715F-45DB-4457-8764-CEB6F928BA3E-1024x768.jpeg 1024w, https:\/\/www.radiomanchester.com.br\/fm\/wp-content\/uploads\/2022\/08\/9D3A715F-45DB-4457-8764-CEB6F928BA3E-768x576.jpeg 768w, https:\/\/www.radiomanchester.com.br\/fm\/wp-content\/uploads\/2022\/08\/9D3A715F-45DB-4457-8764-CEB6F928BA3E.jpeg 1280w\" sizes=\"(max-width: 300px) 100vw, 300px\" \/><figcaption>foto:  enel <\/figcaption><\/figure>\n\n\n\n<p>por Enel  &#8211; foto: Enel <\/p>\n","protected":false},"excerpt":{"rendered":"<p class=\"excerpt\">Meses de agosto, setembro e outubro concentram inc\u00eandios no Estado por conta do calor e tempo seco Com as altas temperaturas e a baixa umidade do ar, que s\u00e3o caracter\u00edsticas do per\u00edodo entre agosto e outubro, Goi\u00e1s entra em alerta devido os riscos de inc\u00eandios. O calor e a falta de umidade ressecam a vegeta\u00e7\u00e3o, [&hellip;]<\/p>\n","protected":false},"author":1,"featured_media":0,"comment_status":"open","ping_status":"open","sticky":false,"template":"","format":"standard","meta":[],"categories":[8,17],"tags":[22,24,113,83,92],"yoast_head":"<!-- This site is optimized with the Yoast SEO plugin v18.3 - https:\/\/yoast.com\/wordpress\/plugins\/seo\/ -->\n<title>Enel alerta para o risco de queimadas pr\u00f3ximo \u00e0 rede el\u00e9trica - Manchester FM 93,3<\/title>\n<meta name=\"robots\" content=\"index, follow, max-snippet:-1, max-image-preview:large, max-video-preview:-1\" \/>\n<link rel=\"canonical\" href=\"https:\/\/www.radiomanchester.com.br\/fm\/enel-alerta-para-o-risco-de-queimadas-proximo-a-rede-eletrica\/\" \/>\n<meta property=\"og:locale\" content=\"pt_BR\" \/>\n<meta property=\"og:type\" content=\"article\" \/>\n<meta property=\"og:title\" content=\"Enel alerta para o risco de queimadas pr\u00f3ximo \u00e0 rede el\u00e9trica - Manchester FM 93,3\" \/>\n<meta property=\"og:description\" content=\"Meses de agosto, setembro e outubro concentram inc\u00eandios no Estado por conta do calor e tempo seco Com as altas temperaturas e a baixa umidade do ar, que s\u00e3o caracter\u00edsticas do per\u00edodo entre agosto e outubro, Goi\u00e1s entra em alerta devido os riscos de inc\u00eandios. O calor e a falta de umidade ressecam a vegeta\u00e7\u00e3o, [&hellip;]\" \/>\n<meta property=\"og:url\" content=\"https:\/\/www.radiomanchester.com.br\/fm\/enel-alerta-para-o-risco-de-queimadas-proximo-a-rede-eletrica\/\" \/>\n<meta property=\"og:site_name\" content=\"Manchester FM 93,3\" \/>\n<meta property=\"article:published_time\" content=\"2022-08-15T15:28:10+00:00\" \/>\n<meta property=\"article:modified_time\" content=\"2022-08-15T15:28:14+00:00\" \/>\n<meta property=\"og:image\" content=\"https:\/\/www.radiomanchester.com.br\/fm\/wp-content\/uploads\/2022\/08\/9D3A715F-45DB-4457-8764-CEB6F928BA3E-300x225.jpeg\" \/>\n<meta name=\"twitter:card\" content=\"summary_large_image\" \/>\n<meta name=\"twitter:label1\" content=\"Escrito por\" \/>\n\t<meta name=\"twitter:data1\" content=\"admin\" \/>\n\t<meta name=\"twitter:label2\" content=\"Est. tempo de leitura\" \/>\n\t<meta name=\"twitter:data2\" content=\"6 minutos\" \/>\n<script type=\"application\/ld+json\" class=\"yoast-schema-graph\">{\"@context\":\"https:\/\/schema.org\",\"@graph\":[{\"@type\":\"WebSite\",\"@id\":\"https:\/\/www.radiomanchester.com.br\/fm\/#website\",\"url\":\"https:\/\/www.radiomanchester.com.br\/fm\/\",\"name\":\"Manchester FM 93,3\",\"description\":\"Todo Mundo Ouve!\",\"potentialAction\":[{\"@type\":\"SearchAction\",\"target\":{\"@type\":\"EntryPoint\",\"urlTemplate\":\"https:\/\/www.radiomanchester.com.br\/fm\/?s={search_term_string}\"},\"query-input\":\"required name=search_term_string\"}],\"inLanguage\":\"pt-BR\"},{\"@type\":\"ImageObject\",\"@id\":\"https:\/\/www.radiomanchester.com.br\/fm\/enel-alerta-para-o-risco-de-queimadas-proximo-a-rede-eletrica\/#primaryimage\",\"inLanguage\":\"pt-BR\",\"url\":\"https:\/\/www.radiomanchester.com.br\/fm\/wp-content\/uploads\/2022\/08\/9D3A715F-45DB-4457-8764-CEB6F928BA3E.jpeg\",\"contentUrl\":\"https:\/\/www.radiomanchester.com.br\/fm\/wp-content\/uploads\/2022\/08\/9D3A715F-45DB-4457-8764-CEB6F928BA3E.jpeg\",\"width\":1280,\"height\":960},{\"@type\":\"WebPage\",\"@id\":\"https:\/\/www.radiomanchester.com.br\/fm\/enel-alerta-para-o-risco-de-queimadas-proximo-a-rede-eletrica\/#webpage\",\"url\":\"https:\/\/www.radiomanchester.com.br\/fm\/enel-alerta-para-o-risco-de-queimadas-proximo-a-rede-eletrica\/\",\"name\":\"Enel alerta para o risco de queimadas pr\u00f3ximo \u00e0 rede el\u00e9trica - Manchester FM 93,3\",\"isPartOf\":{\"@id\":\"https:\/\/www.radiomanchester.com.br\/fm\/#website\"},\"primaryImageOfPage\":{\"@id\":\"https:\/\/www.radiomanchester.com.br\/fm\/enel-alerta-para-o-risco-de-queimadas-proximo-a-rede-eletrica\/#primaryimage\"},\"datePublished\":\"2022-08-15T15:28:10+00:00\",\"dateModified\":\"2022-08-15T15:28:14+00:00\",\"author\":{\"@id\":\"https:\/\/www.radiomanchester.com.br\/fm\/#\/schema\/person\/408a7b4d4e32cbebd90e2782852abca3\"},\"breadcrumb\":{\"@id\":\"https:\/\/www.radiomanchester.com.br\/fm\/enel-alerta-para-o-risco-de-queimadas-proximo-a-rede-eletrica\/#breadcrumb\"},\"inLanguage\":\"pt-BR\",\"potentialAction\":[{\"@type\":\"ReadAction\",\"target\":[\"https:\/\/www.radiomanchester.com.br\/fm\/enel-alerta-para-o-risco-de-queimadas-proximo-a-rede-eletrica\/\"]}]},{\"@type\":\"BreadcrumbList\",\"@id\":\"https:\/\/www.radiomanchester.com.br\/fm\/enel-alerta-para-o-risco-de-queimadas-proximo-a-rede-eletrica\/#breadcrumb\",\"itemListElement\":[{\"@type\":\"ListItem\",\"position\":1,\"name\":\"Home\",\"item\":\"https:\/\/www.radiomanchester.com.br\/fm\/\"},{\"@type\":\"ListItem\",\"position\":2,\"name\":\"Enel alerta para o risco de queimadas pr\u00f3ximo \u00e0 rede el\u00e9trica\"}]},{\"@type\":\"Person\",\"@id\":\"https:\/\/www.radiomanchester.com.br\/fm\/#\/schema\/person\/408a7b4d4e32cbebd90e2782852abca3\",\"name\":\"admin\",\"image\":{\"@type\":\"ImageObject\",\"@id\":\"https:\/\/www.radiomanchester.com.br\/fm\/#personlogo\",\"inLanguage\":\"pt-BR\",\"url\":\"https:\/\/secure.gravatar.com\/avatar\/115a974dba3376872eb3addeb276301c?s=96&d=mm&r=g\",\"contentUrl\":\"https:\/\/secure.gravatar.com\/avatar\/115a974dba3376872eb3addeb276301c?s=96&d=mm&r=g\",\"caption\":\"admin\"},\"url\":\"https:\/\/www.radiomanchester.com.br\/fm\/author\/admin\/\"}]}<\/script>\n<!-- \/ Yoast SEO plugin. -->","yoast_head_json":{"title":"Enel alerta para o risco de queimadas pr\u00f3ximo \u00e0 rede el\u00e9trica - Manchester FM 93,3","robots":{"index":"index","follow":"follow","max-snippet":"max-snippet:-1","max-image-preview":"max-image-preview:large","max-video-preview":"max-video-preview:-1"},"canonical":"https:\/\/www.radiomanchester.com.br\/fm\/enel-alerta-para-o-risco-de-queimadas-proximo-a-rede-eletrica\/","og_locale":"pt_BR","og_type":"article","og_title":"Enel alerta para o risco de queimadas pr\u00f3ximo \u00e0 rede el\u00e9trica - Manchester FM 93,3","og_description":"Meses de agosto, setembro e outubro concentram inc\u00eandios no Estado por conta do calor e tempo seco Com as altas temperaturas e a baixa umidade do ar, que s\u00e3o caracter\u00edsticas do per\u00edodo entre agosto e outubro, Goi\u00e1s entra em alerta devido os riscos de inc\u00eandios. O calor e a falta de umidade ressecam a vegeta\u00e7\u00e3o, [&hellip;]","og_url":"https:\/\/www.radiomanchester.com.br\/fm\/enel-alerta-para-o-risco-de-queimadas-proximo-a-rede-eletrica\/","og_site_name":"Manchester FM 93,3","article_published_time":"2022-08-15T15:28:10+00:00","article_modified_time":"2022-08-15T15:28:14+00:00","og_image":[{"url":"https:\/\/www.radiomanchester.com.br\/fm\/wp-content\/uploads\/2022\/08\/9D3A715F-45DB-4457-8764-CEB6F928BA3E-300x225.jpeg"}],"twitter_card":"summary_large_image","twitter_misc":{"Escrito por":"admin","Est. tempo de leitura":"6 minutos"},"schema":{"@context":"https:\/\/schema.org","@graph":[{"@type":"WebSite","@id":"https:\/\/www.radiomanchester.com.br\/fm\/#website","url":"https:\/\/www.radiomanchester.com.br\/fm\/","name":"Manchester FM 93,3","description":"Todo Mundo Ouve!","potentialAction":[{"@type":"SearchAction","target":{"@type":"EntryPoint","urlTemplate":"https:\/\/www.radiomanchester.com.br\/fm\/?s={search_term_string}"},"query-input":"required name=search_term_string"}],"inLanguage":"pt-BR"},{"@type":"ImageObject","@id":"https:\/\/www.radiomanchester.com.br\/fm\/enel-alerta-para-o-risco-de-queimadas-proximo-a-rede-eletrica\/#primaryimage","inLanguage":"pt-BR","url":"https:\/\/www.radiomanchester.com.br\/fm\/wp-content\/uploads\/2022\/08\/9D3A715F-45DB-4457-8764-CEB6F928BA3E.jpeg","contentUrl":"https:\/\/www.radiomanchester.com.br\/fm\/wp-content\/uploads\/2022\/08\/9D3A715F-45DB-4457-8764-CEB6F928BA3E.jpeg","width":1280,"height":960},{"@type":"WebPage","@id":"https:\/\/www.radiomanchester.com.br\/fm\/enel-alerta-para-o-risco-de-queimadas-proximo-a-rede-eletrica\/#webpage","url":"https:\/\/www.radiomanchester.com.br\/fm\/enel-alerta-para-o-risco-de-queimadas-proximo-a-rede-eletrica\/","name":"Enel alerta para o risco de queimadas pr\u00f3ximo \u00e0 rede el\u00e9trica - Manchester FM 93,3","isPartOf":{"@id":"https:\/\/www.radiomanchester.com.br\/fm\/#website"},"primaryImageOfPage":{"@id":"https:\/\/www.radiomanchester.com.br\/fm\/enel-alerta-para-o-risco-de-queimadas-proximo-a-rede-eletrica\/#primaryimage"},"datePublished":"2022-08-15T15:28:10+00:00","dateModified":"2022-08-15T15:28:14+00:00","author":{"@id":"https:\/\/www.radiomanchester.com.br\/fm\/#\/schema\/person\/408a7b4d4e32cbebd90e2782852abca3"},"breadcrumb":{"@id":"https:\/\/www.radiomanchester.com.br\/fm\/enel-alerta-para-o-risco-de-queimadas-proximo-a-rede-eletrica\/#breadcrumb"},"inLanguage":"pt-BR","potentialAction":[{"@type":"ReadAction","target":["https:\/\/www.radiomanchester.com.br\/fm\/enel-alerta-para-o-risco-de-queimadas-proximo-a-rede-eletrica\/"]}]},{"@type":"BreadcrumbList","@id":"https:\/\/www.radiomanchester.com.br\/fm\/enel-alerta-para-o-risco-de-queimadas-proximo-a-rede-eletrica\/#breadcrumb","itemListElement":[{"@type":"ListItem","position":1,"name":"Home","item":"https:\/\/www.radiomanchester.com.br\/fm\/"},{"@type":"ListItem","position":2,"name":"Enel alerta para o risco de queimadas pr\u00f3ximo \u00e0 rede el\u00e9trica"}]},{"@type":"Person","@id":"https:\/\/www.radiomanchester.com.br\/fm\/#\/schema\/person\/408a7b4d4e32cbebd90e2782852abca3","name":"admin","image":{"@type":"ImageObject","@id":"https:\/\/www.radiomanchester.com.br\/fm\/#personlogo","inLanguage":"pt-BR","url":"https:\/\/secure.gravatar.com\/avatar\/115a974dba3376872eb3addeb276301c?s=96&d=mm&r=g","contentUrl":"https:\/\/secure.gravatar.com\/avatar\/115a974dba3376872eb3addeb276301c?s=96&d=mm&r=g","caption":"admin"},"url":"https:\/\/www.radiomanchester.com.br\/fm\/author\/admin\/"}]}},"_links":{"self":[{"href":"https:\/\/www.radiomanchester.com.br\/fm\/wp-json\/wp\/v2\/posts\/8835"}],"collection":[{"href":"https:\/\/www.radiomanchester.com.br\/fm\/wp-json\/wp\/v2\/posts"}],"about":[{"href":"https:\/\/www.radiomanchester.com.br\/fm\/wp-json\/wp\/v2\/types\/post"}],"author":[{"embeddable":true,"href":"https:\/\/www.radiomanchester.com.br\/fm\/wp-json\/wp\/v2\/users\/1"}],"replies":[{"embeddable":true,"href":"https:\/\/www.radiomanchester.com.br\/fm\/wp-json\/wp\/v2\/comments?post=8835"}],"version-history":[{"count":1,"href":"https:\/\/www.radiomanchester.com.br\/fm\/wp-json\/wp\/v2\/posts\/8835\/revisions"}],"predecessor-version":[{"id":8837,"href":"https:\/\/www.radiomanchester.com.br\/fm\/wp-json\/wp\/v2\/posts\/8835\/revisions\/8837"}],"wp:attachment":[{"href":"https:\/\/www.radiomanchester.com.br\/fm\/wp-json\/wp\/v2\/media?parent=8835"}],"wp:term":[{"taxonomy":"category","embeddable":true,"href":"https:\/\/www.radiomanchester.com.br\/fm\/wp-json\/wp\/v2\/categories?post=8835"},{"taxonomy":"post_tag","embeddable":true,"href":"https:\/\/www.radiomanchester.com.br\/fm\/wp-json\/wp\/v2\/tags?post=8835"}],"curies":[{"name":"wp","href":"https:\/\/api.w.org\/{rel}","templated":true}]}}