{"id":8852,"date":"2022-08-18T06:30:00","date_gmt":"2022-08-18T09:30:00","guid":{"rendered":"https:\/\/www.radiomanchester.com.br\/fm\/?p=8852"},"modified":"2022-08-17T22:40:14","modified_gmt":"2022-08-18T01:40:14","slug":"frente-fria-deve-derrubar-termometros-no-sul-sudeste-e-centro-oeste","status":"publish","type":"post","link":"https:\/\/www.radiomanchester.com.br\/fm\/frente-fria-deve-derrubar-termometros-no-sul-sudeste-e-centro-oeste\/","title":{"rendered":"Frente fria deve derrubar term\u00f4metros no Sul, Sudeste e Centro-Oeste"},"content":{"rendered":"\n<p><strong><em>Baixas temperaturas devem persistir at\u00e9 s\u00e1bado<\/em><\/strong><\/p>\n\n\n\n<hr class=\"wp-block-separator\"\/>\n\n\n\n<p>Frente fria em forma\u00e7\u00e3o, nesta quarta-feira (17\/08), trar\u00e1 frio e tempo chuvoso para boa parte do pa\u00eds, sobretudo nas regi\u00f5es Sul, Sudeste e Centro-Oeste, segundo informa\u00e7\u00f5es divulgadas pelo Instituto Nacional de Meteorologia (Inmet).<\/p>\n\n\n\n<div style=\"height:100px\" aria-hidden=\"true\" class=\"wp-block-spacer\"><\/div>\n\n\n\n<p>A previs\u00e3o \u00e9 de queda de at\u00e9 10\u00ba C na temperatura no Rio Grande do Sul e em Santa Catarina j\u00e1 nesta quarta (17). Com o frio, haver\u00e1 tamb\u00e9m chuvas intensas e ventos fortes, com possibilidade de queda de granizo em parte da regi\u00e3o Sul, em especial no oeste, no Mato Grosso do Sul e em \u00e1reas de S\u00e3o Paulo (centro, sul e oeste).<\/p>\n\n\n\n<div style=\"height:100px\" aria-hidden=\"true\" class=\"wp-block-spacer\"><\/div>\n\n\n\n<p>A expectativa \u00e9 que a frente fria avance amanh\u00e3 (17) por Paran\u00e1, S\u00e3o Paulo e Mato Grosso do Sul, alcan\u00e7ando Mato Grosso, Goi\u00e1s e Rond\u00f4nia e Minas Gerais ainda na quinta, sempre levando chuvas intensas e ventos fortes, segundo informou o Inmet. As quedas de temperatura devem variar entre 8\u00ba C e 12\u00ba C, com baixa sensa\u00e7\u00e3o t\u00e9rmica, disse o instituto.<\/p>\n\n\n\n<div style=\"height:100px\" aria-hidden=\"true\" class=\"wp-block-spacer\"><\/div>\n\n\n\n<p>As baixas temperaturas devem persistir pelo menos at\u00e9 s\u00e1bado (20), quando deve fazer entre 1\u00ba C e 5\u00ba C em Porto Alegre, chegando a -6\u00ba C no planalto sul catarinense. No Paran\u00e1, as temperaturas m\u00ednimas previstas s\u00e3o entre -3\u00b0C e 0\u00b0C na serra e no planalto, segundo o Inmet.<\/p>\n\n\n\n<div style=\"height:100px\" aria-hidden=\"true\" class=\"wp-block-spacer\"><\/div>\n\n\n\n<p>H\u00e1 previs\u00e3o de neve j\u00e1 na sexta-feira (19) entre as serras ga\u00facha e catarinense, como em Aparados da Serra (RS). No s\u00e1bado (20), est\u00e3o previstas geadas \u201cno sul, sudoeste e em \u00e1reas isoladas do centro do Mato Grosso do Sul, na divisa de S\u00e3o Paulo com o Paran\u00e1 e, de forma ampla, no Sul do Brasil, sendo de intensidade moderada a forte entre o norte do Rio Grande do Sul, centro-sul do Paran\u00e1 e, tamb\u00e9m, na serra do sudeste do RS\u201d, alertou o Inmet.<\/p>\n\n\n\n<div style=\"height:100px\" aria-hidden=\"true\" class=\"wp-block-spacer\"><\/div>\n\n\n\n<p>O frio deve chegar ao sul de Goi\u00e1s e de Minas Gerais, e at\u00e9 o Rio de Janeiro, perdendo for\u00e7a a partir de domingo (21).<\/p>\n\n\n\n<figure class=\"wp-block-image size-medium\"><img loading=\"lazy\" width=\"300\" height=\"179\" src=\"https:\/\/www.radiomanchester.com.br\/fm\/wp-content\/uploads\/2022\/08\/frio-df_mcamgo_abr_110820221818-4-300x179.jpg\" alt=\"\" class=\"wp-image-8853\" srcset=\"https:\/\/www.radiomanchester.com.br\/fm\/wp-content\/uploads\/2022\/08\/frio-df_mcamgo_abr_110820221818-4-300x179.jpg 300w, https:\/\/www.radiomanchester.com.br\/fm\/wp-content\/uploads\/2022\/08\/frio-df_mcamgo_abr_110820221818-4-1024x613.jpg 1024w, https:\/\/www.radiomanchester.com.br\/fm\/wp-content\/uploads\/2022\/08\/frio-df_mcamgo_abr_110820221818-4-768x459.jpg 768w, https:\/\/www.radiomanchester.com.br\/fm\/wp-content\/uploads\/2022\/08\/frio-df_mcamgo_abr_110820221818-4.jpg 1170w\" sizes=\"(max-width: 300px) 100vw, 300px\" \/><figcaption>Massa de ar frio reduz as temperaturas no DF.<\/figcaption><\/figure>\n\n\n\n<p>por Ag\u00eancia Brasil &#8211; foto: Marcelo Camargo Ag\u00eancia Brasil<\/p>\n","protected":false},"excerpt":{"rendered":"<p class=\"excerpt\">Baixas temperaturas devem persistir at\u00e9 s\u00e1bado Frente fria em forma\u00e7\u00e3o, nesta quarta-feira (17\/08), trar\u00e1 frio e tempo chuvoso para boa parte do pa\u00eds, sobretudo nas regi\u00f5es Sul, Sudeste e Centro-Oeste, segundo informa\u00e7\u00f5es divulgadas pelo Instituto Nacional de Meteorologia (Inmet). A previs\u00e3o \u00e9 de queda de at\u00e9 10\u00ba C na temperatura no Rio Grande do Sul [&hellip;]<\/p>\n","protected":false},"author":1,"featured_media":0,"comment_status":"open","ping_status":"open","sticky":false,"template":"","format":"standard","meta":[],"categories":[8,17],"tags":[22,24,113,83,92],"yoast_head":"<!-- This site is optimized with the Yoast SEO plugin v18.3 - https:\/\/yoast.com\/wordpress\/plugins\/seo\/ -->\n<title>Frente fria deve derrubar term\u00f4metros no Sul, Sudeste e Centro-Oeste - Manchester FM 93,3<\/title>\n<meta name=\"robots\" content=\"index, follow, max-snippet:-1, max-image-preview:large, max-video-preview:-1\" \/>\n<link rel=\"canonical\" href=\"https:\/\/www.radiomanchester.com.br\/fm\/frente-fria-deve-derrubar-termometros-no-sul-sudeste-e-centro-oeste\/\" \/>\n<meta property=\"og:locale\" content=\"pt_BR\" \/>\n<meta property=\"og:type\" content=\"article\" \/>\n<meta property=\"og:title\" content=\"Frente fria deve derrubar term\u00f4metros no Sul, Sudeste e Centro-Oeste - Manchester FM 93,3\" \/>\n<meta property=\"og:description\" content=\"Baixas temperaturas devem persistir at\u00e9 s\u00e1bado Frente fria em forma\u00e7\u00e3o, nesta quarta-feira (17\/08), trar\u00e1 frio e tempo chuvoso para boa parte do pa\u00eds, sobretudo nas regi\u00f5es Sul, Sudeste e Centro-Oeste, segundo informa\u00e7\u00f5es divulgadas pelo Instituto Nacional de Meteorologia (Inmet). A previs\u00e3o \u00e9 de queda de at\u00e9 10\u00ba C na temperatura no Rio Grande do Sul [&hellip;]\" \/>\n<meta property=\"og:url\" content=\"https:\/\/www.radiomanchester.com.br\/fm\/frente-fria-deve-derrubar-termometros-no-sul-sudeste-e-centro-oeste\/\" \/>\n<meta property=\"og:site_name\" content=\"Manchester FM 93,3\" \/>\n<meta property=\"article:published_time\" content=\"2022-08-18T09:30:00+00:00\" \/>\n<meta property=\"article:modified_time\" content=\"2022-08-18T01:40:14+00:00\" \/>\n<meta property=\"og:image\" content=\"https:\/\/www.radiomanchester.com.br\/fm\/wp-content\/uploads\/2022\/08\/frio-df_mcamgo_abr_110820221818-4-300x179.jpg\" \/>\n<meta name=\"twitter:card\" content=\"summary_large_image\" \/>\n<meta name=\"twitter:label1\" content=\"Escrito por\" \/>\n\t<meta name=\"twitter:data1\" content=\"admin\" \/>\n\t<meta name=\"twitter:label2\" content=\"Est. tempo de leitura\" \/>\n\t<meta name=\"twitter:data2\" content=\"3 minutos\" \/>\n<script type=\"application\/ld+json\" class=\"yoast-schema-graph\">{\"@context\":\"https:\/\/schema.org\",\"@graph\":[{\"@type\":\"WebSite\",\"@id\":\"https:\/\/www.radiomanchester.com.br\/fm\/#website\",\"url\":\"https:\/\/www.radiomanchester.com.br\/fm\/\",\"name\":\"Manchester FM 93,3\",\"description\":\"Todo Mundo Ouve!\",\"potentialAction\":[{\"@type\":\"SearchAction\",\"target\":{\"@type\":\"EntryPoint\",\"urlTemplate\":\"https:\/\/www.radiomanchester.com.br\/fm\/?s={search_term_string}\"},\"query-input\":\"required name=search_term_string\"}],\"inLanguage\":\"pt-BR\"},{\"@type\":\"ImageObject\",\"@id\":\"https:\/\/www.radiomanchester.com.br\/fm\/frente-fria-deve-derrubar-termometros-no-sul-sudeste-e-centro-oeste\/#primaryimage\",\"inLanguage\":\"pt-BR\",\"url\":\"https:\/\/www.radiomanchester.com.br\/fm\/wp-content\/uploads\/2022\/08\/frio-df_mcamgo_abr_110820221818-4.jpg\",\"contentUrl\":\"https:\/\/www.radiomanchester.com.br\/fm\/wp-content\/uploads\/2022\/08\/frio-df_mcamgo_abr_110820221818-4.jpg\",\"width\":1170,\"height\":700,\"caption\":\"Massa de ar frio reduz as temperaturas no DF.\"},{\"@type\":\"WebPage\",\"@id\":\"https:\/\/www.radiomanchester.com.br\/fm\/frente-fria-deve-derrubar-termometros-no-sul-sudeste-e-centro-oeste\/#webpage\",\"url\":\"https:\/\/www.radiomanchester.com.br\/fm\/frente-fria-deve-derrubar-termometros-no-sul-sudeste-e-centro-oeste\/\",\"name\":\"Frente fria deve derrubar term\u00f4metros no Sul, Sudeste e Centro-Oeste - Manchester FM 93,3\",\"isPartOf\":{\"@id\":\"https:\/\/www.radiomanchester.com.br\/fm\/#website\"},\"primaryImageOfPage\":{\"@id\":\"https:\/\/www.radiomanchester.com.br\/fm\/frente-fria-deve-derrubar-termometros-no-sul-sudeste-e-centro-oeste\/#primaryimage\"},\"datePublished\":\"2022-08-18T09:30:00+00:00\",\"dateModified\":\"2022-08-18T01:40:14+00:00\",\"author\":{\"@id\":\"https:\/\/www.radiomanchester.com.br\/fm\/#\/schema\/person\/408a7b4d4e32cbebd90e2782852abca3\"},\"breadcrumb\":{\"@id\":\"https:\/\/www.radiomanchester.com.br\/fm\/frente-fria-deve-derrubar-termometros-no-sul-sudeste-e-centro-oeste\/#breadcrumb\"},\"inLanguage\":\"pt-BR\",\"potentialAction\":[{\"@type\":\"ReadAction\",\"target\":[\"https:\/\/www.radiomanchester.com.br\/fm\/frente-fria-deve-derrubar-termometros-no-sul-sudeste-e-centro-oeste\/\"]}]},{\"@type\":\"BreadcrumbList\",\"@id\":\"https:\/\/www.radiomanchester.com.br\/fm\/frente-fria-deve-derrubar-termometros-no-sul-sudeste-e-centro-oeste\/#breadcrumb\",\"itemListElement\":[{\"@type\":\"ListItem\",\"position\":1,\"name\":\"Home\",\"item\":\"https:\/\/www.radiomanchester.com.br\/fm\/\"},{\"@type\":\"ListItem\",\"position\":2,\"name\":\"Frente fria deve derrubar term\u00f4metros no Sul, Sudeste e Centro-Oeste\"}]},{\"@type\":\"Person\",\"@id\":\"https:\/\/www.radiomanchester.com.br\/fm\/#\/schema\/person\/408a7b4d4e32cbebd90e2782852abca3\",\"name\":\"admin\",\"image\":{\"@type\":\"ImageObject\",\"@id\":\"https:\/\/www.radiomanchester.com.br\/fm\/#personlogo\",\"inLanguage\":\"pt-BR\",\"url\":\"https:\/\/secure.gravatar.com\/avatar\/115a974dba3376872eb3addeb276301c?s=96&d=mm&r=g\",\"contentUrl\":\"https:\/\/secure.gravatar.com\/avatar\/115a974dba3376872eb3addeb276301c?s=96&d=mm&r=g\",\"caption\":\"admin\"},\"url\":\"https:\/\/www.radiomanchester.com.br\/fm\/author\/admin\/\"}]}<\/script>\n<!-- \/ Yoast SEO plugin. -->","yoast_head_json":{"title":"Frente fria deve derrubar term\u00f4metros no Sul, Sudeste e Centro-Oeste - Manchester FM 93,3","robots":{"index":"index","follow":"follow","max-snippet":"max-snippet:-1","max-image-preview":"max-image-preview:large","max-video-preview":"max-video-preview:-1"},"canonical":"https:\/\/www.radiomanchester.com.br\/fm\/frente-fria-deve-derrubar-termometros-no-sul-sudeste-e-centro-oeste\/","og_locale":"pt_BR","og_type":"article","og_title":"Frente fria deve derrubar term\u00f4metros no Sul, Sudeste e Centro-Oeste - Manchester FM 93,3","og_description":"Baixas temperaturas devem persistir at\u00e9 s\u00e1bado Frente fria em forma\u00e7\u00e3o, nesta quarta-feira (17\/08), trar\u00e1 frio e tempo chuvoso para boa parte do pa\u00eds, sobretudo nas regi\u00f5es Sul, Sudeste e Centro-Oeste, segundo informa\u00e7\u00f5es divulgadas pelo Instituto Nacional de Meteorologia (Inmet). A previs\u00e3o \u00e9 de queda de at\u00e9 10\u00ba C na temperatura no Rio Grande do Sul [&hellip;]","og_url":"https:\/\/www.radiomanchester.com.br\/fm\/frente-fria-deve-derrubar-termometros-no-sul-sudeste-e-centro-oeste\/","og_site_name":"Manchester FM 93,3","article_published_time":"2022-08-18T09:30:00+00:00","article_modified_time":"2022-08-18T01:40:14+00:00","og_image":[{"url":"https:\/\/www.radiomanchester.com.br\/fm\/wp-content\/uploads\/2022\/08\/frio-df_mcamgo_abr_110820221818-4-300x179.jpg"}],"twitter_card":"summary_large_image","twitter_misc":{"Escrito por":"admin","Est. tempo de leitura":"3 minutos"},"schema":{"@context":"https:\/\/schema.org","@graph":[{"@type":"WebSite","@id":"https:\/\/www.radiomanchester.com.br\/fm\/#website","url":"https:\/\/www.radiomanchester.com.br\/fm\/","name":"Manchester FM 93,3","description":"Todo Mundo Ouve!","potentialAction":[{"@type":"SearchAction","target":{"@type":"EntryPoint","urlTemplate":"https:\/\/www.radiomanchester.com.br\/fm\/?s={search_term_string}"},"query-input":"required name=search_term_string"}],"inLanguage":"pt-BR"},{"@type":"ImageObject","@id":"https:\/\/www.radiomanchester.com.br\/fm\/frente-fria-deve-derrubar-termometros-no-sul-sudeste-e-centro-oeste\/#primaryimage","inLanguage":"pt-BR","url":"https:\/\/www.radiomanchester.com.br\/fm\/wp-content\/uploads\/2022\/08\/frio-df_mcamgo_abr_110820221818-4.jpg","contentUrl":"https:\/\/www.radiomanchester.com.br\/fm\/wp-content\/uploads\/2022\/08\/frio-df_mcamgo_abr_110820221818-4.jpg","width":1170,"height":700,"caption":"Massa de ar frio reduz as temperaturas no DF."},{"@type":"WebPage","@id":"https:\/\/www.radiomanchester.com.br\/fm\/frente-fria-deve-derrubar-termometros-no-sul-sudeste-e-centro-oeste\/#webpage","url":"https:\/\/www.radiomanchester.com.br\/fm\/frente-fria-deve-derrubar-termometros-no-sul-sudeste-e-centro-oeste\/","name":"Frente fria deve derrubar term\u00f4metros no Sul, Sudeste e Centro-Oeste - Manchester FM 93,3","isPartOf":{"@id":"https:\/\/www.radiomanchester.com.br\/fm\/#website"},"primaryImageOfPage":{"@id":"https:\/\/www.radiomanchester.com.br\/fm\/frente-fria-deve-derrubar-termometros-no-sul-sudeste-e-centro-oeste\/#primaryimage"},"datePublished":"2022-08-18T09:30:00+00:00","dateModified":"2022-08-18T01:40:14+00:00","author":{"@id":"https:\/\/www.radiomanchester.com.br\/fm\/#\/schema\/person\/408a7b4d4e32cbebd90e2782852abca3"},"breadcrumb":{"@id":"https:\/\/www.radiomanchester.com.br\/fm\/frente-fria-deve-derrubar-termometros-no-sul-sudeste-e-centro-oeste\/#breadcrumb"},"inLanguage":"pt-BR","potentialAction":[{"@type":"ReadAction","target":["https:\/\/www.radiomanchester.com.br\/fm\/frente-fria-deve-derrubar-termometros-no-sul-sudeste-e-centro-oeste\/"]}]},{"@type":"BreadcrumbList","@id":"https:\/\/www.radiomanchester.com.br\/fm\/frente-fria-deve-derrubar-termometros-no-sul-sudeste-e-centro-oeste\/#breadcrumb","itemListElement":[{"@type":"ListItem","position":1,"name":"Home","item":"https:\/\/www.radiomanchester.com.br\/fm\/"},{"@type":"ListItem","position":2,"name":"Frente fria deve derrubar term\u00f4metros no Sul, Sudeste e Centro-Oeste"}]},{"@type":"Person","@id":"https:\/\/www.radiomanchester.com.br\/fm\/#\/schema\/person\/408a7b4d4e32cbebd90e2782852abca3","name":"admin","image":{"@type":"ImageObject","@id":"https:\/\/www.radiomanchester.com.br\/fm\/#personlogo","inLanguage":"pt-BR","url":"https:\/\/secure.gravatar.com\/avatar\/115a974dba3376872eb3addeb276301c?s=96&d=mm&r=g","contentUrl":"https:\/\/secure.gravatar.com\/avatar\/115a974dba3376872eb3addeb276301c?s=96&d=mm&r=g","caption":"admin"},"url":"https:\/\/www.radiomanchester.com.br\/fm\/author\/admin\/"}]}},"_links":{"self":[{"href":"https:\/\/www.radiomanchester.com.br\/fm\/wp-json\/wp\/v2\/posts\/8852"}],"collection":[{"href":"https:\/\/www.radiomanchester.com.br\/fm\/wp-json\/wp\/v2\/posts"}],"about":[{"href":"https:\/\/www.radiomanchester.com.br\/fm\/wp-json\/wp\/v2\/types\/post"}],"author":[{"embeddable":true,"href":"https:\/\/www.radiomanchester.com.br\/fm\/wp-json\/wp\/v2\/users\/1"}],"replies":[{"embeddable":true,"href":"https:\/\/www.radiomanchester.com.br\/fm\/wp-json\/wp\/v2\/comments?post=8852"}],"version-history":[{"count":1,"href":"https:\/\/www.radiomanchester.com.br\/fm\/wp-json\/wp\/v2\/posts\/8852\/revisions"}],"predecessor-version":[{"id":8854,"href":"https:\/\/www.radiomanchester.com.br\/fm\/wp-json\/wp\/v2\/posts\/8852\/revisions\/8854"}],"wp:attachment":[{"href":"https:\/\/www.radiomanchester.com.br\/fm\/wp-json\/wp\/v2\/media?parent=8852"}],"wp:term":[{"taxonomy":"category","embeddable":true,"href":"https:\/\/www.radiomanchester.com.br\/fm\/wp-json\/wp\/v2\/categories?post=8852"},{"taxonomy":"post_tag","embeddable":true,"href":"https:\/\/www.radiomanchester.com.br\/fm\/wp-json\/wp\/v2\/tags?post=8852"}],"curies":[{"name":"wp","href":"https:\/\/api.w.org\/{rel}","templated":true}]}}