{"id":8890,"date":"2022-08-21T17:00:32","date_gmt":"2022-08-21T20:00:32","guid":{"rendered":"https:\/\/www.radiomanchester.com.br\/fm\/?p=8890"},"modified":"2022-08-21T17:00:36","modified_gmt":"2022-08-21T20:00:36","slug":"aviao-de-rota-internacional-faz-pouso-de-emergencia-apos-mulher-entrar-em-trabalho-de-parto","status":"publish","type":"post","link":"https:\/\/www.radiomanchester.com.br\/fm\/aviao-de-rota-internacional-faz-pouso-de-emergencia-apos-mulher-entrar-em-trabalho-de-parto\/","title":{"rendered":"Avi\u00e3o de rota internacional faz pouso de emerg\u00eancia ap\u00f3s mulher entrar em trabalho de parto\u00a0"},"content":{"rendered":"\n<p><\/p>\n\n\n\n<p><strong><em>Aeronave que vinha de Portugal precisou desviar a rota e pousar no aeroporto de Fortaleza. Torre de controle foi avisada sobre emerg\u00eancia<\/em><\/strong><\/p>\n\n\n\n<hr class=\"wp-block-separator\"\/>\n\n\n\n<p>Um avi\u00e3o precisou desviar a rota em voo internacional e\u00a0fazer um pouso de emerg\u00eancia\u00a0no Aeroporto de\u00a0Fortaleza (CE),\u00a0ap\u00f3s uma passageira entrar em trabalho de parto durante a viagem, na tarde desse s\u00e1bado.<\/p>\n\n\n\n<div style=\"height:100px\" aria-hidden=\"true\" class=\"wp-block-spacer\"><\/div>\n\n\n\n<p>A aeronave da companhia a\u00e9rea TAP partiu de Lisboa, capital de Portugal, com destino a S\u00e3o Paulo. Segundo a Fraport, empresa respons\u00e1vel pelo aeroporto, a torre de controle foi acionada \u00e0s 15h19 por conta de \u201cuma emerg\u00eancia m\u00e9dica com uma passageira, com\u00a0poss\u00edvel trabalho de parto\u201d.<\/p>\n\n\n\n<div style=\"height:100px\" aria-hidden=\"true\" class=\"wp-block-spacer\"><\/div>\n\n\n\n<p>O avi\u00e3o solicitou autoriza\u00e7\u00e3o para um pouso n\u00e3o programado e, \u00e0s 16h, aterrissou na capital cearense.<\/p>\n\n\n\n<div style=\"height:100px\" aria-hidden=\"true\" class=\"wp-block-spacer\"><\/div>\n\n\n\n<p>A empresa informou que a gestante recebeu os primeiros atendimentos ainda no ar. Ap\u00f3s o pouso, ela foi encaminhada ao Hospital Gastrocl\u00ednica, unidade de sa\u00fade em Fortaleza.<\/p>\n\n\n\n<div style=\"height:100px\" aria-hidden=\"true\" class=\"wp-block-spacer\"><\/div>\n\n\n\n<p>A empresa n\u00e3o divulgou informa\u00e7\u00f5es sobre o estado de sa\u00fade da m\u00e3e e do beb\u00ea. Procurada pelo Metr\u00f3poles, a TAP n\u00e3o respondeu at\u00e9 a publica\u00e7\u00e3o deste texto.<\/p>\n\n\n\n<figure class=\"wp-block-image size-medium\"><img loading=\"lazy\" width=\"300\" height=\"208\" src=\"https:\/\/www.radiomanchester.com.br\/fm\/wp-content\/uploads\/2022\/08\/B90CA520-EFD6-47AE-9B12-B0E1299E0396-300x208.jpeg\" alt=\"\" class=\"wp-image-8891\" srcset=\"https:\/\/www.radiomanchester.com.br\/fm\/wp-content\/uploads\/2022\/08\/B90CA520-EFD6-47AE-9B12-B0E1299E0396-300x208.jpeg 300w, https:\/\/www.radiomanchester.com.br\/fm\/wp-content\/uploads\/2022\/08\/B90CA520-EFD6-47AE-9B12-B0E1299E0396-1024x710.jpeg 1024w, https:\/\/www.radiomanchester.com.br\/fm\/wp-content\/uploads\/2022\/08\/B90CA520-EFD6-47AE-9B12-B0E1299E0396-768x533.jpeg 768w, https:\/\/www.radiomanchester.com.br\/fm\/wp-content\/uploads\/2022\/08\/B90CA520-EFD6-47AE-9B12-B0E1299E0396-1536x1066.jpeg 1536w, https:\/\/www.radiomanchester.com.br\/fm\/wp-content\/uploads\/2022\/08\/B90CA520-EFD6-47AE-9B12-B0E1299E0396.jpeg 1920w\" sizes=\"(max-width: 300px) 100vw, 300px\" \/><\/figure>\n\n\n\n<p>Por Metropolis &#8211; foto: pixabay<\/p>\n","protected":false},"excerpt":{"rendered":"<p class=\"excerpt\">Aeronave que vinha de Portugal precisou desviar a rota e pousar no aeroporto de Fortaleza. Torre de controle foi avisada sobre emerg\u00eancia Um avi\u00e3o precisou desviar a rota em voo internacional e\u00a0fazer um pouso de emerg\u00eancia\u00a0no Aeroporto de\u00a0Fortaleza (CE),\u00a0ap\u00f3s uma passageira entrar em trabalho de parto durante a viagem, na tarde desse s\u00e1bado. A aeronave [&hellip;]<\/p>\n","protected":false},"author":1,"featured_media":0,"comment_status":"open","ping_status":"open","sticky":false,"template":"","format":"standard","meta":[],"categories":[8,17],"tags":[22,24,113,83,92],"yoast_head":"<!-- This site is optimized with the Yoast SEO plugin v18.3 - https:\/\/yoast.com\/wordpress\/plugins\/seo\/ -->\n<title>Avi\u00e3o de rota internacional faz pouso de emerg\u00eancia ap\u00f3s mulher entrar em trabalho de parto\u00a0 - Manchester FM 93,3<\/title>\n<meta name=\"robots\" content=\"index, follow, max-snippet:-1, max-image-preview:large, max-video-preview:-1\" \/>\n<link rel=\"canonical\" href=\"https:\/\/www.radiomanchester.com.br\/fm\/aviao-de-rota-internacional-faz-pouso-de-emergencia-apos-mulher-entrar-em-trabalho-de-parto\/\" \/>\n<meta property=\"og:locale\" content=\"pt_BR\" \/>\n<meta property=\"og:type\" content=\"article\" \/>\n<meta property=\"og:title\" content=\"Avi\u00e3o de rota internacional faz pouso de emerg\u00eancia ap\u00f3s mulher entrar em trabalho de parto\u00a0 - Manchester FM 93,3\" \/>\n<meta property=\"og:description\" content=\"Aeronave que vinha de Portugal precisou desviar a rota e pousar no aeroporto de Fortaleza. Torre de controle foi avisada sobre emerg\u00eancia Um avi\u00e3o precisou desviar a rota em voo internacional e\u00a0fazer um pouso de emerg\u00eancia\u00a0no Aeroporto de\u00a0Fortaleza (CE),\u00a0ap\u00f3s uma passageira entrar em trabalho de parto durante a viagem, na tarde desse s\u00e1bado. A aeronave [&hellip;]\" \/>\n<meta property=\"og:url\" content=\"https:\/\/www.radiomanchester.com.br\/fm\/aviao-de-rota-internacional-faz-pouso-de-emergencia-apos-mulher-entrar-em-trabalho-de-parto\/\" \/>\n<meta property=\"og:site_name\" content=\"Manchester FM 93,3\" \/>\n<meta property=\"article:published_time\" content=\"2022-08-21T20:00:32+00:00\" \/>\n<meta property=\"article:modified_time\" content=\"2022-08-21T20:00:36+00:00\" \/>\n<meta property=\"og:image\" content=\"https:\/\/www.radiomanchester.com.br\/fm\/wp-content\/uploads\/2022\/08\/B90CA520-EFD6-47AE-9B12-B0E1299E0396-300x208.jpeg\" \/>\n<meta name=\"twitter:card\" content=\"summary_large_image\" \/>\n<meta name=\"twitter:label1\" content=\"Escrito por\" \/>\n\t<meta name=\"twitter:data1\" content=\"admin\" \/>\n\t<meta name=\"twitter:label2\" content=\"Est. tempo de leitura\" \/>\n\t<meta name=\"twitter:data2\" content=\"2 minutos\" \/>\n<script type=\"application\/ld+json\" class=\"yoast-schema-graph\">{\"@context\":\"https:\/\/schema.org\",\"@graph\":[{\"@type\":\"WebSite\",\"@id\":\"https:\/\/www.radiomanchester.com.br\/fm\/#website\",\"url\":\"https:\/\/www.radiomanchester.com.br\/fm\/\",\"name\":\"Manchester FM 93,3\",\"description\":\"Todo Mundo Ouve!\",\"potentialAction\":[{\"@type\":\"SearchAction\",\"target\":{\"@type\":\"EntryPoint\",\"urlTemplate\":\"https:\/\/www.radiomanchester.com.br\/fm\/?s={search_term_string}\"},\"query-input\":\"required name=search_term_string\"}],\"inLanguage\":\"pt-BR\"},{\"@type\":\"ImageObject\",\"@id\":\"https:\/\/www.radiomanchester.com.br\/fm\/aviao-de-rota-internacional-faz-pouso-de-emergencia-apos-mulher-entrar-em-trabalho-de-parto\/#primaryimage\",\"inLanguage\":\"pt-BR\",\"url\":\"https:\/\/www.radiomanchester.com.br\/fm\/wp-content\/uploads\/2022\/08\/B90CA520-EFD6-47AE-9B12-B0E1299E0396-300x208.jpeg\",\"contentUrl\":\"https:\/\/www.radiomanchester.com.br\/fm\/wp-content\/uploads\/2022\/08\/B90CA520-EFD6-47AE-9B12-B0E1299E0396-300x208.jpeg\"},{\"@type\":\"WebPage\",\"@id\":\"https:\/\/www.radiomanchester.com.br\/fm\/aviao-de-rota-internacional-faz-pouso-de-emergencia-apos-mulher-entrar-em-trabalho-de-parto\/#webpage\",\"url\":\"https:\/\/www.radiomanchester.com.br\/fm\/aviao-de-rota-internacional-faz-pouso-de-emergencia-apos-mulher-entrar-em-trabalho-de-parto\/\",\"name\":\"Avi\u00e3o de rota internacional faz pouso de emerg\u00eancia ap\u00f3s mulher entrar em trabalho de parto\u00a0 - Manchester FM 93,3\",\"isPartOf\":{\"@id\":\"https:\/\/www.radiomanchester.com.br\/fm\/#website\"},\"primaryImageOfPage\":{\"@id\":\"https:\/\/www.radiomanchester.com.br\/fm\/aviao-de-rota-internacional-faz-pouso-de-emergencia-apos-mulher-entrar-em-trabalho-de-parto\/#primaryimage\"},\"datePublished\":\"2022-08-21T20:00:32+00:00\",\"dateModified\":\"2022-08-21T20:00:36+00:00\",\"author\":{\"@id\":\"https:\/\/www.radiomanchester.com.br\/fm\/#\/schema\/person\/408a7b4d4e32cbebd90e2782852abca3\"},\"breadcrumb\":{\"@id\":\"https:\/\/www.radiomanchester.com.br\/fm\/aviao-de-rota-internacional-faz-pouso-de-emergencia-apos-mulher-entrar-em-trabalho-de-parto\/#breadcrumb\"},\"inLanguage\":\"pt-BR\",\"potentialAction\":[{\"@type\":\"ReadAction\",\"target\":[\"https:\/\/www.radiomanchester.com.br\/fm\/aviao-de-rota-internacional-faz-pouso-de-emergencia-apos-mulher-entrar-em-trabalho-de-parto\/\"]}]},{\"@type\":\"BreadcrumbList\",\"@id\":\"https:\/\/www.radiomanchester.com.br\/fm\/aviao-de-rota-internacional-faz-pouso-de-emergencia-apos-mulher-entrar-em-trabalho-de-parto\/#breadcrumb\",\"itemListElement\":[{\"@type\":\"ListItem\",\"position\":1,\"name\":\"Home\",\"item\":\"https:\/\/www.radiomanchester.com.br\/fm\/\"},{\"@type\":\"ListItem\",\"position\":2,\"name\":\"Avi\u00e3o de rota internacional faz pouso de emerg\u00eancia ap\u00f3s mulher entrar em trabalho de parto\u00a0\"}]},{\"@type\":\"Person\",\"@id\":\"https:\/\/www.radiomanchester.com.br\/fm\/#\/schema\/person\/408a7b4d4e32cbebd90e2782852abca3\",\"name\":\"admin\",\"image\":{\"@type\":\"ImageObject\",\"@id\":\"https:\/\/www.radiomanchester.com.br\/fm\/#personlogo\",\"inLanguage\":\"pt-BR\",\"url\":\"https:\/\/secure.gravatar.com\/avatar\/115a974dba3376872eb3addeb276301c?s=96&d=mm&r=g\",\"contentUrl\":\"https:\/\/secure.gravatar.com\/avatar\/115a974dba3376872eb3addeb276301c?s=96&d=mm&r=g\",\"caption\":\"admin\"},\"url\":\"https:\/\/www.radiomanchester.com.br\/fm\/author\/admin\/\"}]}<\/script>\n<!-- \/ Yoast SEO plugin. -->","yoast_head_json":{"title":"Avi\u00e3o de rota internacional faz pouso de emerg\u00eancia ap\u00f3s mulher entrar em trabalho de parto\u00a0 - Manchester FM 93,3","robots":{"index":"index","follow":"follow","max-snippet":"max-snippet:-1","max-image-preview":"max-image-preview:large","max-video-preview":"max-video-preview:-1"},"canonical":"https:\/\/www.radiomanchester.com.br\/fm\/aviao-de-rota-internacional-faz-pouso-de-emergencia-apos-mulher-entrar-em-trabalho-de-parto\/","og_locale":"pt_BR","og_type":"article","og_title":"Avi\u00e3o de rota internacional faz pouso de emerg\u00eancia ap\u00f3s mulher entrar em trabalho de parto\u00a0 - Manchester FM 93,3","og_description":"Aeronave que vinha de Portugal precisou desviar a rota e pousar no aeroporto de Fortaleza. Torre de controle foi avisada sobre emerg\u00eancia Um avi\u00e3o precisou desviar a rota em voo internacional e\u00a0fazer um pouso de emerg\u00eancia\u00a0no Aeroporto de\u00a0Fortaleza (CE),\u00a0ap\u00f3s uma passageira entrar em trabalho de parto durante a viagem, na tarde desse s\u00e1bado. A aeronave [&hellip;]","og_url":"https:\/\/www.radiomanchester.com.br\/fm\/aviao-de-rota-internacional-faz-pouso-de-emergencia-apos-mulher-entrar-em-trabalho-de-parto\/","og_site_name":"Manchester FM 93,3","article_published_time":"2022-08-21T20:00:32+00:00","article_modified_time":"2022-08-21T20:00:36+00:00","og_image":[{"url":"https:\/\/www.radiomanchester.com.br\/fm\/wp-content\/uploads\/2022\/08\/B90CA520-EFD6-47AE-9B12-B0E1299E0396-300x208.jpeg"}],"twitter_card":"summary_large_image","twitter_misc":{"Escrito por":"admin","Est. tempo de leitura":"2 minutos"},"schema":{"@context":"https:\/\/schema.org","@graph":[{"@type":"WebSite","@id":"https:\/\/www.radiomanchester.com.br\/fm\/#website","url":"https:\/\/www.radiomanchester.com.br\/fm\/","name":"Manchester FM 93,3","description":"Todo Mundo Ouve!","potentialAction":[{"@type":"SearchAction","target":{"@type":"EntryPoint","urlTemplate":"https:\/\/www.radiomanchester.com.br\/fm\/?s={search_term_string}"},"query-input":"required name=search_term_string"}],"inLanguage":"pt-BR"},{"@type":"ImageObject","@id":"https:\/\/www.radiomanchester.com.br\/fm\/aviao-de-rota-internacional-faz-pouso-de-emergencia-apos-mulher-entrar-em-trabalho-de-parto\/#primaryimage","inLanguage":"pt-BR","url":"https:\/\/www.radiomanchester.com.br\/fm\/wp-content\/uploads\/2022\/08\/B90CA520-EFD6-47AE-9B12-B0E1299E0396-300x208.jpeg","contentUrl":"https:\/\/www.radiomanchester.com.br\/fm\/wp-content\/uploads\/2022\/08\/B90CA520-EFD6-47AE-9B12-B0E1299E0396-300x208.jpeg"},{"@type":"WebPage","@id":"https:\/\/www.radiomanchester.com.br\/fm\/aviao-de-rota-internacional-faz-pouso-de-emergencia-apos-mulher-entrar-em-trabalho-de-parto\/#webpage","url":"https:\/\/www.radiomanchester.com.br\/fm\/aviao-de-rota-internacional-faz-pouso-de-emergencia-apos-mulher-entrar-em-trabalho-de-parto\/","name":"Avi\u00e3o de rota internacional faz pouso de emerg\u00eancia ap\u00f3s mulher entrar em trabalho de parto\u00a0 - Manchester FM 93,3","isPartOf":{"@id":"https:\/\/www.radiomanchester.com.br\/fm\/#website"},"primaryImageOfPage":{"@id":"https:\/\/www.radiomanchester.com.br\/fm\/aviao-de-rota-internacional-faz-pouso-de-emergencia-apos-mulher-entrar-em-trabalho-de-parto\/#primaryimage"},"datePublished":"2022-08-21T20:00:32+00:00","dateModified":"2022-08-21T20:00:36+00:00","author":{"@id":"https:\/\/www.radiomanchester.com.br\/fm\/#\/schema\/person\/408a7b4d4e32cbebd90e2782852abca3"},"breadcrumb":{"@id":"https:\/\/www.radiomanchester.com.br\/fm\/aviao-de-rota-internacional-faz-pouso-de-emergencia-apos-mulher-entrar-em-trabalho-de-parto\/#breadcrumb"},"inLanguage":"pt-BR","potentialAction":[{"@type":"ReadAction","target":["https:\/\/www.radiomanchester.com.br\/fm\/aviao-de-rota-internacional-faz-pouso-de-emergencia-apos-mulher-entrar-em-trabalho-de-parto\/"]}]},{"@type":"BreadcrumbList","@id":"https:\/\/www.radiomanchester.com.br\/fm\/aviao-de-rota-internacional-faz-pouso-de-emergencia-apos-mulher-entrar-em-trabalho-de-parto\/#breadcrumb","itemListElement":[{"@type":"ListItem","position":1,"name":"Home","item":"https:\/\/www.radiomanchester.com.br\/fm\/"},{"@type":"ListItem","position":2,"name":"Avi\u00e3o de rota internacional faz pouso de emerg\u00eancia ap\u00f3s mulher entrar em trabalho de parto\u00a0"}]},{"@type":"Person","@id":"https:\/\/www.radiomanchester.com.br\/fm\/#\/schema\/person\/408a7b4d4e32cbebd90e2782852abca3","name":"admin","image":{"@type":"ImageObject","@id":"https:\/\/www.radiomanchester.com.br\/fm\/#personlogo","inLanguage":"pt-BR","url":"https:\/\/secure.gravatar.com\/avatar\/115a974dba3376872eb3addeb276301c?s=96&d=mm&r=g","contentUrl":"https:\/\/secure.gravatar.com\/avatar\/115a974dba3376872eb3addeb276301c?s=96&d=mm&r=g","caption":"admin"},"url":"https:\/\/www.radiomanchester.com.br\/fm\/author\/admin\/"}]}},"_links":{"self":[{"href":"https:\/\/www.radiomanchester.com.br\/fm\/wp-json\/wp\/v2\/posts\/8890"}],"collection":[{"href":"https:\/\/www.radiomanchester.com.br\/fm\/wp-json\/wp\/v2\/posts"}],"about":[{"href":"https:\/\/www.radiomanchester.com.br\/fm\/wp-json\/wp\/v2\/types\/post"}],"author":[{"embeddable":true,"href":"https:\/\/www.radiomanchester.com.br\/fm\/wp-json\/wp\/v2\/users\/1"}],"replies":[{"embeddable":true,"href":"https:\/\/www.radiomanchester.com.br\/fm\/wp-json\/wp\/v2\/comments?post=8890"}],"version-history":[{"count":1,"href":"https:\/\/www.radiomanchester.com.br\/fm\/wp-json\/wp\/v2\/posts\/8890\/revisions"}],"predecessor-version":[{"id":8892,"href":"https:\/\/www.radiomanchester.com.br\/fm\/wp-json\/wp\/v2\/posts\/8890\/revisions\/8892"}],"wp:attachment":[{"href":"https:\/\/www.radiomanchester.com.br\/fm\/wp-json\/wp\/v2\/media?parent=8890"}],"wp:term":[{"taxonomy":"category","embeddable":true,"href":"https:\/\/www.radiomanchester.com.br\/fm\/wp-json\/wp\/v2\/categories?post=8890"},{"taxonomy":"post_tag","embeddable":true,"href":"https:\/\/www.radiomanchester.com.br\/fm\/wp-json\/wp\/v2\/tags?post=8890"}],"curies":[{"name":"wp","href":"https:\/\/api.w.org\/{rel}","templated":true}]}}