{"id":8904,"date":"2022-08-23T08:36:39","date_gmt":"2022-08-23T11:36:39","guid":{"rendered":"https:\/\/www.radiomanchester.com.br\/fm\/?p=8904"},"modified":"2022-08-23T08:36:46","modified_gmt":"2022-08-23T11:36:46","slug":"ministerio-da-saude-lanca-campanha-sobre-a-variola-dos-macacos","status":"publish","type":"post","link":"https:\/\/www.radiomanchester.com.br\/fm\/ministerio-da-saude-lanca-campanha-sobre-a-variola-dos-macacos\/","title":{"rendered":"Minist\u00e9rio da Sa\u00fade lan\u00e7a campanha sobre a var\u00edola dos macacos"},"content":{"rendered":"\n<p><\/p>\n\n\n\n<p><strong><em>Ideia \u00e9 informar popula\u00e7\u00e3o sobre a transmiss\u00e3o, cont\u00e1gio e sintomas<\/em><\/strong><\/p>\n\n\n\n<hr class=\"wp-block-separator\"\/>\n\n\n\n<p>Com o conceito Var\u00edola dos Macacos: Fique Bem com a Informa\u00e7\u00e3o Certa, o Minist\u00e9rio da Sa\u00fade lan\u00e7ou, nesta segunda-feira (22\/08), em Bras\u00edlia,\u00a0 a Campanha Nacional de Preven\u00e7\u00e3o \u00e0 doen\u00e7a. A ideia \u00e9 conscientizar a popula\u00e7\u00e3o sobre a transmiss\u00e3o, cont\u00e1gio, sintomas e preven\u00e7\u00e3o, al\u00e9m de dar orienta\u00e7\u00f5es sobre o que fazer em casos suspeitos de var\u00edola dos macacos.<\/p>\n\n\n\n<div style=\"height:100px\" aria-hidden=\"true\" class=\"wp-block-spacer\"><\/div>\n\n\n\n<p><strong>N\u00fameros<\/strong><\/p>\n\n\n\n<p>Em todo o mundo, foram registrados mais de 41,5 mil casos da doen\u00e7a. No Brasil, conforme a \u00faltima atualiza\u00e7\u00e3o do Minist\u00e9rio da Sa\u00fade, de 21 de agosto, h\u00e1 3.788 casos confirmados. A campanha adverte que a principal forma de preven\u00e7\u00e3o \u00e9 evitar contato com pessoas infectadas ou objetos contaminados como, por exemplo, copos, talheres, len\u00e7\u00f3is e toalhas.<\/p>\n\n\n\n<div style=\"height:100px\" aria-hidden=\"true\" class=\"wp-block-spacer\"><\/div>\n\n\n\n<p>Outro ponto destacado pelas autoridades de sa\u00fade \u00e9 que a fase de incuba\u00e7\u00e3o do v\u00edrus pode ser de cinco a 21 dias. Nesse per\u00edodo \u00e9 poss\u00edvel haver transmiss\u00e3o. Entre os casos registrados, o cont\u00e1gio ocorre, especialmente pelo contato f\u00edsico pele a pele com les\u00f5es ou fluidos corporais. Em pessoas infectadas, febre, erup\u00e7\u00f5es cut\u00e2neas, incha\u00e7o dos g\u00e2nglios (\u00ednguas), dor no corpo, exaust\u00e3o e calafrios s\u00e3o os sintomas mais comuns.<\/p>\n\n\n\n<div style=\"height:100px\" aria-hidden=\"true\" class=\"wp-block-spacer\"><\/div>\n\n\n\n<p><strong>Tratamento<\/strong><\/p>\n\n\n\n<p>Durante o lan\u00e7amento da campanha, o ministro da Sa\u00fade, Marcelo Queiroga, destacou que o fato de n\u00e3o existir um tratamento espec\u00edfico para a doen\u00e7a n\u00e3o quer dizer que ela n\u00e3o tenha tratamento. Segundo Queiroga, sintomas como dor podem ser amenizados com medidas espec\u00edficas.<\/p>\n\n\n\n<div style=\"height:100px\" aria-hidden=\"true\" class=\"wp-block-spacer\"><\/div>\n\n\n\n<p>O ministro da Sa\u00fade fez quest\u00e3o de falar sobre a diferen\u00e7a da var\u00edola dos macacos para a covid-19. \u201cA letalidade dessa doen\u00e7a \u00e9 baixa. O v\u00edrus \u00e9 diferente. O v\u00edrus da covid-19 \u00e9 o v\u00edrus de RNA. Portanto \u00e9 o v\u00edrus que sofre muta\u00e7\u00f5es com maior frequ\u00eancia ao passo que o v\u00edrus de DNA [da var\u00edola dos macacos] tem um potencial menor de ter muta\u00e7\u00f5es, o que engana at\u00e9 as vacinas que s\u00e3o desenvolvidas com tecnologias sofisticadas\u201d, explicou.<\/p>\n\n\n\n<div style=\"height:100px\" aria-hidden=\"true\" class=\"wp-block-spacer\"><\/div>\n\n\n\n<p><strong>Vacinas<\/strong><\/p>\n\n\n\n<p>O Minist\u00e9rio da Sa\u00fade iniciou no m\u00eas passado as tratativas com a Organiza\u00e7\u00e3o Pan-Americana de Sa\u00fade (Opas) e a OMS para a compra de 50 mil doses da vacina contra a doen\u00e7a. \u201c\u00c9 necess\u00e1rio que haja um contrato a ser firmado pelo Minist\u00e9rio da Sa\u00fade com a Opas, para deixar isso bem claro, para que tenhamos uma previs\u00e3o de entrega dessas vacinas. A previs\u00e3o era de que se entregasse no fim do m\u00eas de agosto. A Socorro [Gross, representante da Opas] me informou que seria no come\u00e7o de setembro. Seriam duas remessas, s\u00e3o tr\u00eas agora. H\u00e1 uma car\u00eancia desse insumo a n\u00edvel mundial\u201d, justificou Queiroga.<\/p>\n\n\n\n<div style=\"height:100px\" aria-hidden=\"true\" class=\"wp-block-spacer\"><\/div>\n\n\n\n<p>Na \u00faltima sexta-feira (19), a Ag\u00eancia Nacional de Vigil\u00e2ncia Sanit\u00e1ria (Anvisa)\u00a0<strong>autorizou a importa\u00e7\u00e3o excepcional<\/strong>\u00a0de rem\u00e9dios e vacinas que anda n\u00e3o t\u00eam registro no Brasil. A previs\u00e3o \u00e9 de que a primeira, de tr\u00eas remessas, chegue no in\u00edcio de setembro. Sobre esses imunizantes, Marcelo Queiroga explicou que como a imuniza\u00e7\u00e3o completa requer duas doses, elas ser\u00e3o suficientes para vacinar 25 mil pessoas. Os primeiros a receber a vacina ser\u00e3o profissionais da sa\u00fade que atuam diretamente com o v\u00edrus.<\/p>\n\n\n\n<div style=\"height:100px\" aria-hidden=\"true\" class=\"wp-block-spacer\"><\/div>\n\n\n\n<p><strong>Antiviral<\/strong><\/p>\n\n\n\n<p>Assim como ocorre com as vacinas, como n\u00e3o h\u00e1 no Brasil nenhum representante do antiviral no pa\u00eds, o Minist\u00e9rio da Sa\u00fade tamb\u00e9m solicitou \u00e0 Opas a compra de 10 doses do tecovirimat para tratamentos imediatos, e outras 50 unidades para casos graves. A pasta negocia ainda o transporte de mais 12 unidades doadas pelo laborat\u00f3rio produtor, e a compra de mais 504 doses.<\/p>\n\n\n\n<div style=\"height:100px\" aria-hidden=\"true\" class=\"wp-block-spacer\"><\/div>\n\n\n\n<p><strong>TSE<\/strong><\/p>\n\n\n\n<p>O lan\u00e7amento da campanha hoje ocorre ap\u00f3s o ministro Edson Fachin, do Tribunal Superior Eleitoral (TSE),<strong>autorizar a veicula\u00e7\u00e3o de pe\u00e7as publicit\u00e1rias<\/strong>\u00a0do governo federal sobre o tema at\u00e9 o dia 30 de agosto. A legisla\u00e7\u00e3o eleitoral brasileira pro\u00edbe qualquer publicidade institucional que possa configurar o uso abusivo da m\u00e1quina p\u00fablica para promo\u00e7\u00e3o de governantes durante os tr\u00eas meses antes das elei\u00e7\u00f5es, por isso, precisou ser analisada pela Justi\u00e7a Eleitoral. Em sua decis\u00e3o, Fachin ressaltou que a divulga\u00e7\u00e3o da campanha \u00e9 de interesse p\u00fablico. Ainda pela decis\u00e3o, todo o material da campanha deve ser veiculado em uma p\u00e1gina espec\u00edfica sobre a var\u00edola dos macacos.<\/p>\n\n\n\n<div style=\"height:192px\" aria-hidden=\"true\" class=\"wp-block-spacer\"><\/div>\n\n\n\n<p>Ainda com objetivo de esclarecer a popula\u00e7\u00e3o sobre a doen\u00e7a , Queiroga adiantou que aguarda nova autoriza\u00e7\u00e3o do TSE, desta vez, para gravar um pronunciamento em cadeia de r\u00e1dio de TV com informa\u00e7\u00f5es t\u00e9cnicas sobre a var\u00edola dos macacos para esclarecer a popula\u00e7\u00e3o.<\/p>\n\n\n\n<figure class=\"wp-block-image size-medium\"><img loading=\"lazy\" width=\"300\" height=\"179\" src=\"https:\/\/www.radiomanchester.com.br\/fm\/wp-content\/uploads\/2022\/08\/B9F34C94-DB70-41EF-9A7A-6EF5E74DE6B5-300x179.jpeg\" alt=\"\" class=\"wp-image-8905\" srcset=\"https:\/\/www.radiomanchester.com.br\/fm\/wp-content\/uploads\/2022\/08\/B9F34C94-DB70-41EF-9A7A-6EF5E74DE6B5-300x179.jpeg 300w, https:\/\/www.radiomanchester.com.br\/fm\/wp-content\/uploads\/2022\/08\/B9F34C94-DB70-41EF-9A7A-6EF5E74DE6B5-1024x613.jpeg 1024w, https:\/\/www.radiomanchester.com.br\/fm\/wp-content\/uploads\/2022\/08\/B9F34C94-DB70-41EF-9A7A-6EF5E74DE6B5-768x459.jpeg 768w, https:\/\/www.radiomanchester.com.br\/fm\/wp-content\/uploads\/2022\/08\/B9F34C94-DB70-41EF-9A7A-6EF5E74DE6B5.jpeg 1170w\" sizes=\"(max-width: 300px) 100vw, 300px\" \/><figcaption>O ministro da Sa\u00fade, Marcelo Queiroga, convida a imprensa para o lan\u00e7amento da Campanha Nacional de Preven\u00e7\u00e3o \u00e0 Var\u00edola dos Macacos, nesta segunda-feira (22), em Bras\u00edlia (DF).<\/figcaption><\/figure>\n\n\n\n<p>Por Ag\u00eancia Brasil &#8211; foto: Ag\u00eancia Brasil<\/p>\n","protected":false},"excerpt":{"rendered":"<p class=\"excerpt\">Ideia \u00e9 informar popula\u00e7\u00e3o sobre a transmiss\u00e3o, cont\u00e1gio e sintomas Com o conceito Var\u00edola dos Macacos: Fique Bem com a Informa\u00e7\u00e3o Certa, o Minist\u00e9rio da Sa\u00fade lan\u00e7ou, nesta segunda-feira (22\/08), em Bras\u00edlia,\u00a0 a Campanha Nacional de Preven\u00e7\u00e3o \u00e0 doen\u00e7a. A ideia \u00e9 conscientizar a popula\u00e7\u00e3o sobre a transmiss\u00e3o, cont\u00e1gio, sintomas e preven\u00e7\u00e3o, al\u00e9m de dar [&hellip;]<\/p>\n","protected":false},"author":1,"featured_media":0,"comment_status":"open","ping_status":"open","sticky":false,"template":"","format":"standard","meta":[],"categories":[8,17],"tags":[22,24,113,83,92],"yoast_head":"<!-- This site is optimized with the Yoast SEO plugin v18.3 - https:\/\/yoast.com\/wordpress\/plugins\/seo\/ -->\n<title>Minist\u00e9rio da Sa\u00fade lan\u00e7a campanha sobre a var\u00edola dos macacos - Manchester FM 93,3<\/title>\n<meta name=\"robots\" content=\"index, follow, max-snippet:-1, max-image-preview:large, max-video-preview:-1\" \/>\n<link rel=\"canonical\" href=\"https:\/\/www.radiomanchester.com.br\/fm\/ministerio-da-saude-lanca-campanha-sobre-a-variola-dos-macacos\/\" \/>\n<meta property=\"og:locale\" content=\"pt_BR\" \/>\n<meta property=\"og:type\" content=\"article\" \/>\n<meta property=\"og:title\" content=\"Minist\u00e9rio da Sa\u00fade lan\u00e7a campanha sobre a var\u00edola dos macacos - Manchester FM 93,3\" \/>\n<meta property=\"og:description\" content=\"Ideia \u00e9 informar popula\u00e7\u00e3o sobre a transmiss\u00e3o, cont\u00e1gio e sintomas Com o conceito Var\u00edola dos Macacos: Fique Bem com a Informa\u00e7\u00e3o Certa, o Minist\u00e9rio da Sa\u00fade lan\u00e7ou, nesta segunda-feira (22\/08), em Bras\u00edlia,\u00a0 a Campanha Nacional de Preven\u00e7\u00e3o \u00e0 doen\u00e7a. A ideia \u00e9 conscientizar a popula\u00e7\u00e3o sobre a transmiss\u00e3o, cont\u00e1gio, sintomas e preven\u00e7\u00e3o, al\u00e9m de dar [&hellip;]\" \/>\n<meta property=\"og:url\" content=\"https:\/\/www.radiomanchester.com.br\/fm\/ministerio-da-saude-lanca-campanha-sobre-a-variola-dos-macacos\/\" \/>\n<meta property=\"og:site_name\" content=\"Manchester FM 93,3\" \/>\n<meta property=\"article:published_time\" content=\"2022-08-23T11:36:39+00:00\" \/>\n<meta property=\"article:modified_time\" content=\"2022-08-23T11:36:46+00:00\" \/>\n<meta property=\"og:image\" content=\"https:\/\/www.radiomanchester.com.br\/fm\/wp-content\/uploads\/2022\/08\/B9F34C94-DB70-41EF-9A7A-6EF5E74DE6B5-300x179.jpeg\" \/>\n<meta name=\"twitter:card\" content=\"summary_large_image\" \/>\n<meta name=\"twitter:label1\" content=\"Escrito por\" \/>\n\t<meta name=\"twitter:data1\" content=\"admin\" \/>\n\t<meta name=\"twitter:label2\" content=\"Est. tempo de leitura\" \/>\n\t<meta name=\"twitter:data2\" content=\"5 minutos\" \/>\n<script type=\"application\/ld+json\" class=\"yoast-schema-graph\">{\"@context\":\"https:\/\/schema.org\",\"@graph\":[{\"@type\":\"WebSite\",\"@id\":\"https:\/\/www.radiomanchester.com.br\/fm\/#website\",\"url\":\"https:\/\/www.radiomanchester.com.br\/fm\/\",\"name\":\"Manchester FM 93,3\",\"description\":\"Todo Mundo Ouve!\",\"potentialAction\":[{\"@type\":\"SearchAction\",\"target\":{\"@type\":\"EntryPoint\",\"urlTemplate\":\"https:\/\/www.radiomanchester.com.br\/fm\/?s={search_term_string}\"},\"query-input\":\"required name=search_term_string\"}],\"inLanguage\":\"pt-BR\"},{\"@type\":\"ImageObject\",\"@id\":\"https:\/\/www.radiomanchester.com.br\/fm\/ministerio-da-saude-lanca-campanha-sobre-a-variola-dos-macacos\/#primaryimage\",\"inLanguage\":\"pt-BR\",\"url\":\"https:\/\/www.radiomanchester.com.br\/fm\/wp-content\/uploads\/2022\/08\/B9F34C94-DB70-41EF-9A7A-6EF5E74DE6B5.jpeg\",\"contentUrl\":\"https:\/\/www.radiomanchester.com.br\/fm\/wp-content\/uploads\/2022\/08\/B9F34C94-DB70-41EF-9A7A-6EF5E74DE6B5.jpeg\",\"width\":1170,\"height\":700,\"caption\":\"O ministro da Sa\u00fade, Marcelo Queiroga, convida a imprensa para o lan\u00e7amento da Campanha Nacional de Preven\u00e7\u00e3o \u00e0 Var\u00edola dos Macacos, nesta segunda-feira (22), em Bras\u00edlia (DF).\"},{\"@type\":\"WebPage\",\"@id\":\"https:\/\/www.radiomanchester.com.br\/fm\/ministerio-da-saude-lanca-campanha-sobre-a-variola-dos-macacos\/#webpage\",\"url\":\"https:\/\/www.radiomanchester.com.br\/fm\/ministerio-da-saude-lanca-campanha-sobre-a-variola-dos-macacos\/\",\"name\":\"Minist\u00e9rio da Sa\u00fade lan\u00e7a campanha sobre a var\u00edola dos macacos - Manchester FM 93,3\",\"isPartOf\":{\"@id\":\"https:\/\/www.radiomanchester.com.br\/fm\/#website\"},\"primaryImageOfPage\":{\"@id\":\"https:\/\/www.radiomanchester.com.br\/fm\/ministerio-da-saude-lanca-campanha-sobre-a-variola-dos-macacos\/#primaryimage\"},\"datePublished\":\"2022-08-23T11:36:39+00:00\",\"dateModified\":\"2022-08-23T11:36:46+00:00\",\"author\":{\"@id\":\"https:\/\/www.radiomanchester.com.br\/fm\/#\/schema\/person\/408a7b4d4e32cbebd90e2782852abca3\"},\"breadcrumb\":{\"@id\":\"https:\/\/www.radiomanchester.com.br\/fm\/ministerio-da-saude-lanca-campanha-sobre-a-variola-dos-macacos\/#breadcrumb\"},\"inLanguage\":\"pt-BR\",\"potentialAction\":[{\"@type\":\"ReadAction\",\"target\":[\"https:\/\/www.radiomanchester.com.br\/fm\/ministerio-da-saude-lanca-campanha-sobre-a-variola-dos-macacos\/\"]}]},{\"@type\":\"BreadcrumbList\",\"@id\":\"https:\/\/www.radiomanchester.com.br\/fm\/ministerio-da-saude-lanca-campanha-sobre-a-variola-dos-macacos\/#breadcrumb\",\"itemListElement\":[{\"@type\":\"ListItem\",\"position\":1,\"name\":\"Home\",\"item\":\"https:\/\/www.radiomanchester.com.br\/fm\/\"},{\"@type\":\"ListItem\",\"position\":2,\"name\":\"Minist\u00e9rio da Sa\u00fade lan\u00e7a campanha sobre a var\u00edola dos macacos\"}]},{\"@type\":\"Person\",\"@id\":\"https:\/\/www.radiomanchester.com.br\/fm\/#\/schema\/person\/408a7b4d4e32cbebd90e2782852abca3\",\"name\":\"admin\",\"image\":{\"@type\":\"ImageObject\",\"@id\":\"https:\/\/www.radiomanchester.com.br\/fm\/#personlogo\",\"inLanguage\":\"pt-BR\",\"url\":\"https:\/\/secure.gravatar.com\/avatar\/115a974dba3376872eb3addeb276301c?s=96&d=mm&r=g\",\"contentUrl\":\"https:\/\/secure.gravatar.com\/avatar\/115a974dba3376872eb3addeb276301c?s=96&d=mm&r=g\",\"caption\":\"admin\"},\"url\":\"https:\/\/www.radiomanchester.com.br\/fm\/author\/admin\/\"}]}<\/script>\n<!-- \/ Yoast SEO plugin. -->","yoast_head_json":{"title":"Minist\u00e9rio da Sa\u00fade lan\u00e7a campanha sobre a var\u00edola dos macacos - Manchester FM 93,3","robots":{"index":"index","follow":"follow","max-snippet":"max-snippet:-1","max-image-preview":"max-image-preview:large","max-video-preview":"max-video-preview:-1"},"canonical":"https:\/\/www.radiomanchester.com.br\/fm\/ministerio-da-saude-lanca-campanha-sobre-a-variola-dos-macacos\/","og_locale":"pt_BR","og_type":"article","og_title":"Minist\u00e9rio da Sa\u00fade lan\u00e7a campanha sobre a var\u00edola dos macacos - Manchester FM 93,3","og_description":"Ideia \u00e9 informar popula\u00e7\u00e3o sobre a transmiss\u00e3o, cont\u00e1gio e sintomas Com o conceito Var\u00edola dos Macacos: Fique Bem com a Informa\u00e7\u00e3o Certa, o Minist\u00e9rio da Sa\u00fade lan\u00e7ou, nesta segunda-feira (22\/08), em Bras\u00edlia,\u00a0 a Campanha Nacional de Preven\u00e7\u00e3o \u00e0 doen\u00e7a. A ideia \u00e9 conscientizar a popula\u00e7\u00e3o sobre a transmiss\u00e3o, cont\u00e1gio, sintomas e preven\u00e7\u00e3o, al\u00e9m de dar [&hellip;]","og_url":"https:\/\/www.radiomanchester.com.br\/fm\/ministerio-da-saude-lanca-campanha-sobre-a-variola-dos-macacos\/","og_site_name":"Manchester FM 93,3","article_published_time":"2022-08-23T11:36:39+00:00","article_modified_time":"2022-08-23T11:36:46+00:00","og_image":[{"url":"https:\/\/www.radiomanchester.com.br\/fm\/wp-content\/uploads\/2022\/08\/B9F34C94-DB70-41EF-9A7A-6EF5E74DE6B5-300x179.jpeg"}],"twitter_card":"summary_large_image","twitter_misc":{"Escrito por":"admin","Est. tempo de leitura":"5 minutos"},"schema":{"@context":"https:\/\/schema.org","@graph":[{"@type":"WebSite","@id":"https:\/\/www.radiomanchester.com.br\/fm\/#website","url":"https:\/\/www.radiomanchester.com.br\/fm\/","name":"Manchester FM 93,3","description":"Todo Mundo Ouve!","potentialAction":[{"@type":"SearchAction","target":{"@type":"EntryPoint","urlTemplate":"https:\/\/www.radiomanchester.com.br\/fm\/?s={search_term_string}"},"query-input":"required name=search_term_string"}],"inLanguage":"pt-BR"},{"@type":"ImageObject","@id":"https:\/\/www.radiomanchester.com.br\/fm\/ministerio-da-saude-lanca-campanha-sobre-a-variola-dos-macacos\/#primaryimage","inLanguage":"pt-BR","url":"https:\/\/www.radiomanchester.com.br\/fm\/wp-content\/uploads\/2022\/08\/B9F34C94-DB70-41EF-9A7A-6EF5E74DE6B5.jpeg","contentUrl":"https:\/\/www.radiomanchester.com.br\/fm\/wp-content\/uploads\/2022\/08\/B9F34C94-DB70-41EF-9A7A-6EF5E74DE6B5.jpeg","width":1170,"height":700,"caption":"O ministro da Sa\u00fade, Marcelo Queiroga, convida a imprensa para o lan\u00e7amento da Campanha Nacional de Preven\u00e7\u00e3o \u00e0 Var\u00edola dos Macacos, nesta segunda-feira (22), em Bras\u00edlia (DF)."},{"@type":"WebPage","@id":"https:\/\/www.radiomanchester.com.br\/fm\/ministerio-da-saude-lanca-campanha-sobre-a-variola-dos-macacos\/#webpage","url":"https:\/\/www.radiomanchester.com.br\/fm\/ministerio-da-saude-lanca-campanha-sobre-a-variola-dos-macacos\/","name":"Minist\u00e9rio da Sa\u00fade lan\u00e7a campanha sobre a var\u00edola dos macacos - Manchester FM 93,3","isPartOf":{"@id":"https:\/\/www.radiomanchester.com.br\/fm\/#website"},"primaryImageOfPage":{"@id":"https:\/\/www.radiomanchester.com.br\/fm\/ministerio-da-saude-lanca-campanha-sobre-a-variola-dos-macacos\/#primaryimage"},"datePublished":"2022-08-23T11:36:39+00:00","dateModified":"2022-08-23T11:36:46+00:00","author":{"@id":"https:\/\/www.radiomanchester.com.br\/fm\/#\/schema\/person\/408a7b4d4e32cbebd90e2782852abca3"},"breadcrumb":{"@id":"https:\/\/www.radiomanchester.com.br\/fm\/ministerio-da-saude-lanca-campanha-sobre-a-variola-dos-macacos\/#breadcrumb"},"inLanguage":"pt-BR","potentialAction":[{"@type":"ReadAction","target":["https:\/\/www.radiomanchester.com.br\/fm\/ministerio-da-saude-lanca-campanha-sobre-a-variola-dos-macacos\/"]}]},{"@type":"BreadcrumbList","@id":"https:\/\/www.radiomanchester.com.br\/fm\/ministerio-da-saude-lanca-campanha-sobre-a-variola-dos-macacos\/#breadcrumb","itemListElement":[{"@type":"ListItem","position":1,"name":"Home","item":"https:\/\/www.radiomanchester.com.br\/fm\/"},{"@type":"ListItem","position":2,"name":"Minist\u00e9rio da Sa\u00fade lan\u00e7a campanha sobre a var\u00edola dos macacos"}]},{"@type":"Person","@id":"https:\/\/www.radiomanchester.com.br\/fm\/#\/schema\/person\/408a7b4d4e32cbebd90e2782852abca3","name":"admin","image":{"@type":"ImageObject","@id":"https:\/\/www.radiomanchester.com.br\/fm\/#personlogo","inLanguage":"pt-BR","url":"https:\/\/secure.gravatar.com\/avatar\/115a974dba3376872eb3addeb276301c?s=96&d=mm&r=g","contentUrl":"https:\/\/secure.gravatar.com\/avatar\/115a974dba3376872eb3addeb276301c?s=96&d=mm&r=g","caption":"admin"},"url":"https:\/\/www.radiomanchester.com.br\/fm\/author\/admin\/"}]}},"_links":{"self":[{"href":"https:\/\/www.radiomanchester.com.br\/fm\/wp-json\/wp\/v2\/posts\/8904"}],"collection":[{"href":"https:\/\/www.radiomanchester.com.br\/fm\/wp-json\/wp\/v2\/posts"}],"about":[{"href":"https:\/\/www.radiomanchester.com.br\/fm\/wp-json\/wp\/v2\/types\/post"}],"author":[{"embeddable":true,"href":"https:\/\/www.radiomanchester.com.br\/fm\/wp-json\/wp\/v2\/users\/1"}],"replies":[{"embeddable":true,"href":"https:\/\/www.radiomanchester.com.br\/fm\/wp-json\/wp\/v2\/comments?post=8904"}],"version-history":[{"count":1,"href":"https:\/\/www.radiomanchester.com.br\/fm\/wp-json\/wp\/v2\/posts\/8904\/revisions"}],"predecessor-version":[{"id":8906,"href":"https:\/\/www.radiomanchester.com.br\/fm\/wp-json\/wp\/v2\/posts\/8904\/revisions\/8906"}],"wp:attachment":[{"href":"https:\/\/www.radiomanchester.com.br\/fm\/wp-json\/wp\/v2\/media?parent=8904"}],"wp:term":[{"taxonomy":"category","embeddable":true,"href":"https:\/\/www.radiomanchester.com.br\/fm\/wp-json\/wp\/v2\/categories?post=8904"},{"taxonomy":"post_tag","embeddable":true,"href":"https:\/\/www.radiomanchester.com.br\/fm\/wp-json\/wp\/v2\/tags?post=8904"}],"curies":[{"name":"wp","href":"https:\/\/api.w.org\/{rel}","templated":true}]}}