{"id":8937,"date":"2022-08-26T11:37:00","date_gmt":"2022-08-26T14:37:00","guid":{"rendered":"https:\/\/www.radiomanchester.com.br\/fm\/?p=8937"},"modified":"2022-08-25T22:41:16","modified_gmt":"2022-08-26T01:41:16","slug":"mais-de-10-milhoes-de-pessoas-ainda-nao-sacaram-fundo-do-pis-pasep","status":"publish","type":"post","link":"https:\/\/www.radiomanchester.com.br\/fm\/mais-de-10-milhoes-de-pessoas-ainda-nao-sacaram-fundo-do-pis-pasep\/","title":{"rendered":"Mais de 10 milh\u00f5es de pessoas ainda n\u00e3o sacaram fundo do PIS\/Pasep"},"content":{"rendered":"\n<p><em><strong>Segundo a Caixa, R$ 24,6 bi podem ser retirados at\u00e9 2025<\/strong><\/em><\/p>\n\n\n\n<hr class=\"wp-block-separator\"\/>\n\n\n\n<p>Liberado desde agosto de 2019, o saque das contas dos fundos do Programa de Integra\u00e7\u00e3o Social (PIS) e do Programa de Forma\u00e7\u00e3o do Patrim\u00f4nio do Servidor P\u00fablico (Pasep) est\u00e1 esquecido por muitos trabalhadores. Segundo balan\u00e7o divulgado nesta quinta, (25\/08) pela Caixa Econ\u00f4mica Federal, cerca de 10,6 milh\u00f5es de brasileiros ainda n\u00e3o retiraram R$ 24,6 bilh\u00f5es.<\/p>\n\n\n\n<div style=\"height:100px\" aria-hidden=\"true\" class=\"wp-block-spacer\"><\/div>\n\n\n\n<p>T\u00eam direito ao saque quem trabalhou com carteira assinada na iniciativa privada entre 1971 e 4 de outubro de 1988. Os interessados podem procurar ag\u00eancias da Caixa ou efetuar o saque por meios digitais.<\/p>\n\n\n\n<div style=\"height:100px\" aria-hidden=\"true\" class=\"wp-block-spacer\"><\/div>\n\n\n\n<p>At\u00e9 2020, a Caixa administrava apenas as cotas do PIS, destinadas aos trabalhadores do setor privado. O Banco do Brasil (BB) gerenciava o fundo do Pasep, destinadas a servidores p\u00fablicos, militares e funcion\u00e1rios de estatais. A Medida Provis\u00f3ria 946, editada em Em 2020, a Medida Provis\u00f3ria 946 extinguiu o fundo PIS\/Pasep e transferiu todos os recursos para o Fundo de Garantia do Tempo de Servi\u00e7o (FGTS), unificando todo o saque na Caixa Econ\u00f4mica Federal.<\/p>\n\n\n\n<div style=\"height:100px\" aria-hidden=\"true\" class=\"wp-block-spacer\"><\/div>\n\n\n\n<p>Segundo a Caixa, desde a transfer\u00eancia das cotas para o FGTS at\u00e9 31 de julho deste ano, o banco pagou R$ 493 milh\u00f5es a 340 mil antigos trabalhadores. Em caso de morte do benefici\u00e1rio, os dependentes e herdeiros t\u00eam direito aos recursos.<\/p>\n\n\n\n<div style=\"height:100px\" aria-hidden=\"true\" class=\"wp-block-spacer\"><\/div>\n\n\n\n<p><strong>Como sacar<br><\/strong>O saque pode ser pedido no aplicativo FGTS, que permite a transfer\u00eancia para uma conta corrente ou a autoriza\u00e7\u00e3o para a retirada em esp\u00e9cie. Ao abrir o aplicativo, o trabalhador deve clicar na mensagem Voc\u00ea possui saque dispon\u00edvel. Em seguida, deve escolher a mensagem Solicitar o saque do PIS\/Pasep e, por fim, a forma de retirada: cr\u00e9dito em conta ou presencial.<\/p>\n\n\n\n<div style=\"height:100px\" aria-hidden=\"true\" class=\"wp-block-spacer\"><\/div>\n\n\n\n<p>Ap\u00f3s essas etapas, o trabalhador deve conferir os dados e escolher a op\u00e7\u00e3o Confirmar saque. Caso tenha optado pelo cr\u00e9dito em conta, a transfer\u00eancia ser\u00e1 feita para qualquer conta banc\u00e1ria indicada pelo trabalhador, sem nenhum custo.<\/p>\n\n\n\n<div style=\"height:100px\" aria-hidden=\"true\" class=\"wp-block-spacer\"><\/div>\n\n\n\n<p>A retirada em esp\u00e9cie varia conforme o valor a que o benefici\u00e1rio tem direito. O saldo pode ser consultado no aplicativo FGTS. O saque de at\u00e9 R$ 3 mil poder\u00e1 ser feito nas lot\u00e9ricas, correspondentes Caixa Aqui e nos terminais de autoatendimento, utilizando o cart\u00e3o Cidad\u00e3o, com senha. Acima de R$ 3 mil, somente nas ag\u00eancias da Caixa, mediante a apresenta\u00e7\u00e3o de documento oficial com foto.<\/p>\n\n\n\n<div style=\"height:100px\" aria-hidden=\"true\" class=\"wp-block-spacer\"><\/div>\n\n\n\n<p><strong>Herdeiros e dependentes<br><\/strong>A lei facilita o saque por herdeiros, que passar\u00e3o a ter acesso simplificado aos recursos. Eles ter\u00e3o apenas de apresentar declara\u00e7\u00e3o de consenso entre as partes e a declara\u00e7\u00e3o de que n\u00e3o existem outros herdeiros conhecidos, al\u00e9m de documentos como certid\u00e3o de \u00f3bito, certid\u00e3o ou declara\u00e7\u00e3o de dependentes, invent\u00e1rios ou alvar\u00e1s judiciais que comprovem as informa\u00e7\u00f5es.<\/p>\n\n\n\n<div style=\"height:100px\" aria-hidden=\"true\" class=\"wp-block-spacer\"><\/div>\n\n\n\n<p>No de trabalhador falecido, o dependente ou herdeiro pode abrir o aplicativo FGTS em seu nome e escolher a op\u00e7\u00e3o Meus saques. Em seguida, deve clicar nos campos Outras situa\u00e7\u00f5es de saque e PIS\/Pasep \u2013 Falecimento do trabalhador. O aplicativo informar\u00e1 os documentos necess\u00e1rios. Caso tenha a papelada em m\u00e3os, basta confirmar o pedido.<\/p>\n\n\n\n<div style=\"height:100px\" aria-hidden=\"true\" class=\"wp-block-spacer\"><\/div>\n\n\n\n<p><strong>Outros servi\u00e7os<br><\/strong>O aplicativo oferece outros servi\u00e7os, como consulta ao extrato e atualiza\u00e7\u00e3o cadastral do trabalhador. Caso o cotista se enquadre em qualquer hip\u00f3tese de saque do FGTS e tenha dinheiro do fundo Pis\/Pasep, o saldo dessa conta \u00e9 liberado em conjunto com o Fundo de Garantia.<\/p>\n\n\n\n<div style=\"height:100px\" aria-hidden=\"true\" class=\"wp-block-spacer\"><\/div>\n\n\n\n<p>Segundo a Lei 13.932, de 2019, os recursos do fundo ficar\u00e3o dispon\u00edveis para todos os cotistas. Diferentemente dos saques anteriores, realizados em 2016, 2017 e 2018, n\u00e3o h\u00e1 limite de idade para a retirada do dinheiro.<\/p>\n\n\n\n<div style=\"height:100px\" aria-hidden=\"true\" class=\"wp-block-spacer\"><\/div>\n\n\n\n<p>Em caso de d\u00favida, a Caixa est\u00e1 \u00e0 disposi\u00e7\u00e3o para esclarecimentos. Basta o trabalhador acessar o aplicativo FGTS ou ligar para os telefones 4004-0104 (capitais e regi\u00f5es metropolitanas) ou 0800-104-0104 (demais regi\u00f5es).<\/p>\n\n\n\n<figure class=\"wp-block-image size-medium\"><img loading=\"lazy\" width=\"300\" height=\"179\" src=\"https:\/\/www.radiomanchester.com.br\/fm\/wp-content\/uploads\/2022\/08\/real_moedadinheiro_jfcrz_abr_1701220046_1-300x179.jpg\" alt=\"\" class=\"wp-image-8938\" srcset=\"https:\/\/www.radiomanchester.com.br\/fm\/wp-content\/uploads\/2022\/08\/real_moedadinheiro_jfcrz_abr_1701220046_1-300x179.jpg 300w, https:\/\/www.radiomanchester.com.br\/fm\/wp-content\/uploads\/2022\/08\/real_moedadinheiro_jfcrz_abr_1701220046_1-1024x613.jpg 1024w, https:\/\/www.radiomanchester.com.br\/fm\/wp-content\/uploads\/2022\/08\/real_moedadinheiro_jfcrz_abr_1701220046_1-768x459.jpg 768w, https:\/\/www.radiomanchester.com.br\/fm\/wp-content\/uploads\/2022\/08\/real_moedadinheiro_jfcrz_abr_1701220046_1.jpg 1170w\" sizes=\"(max-width: 300px) 100vw, 300px\" \/><figcaption>Dinheiro, Real Moeda brasileira<\/figcaption><\/figure>\n\n\n\n<p>por Ag\u00eancia Brasil &#8211; foto: Ag\u00eancia Brasil<\/p>\n","protected":false},"excerpt":{"rendered":"<p class=\"excerpt\">Segundo a Caixa, R$ 24,6 bi podem ser retirados at\u00e9 2025 Liberado desde agosto de 2019, o saque das contas dos fundos do Programa de Integra\u00e7\u00e3o Social (PIS) e do Programa de Forma\u00e7\u00e3o do Patrim\u00f4nio do Servidor P\u00fablico (Pasep) est\u00e1 esquecido por muitos trabalhadores. Segundo balan\u00e7o divulgado nesta quinta, (25\/08) pela Caixa Econ\u00f4mica Federal, cerca [&hellip;]<\/p>\n","protected":false},"author":1,"featured_media":0,"comment_status":"open","ping_status":"open","sticky":false,"template":"","format":"standard","meta":[],"categories":[8,17],"tags":[22,24,113,83,92],"yoast_head":"<!-- This site is optimized with the Yoast SEO plugin v18.3 - https:\/\/yoast.com\/wordpress\/plugins\/seo\/ -->\n<title>Mais de 10 milh\u00f5es de pessoas ainda n\u00e3o sacaram fundo do PIS\/Pasep - Manchester FM 93,3<\/title>\n<meta name=\"robots\" content=\"index, follow, max-snippet:-1, max-image-preview:large, max-video-preview:-1\" \/>\n<link rel=\"canonical\" href=\"https:\/\/www.radiomanchester.com.br\/fm\/mais-de-10-milhoes-de-pessoas-ainda-nao-sacaram-fundo-do-pis-pasep\/\" \/>\n<meta property=\"og:locale\" content=\"pt_BR\" \/>\n<meta property=\"og:type\" content=\"article\" \/>\n<meta property=\"og:title\" content=\"Mais de 10 milh\u00f5es de pessoas ainda n\u00e3o sacaram fundo do PIS\/Pasep - Manchester FM 93,3\" \/>\n<meta property=\"og:description\" content=\"Segundo a Caixa, R$ 24,6 bi podem ser retirados at\u00e9 2025 Liberado desde agosto de 2019, o saque das contas dos fundos do Programa de Integra\u00e7\u00e3o Social (PIS) e do Programa de Forma\u00e7\u00e3o do Patrim\u00f4nio do Servidor P\u00fablico (Pasep) est\u00e1 esquecido por muitos trabalhadores. Segundo balan\u00e7o divulgado nesta quinta, (25\/08) pela Caixa Econ\u00f4mica Federal, cerca [&hellip;]\" \/>\n<meta property=\"og:url\" content=\"https:\/\/www.radiomanchester.com.br\/fm\/mais-de-10-milhoes-de-pessoas-ainda-nao-sacaram-fundo-do-pis-pasep\/\" \/>\n<meta property=\"og:site_name\" content=\"Manchester FM 93,3\" \/>\n<meta property=\"article:published_time\" content=\"2022-08-26T14:37:00+00:00\" \/>\n<meta property=\"article:modified_time\" content=\"2022-08-26T01:41:16+00:00\" \/>\n<meta property=\"og:image\" content=\"https:\/\/www.radiomanchester.com.br\/fm\/wp-content\/uploads\/2022\/08\/real_moedadinheiro_jfcrz_abr_1701220046_1-300x179.jpg\" \/>\n<meta name=\"twitter:card\" content=\"summary_large_image\" \/>\n<meta name=\"twitter:label1\" content=\"Escrito por\" \/>\n\t<meta name=\"twitter:data1\" content=\"admin\" \/>\n\t<meta name=\"twitter:label2\" content=\"Est. tempo de leitura\" \/>\n\t<meta name=\"twitter:data2\" content=\"4 minutos\" \/>\n<script type=\"application\/ld+json\" class=\"yoast-schema-graph\">{\"@context\":\"https:\/\/schema.org\",\"@graph\":[{\"@type\":\"WebSite\",\"@id\":\"https:\/\/www.radiomanchester.com.br\/fm\/#website\",\"url\":\"https:\/\/www.radiomanchester.com.br\/fm\/\",\"name\":\"Manchester FM 93,3\",\"description\":\"Todo Mundo Ouve!\",\"potentialAction\":[{\"@type\":\"SearchAction\",\"target\":{\"@type\":\"EntryPoint\",\"urlTemplate\":\"https:\/\/www.radiomanchester.com.br\/fm\/?s={search_term_string}\"},\"query-input\":\"required name=search_term_string\"}],\"inLanguage\":\"pt-BR\"},{\"@type\":\"ImageObject\",\"@id\":\"https:\/\/www.radiomanchester.com.br\/fm\/mais-de-10-milhoes-de-pessoas-ainda-nao-sacaram-fundo-do-pis-pasep\/#primaryimage\",\"inLanguage\":\"pt-BR\",\"url\":\"https:\/\/www.radiomanchester.com.br\/fm\/wp-content\/uploads\/2022\/08\/real_moedadinheiro_jfcrz_abr_1701220046_1.jpg\",\"contentUrl\":\"https:\/\/www.radiomanchester.com.br\/fm\/wp-content\/uploads\/2022\/08\/real_moedadinheiro_jfcrz_abr_1701220046_1.jpg\",\"width\":1170,\"height\":700,\"caption\":\"Dinheiro, Real Moeda brasileira\"},{\"@type\":\"WebPage\",\"@id\":\"https:\/\/www.radiomanchester.com.br\/fm\/mais-de-10-milhoes-de-pessoas-ainda-nao-sacaram-fundo-do-pis-pasep\/#webpage\",\"url\":\"https:\/\/www.radiomanchester.com.br\/fm\/mais-de-10-milhoes-de-pessoas-ainda-nao-sacaram-fundo-do-pis-pasep\/\",\"name\":\"Mais de 10 milh\u00f5es de pessoas ainda n\u00e3o sacaram fundo do PIS\/Pasep - Manchester FM 93,3\",\"isPartOf\":{\"@id\":\"https:\/\/www.radiomanchester.com.br\/fm\/#website\"},\"primaryImageOfPage\":{\"@id\":\"https:\/\/www.radiomanchester.com.br\/fm\/mais-de-10-milhoes-de-pessoas-ainda-nao-sacaram-fundo-do-pis-pasep\/#primaryimage\"},\"datePublished\":\"2022-08-26T14:37:00+00:00\",\"dateModified\":\"2022-08-26T01:41:16+00:00\",\"author\":{\"@id\":\"https:\/\/www.radiomanchester.com.br\/fm\/#\/schema\/person\/408a7b4d4e32cbebd90e2782852abca3\"},\"breadcrumb\":{\"@id\":\"https:\/\/www.radiomanchester.com.br\/fm\/mais-de-10-milhoes-de-pessoas-ainda-nao-sacaram-fundo-do-pis-pasep\/#breadcrumb\"},\"inLanguage\":\"pt-BR\",\"potentialAction\":[{\"@type\":\"ReadAction\",\"target\":[\"https:\/\/www.radiomanchester.com.br\/fm\/mais-de-10-milhoes-de-pessoas-ainda-nao-sacaram-fundo-do-pis-pasep\/\"]}]},{\"@type\":\"BreadcrumbList\",\"@id\":\"https:\/\/www.radiomanchester.com.br\/fm\/mais-de-10-milhoes-de-pessoas-ainda-nao-sacaram-fundo-do-pis-pasep\/#breadcrumb\",\"itemListElement\":[{\"@type\":\"ListItem\",\"position\":1,\"name\":\"Home\",\"item\":\"https:\/\/www.radiomanchester.com.br\/fm\/\"},{\"@type\":\"ListItem\",\"position\":2,\"name\":\"Mais de 10 milh\u00f5es de pessoas ainda n\u00e3o sacaram fundo do PIS\/Pasep\"}]},{\"@type\":\"Person\",\"@id\":\"https:\/\/www.radiomanchester.com.br\/fm\/#\/schema\/person\/408a7b4d4e32cbebd90e2782852abca3\",\"name\":\"admin\",\"image\":{\"@type\":\"ImageObject\",\"@id\":\"https:\/\/www.radiomanchester.com.br\/fm\/#personlogo\",\"inLanguage\":\"pt-BR\",\"url\":\"https:\/\/secure.gravatar.com\/avatar\/115a974dba3376872eb3addeb276301c?s=96&d=mm&r=g\",\"contentUrl\":\"https:\/\/secure.gravatar.com\/avatar\/115a974dba3376872eb3addeb276301c?s=96&d=mm&r=g\",\"caption\":\"admin\"},\"url\":\"https:\/\/www.radiomanchester.com.br\/fm\/author\/admin\/\"}]}<\/script>\n<!-- \/ Yoast SEO plugin. -->","yoast_head_json":{"title":"Mais de 10 milh\u00f5es de pessoas ainda n\u00e3o sacaram fundo do PIS\/Pasep - Manchester FM 93,3","robots":{"index":"index","follow":"follow","max-snippet":"max-snippet:-1","max-image-preview":"max-image-preview:large","max-video-preview":"max-video-preview:-1"},"canonical":"https:\/\/www.radiomanchester.com.br\/fm\/mais-de-10-milhoes-de-pessoas-ainda-nao-sacaram-fundo-do-pis-pasep\/","og_locale":"pt_BR","og_type":"article","og_title":"Mais de 10 milh\u00f5es de pessoas ainda n\u00e3o sacaram fundo do PIS\/Pasep - Manchester FM 93,3","og_description":"Segundo a Caixa, R$ 24,6 bi podem ser retirados at\u00e9 2025 Liberado desde agosto de 2019, o saque das contas dos fundos do Programa de Integra\u00e7\u00e3o Social (PIS) e do Programa de Forma\u00e7\u00e3o do Patrim\u00f4nio do Servidor P\u00fablico (Pasep) est\u00e1 esquecido por muitos trabalhadores. Segundo balan\u00e7o divulgado nesta quinta, (25\/08) pela Caixa Econ\u00f4mica Federal, cerca [&hellip;]","og_url":"https:\/\/www.radiomanchester.com.br\/fm\/mais-de-10-milhoes-de-pessoas-ainda-nao-sacaram-fundo-do-pis-pasep\/","og_site_name":"Manchester FM 93,3","article_published_time":"2022-08-26T14:37:00+00:00","article_modified_time":"2022-08-26T01:41:16+00:00","og_image":[{"url":"https:\/\/www.radiomanchester.com.br\/fm\/wp-content\/uploads\/2022\/08\/real_moedadinheiro_jfcrz_abr_1701220046_1-300x179.jpg"}],"twitter_card":"summary_large_image","twitter_misc":{"Escrito por":"admin","Est. tempo de leitura":"4 minutos"},"schema":{"@context":"https:\/\/schema.org","@graph":[{"@type":"WebSite","@id":"https:\/\/www.radiomanchester.com.br\/fm\/#website","url":"https:\/\/www.radiomanchester.com.br\/fm\/","name":"Manchester FM 93,3","description":"Todo Mundo Ouve!","potentialAction":[{"@type":"SearchAction","target":{"@type":"EntryPoint","urlTemplate":"https:\/\/www.radiomanchester.com.br\/fm\/?s={search_term_string}"},"query-input":"required name=search_term_string"}],"inLanguage":"pt-BR"},{"@type":"ImageObject","@id":"https:\/\/www.radiomanchester.com.br\/fm\/mais-de-10-milhoes-de-pessoas-ainda-nao-sacaram-fundo-do-pis-pasep\/#primaryimage","inLanguage":"pt-BR","url":"https:\/\/www.radiomanchester.com.br\/fm\/wp-content\/uploads\/2022\/08\/real_moedadinheiro_jfcrz_abr_1701220046_1.jpg","contentUrl":"https:\/\/www.radiomanchester.com.br\/fm\/wp-content\/uploads\/2022\/08\/real_moedadinheiro_jfcrz_abr_1701220046_1.jpg","width":1170,"height":700,"caption":"Dinheiro, Real Moeda brasileira"},{"@type":"WebPage","@id":"https:\/\/www.radiomanchester.com.br\/fm\/mais-de-10-milhoes-de-pessoas-ainda-nao-sacaram-fundo-do-pis-pasep\/#webpage","url":"https:\/\/www.radiomanchester.com.br\/fm\/mais-de-10-milhoes-de-pessoas-ainda-nao-sacaram-fundo-do-pis-pasep\/","name":"Mais de 10 milh\u00f5es de pessoas ainda n\u00e3o sacaram fundo do PIS\/Pasep - Manchester FM 93,3","isPartOf":{"@id":"https:\/\/www.radiomanchester.com.br\/fm\/#website"},"primaryImageOfPage":{"@id":"https:\/\/www.radiomanchester.com.br\/fm\/mais-de-10-milhoes-de-pessoas-ainda-nao-sacaram-fundo-do-pis-pasep\/#primaryimage"},"datePublished":"2022-08-26T14:37:00+00:00","dateModified":"2022-08-26T01:41:16+00:00","author":{"@id":"https:\/\/www.radiomanchester.com.br\/fm\/#\/schema\/person\/408a7b4d4e32cbebd90e2782852abca3"},"breadcrumb":{"@id":"https:\/\/www.radiomanchester.com.br\/fm\/mais-de-10-milhoes-de-pessoas-ainda-nao-sacaram-fundo-do-pis-pasep\/#breadcrumb"},"inLanguage":"pt-BR","potentialAction":[{"@type":"ReadAction","target":["https:\/\/www.radiomanchester.com.br\/fm\/mais-de-10-milhoes-de-pessoas-ainda-nao-sacaram-fundo-do-pis-pasep\/"]}]},{"@type":"BreadcrumbList","@id":"https:\/\/www.radiomanchester.com.br\/fm\/mais-de-10-milhoes-de-pessoas-ainda-nao-sacaram-fundo-do-pis-pasep\/#breadcrumb","itemListElement":[{"@type":"ListItem","position":1,"name":"Home","item":"https:\/\/www.radiomanchester.com.br\/fm\/"},{"@type":"ListItem","position":2,"name":"Mais de 10 milh\u00f5es de pessoas ainda n\u00e3o sacaram fundo do PIS\/Pasep"}]},{"@type":"Person","@id":"https:\/\/www.radiomanchester.com.br\/fm\/#\/schema\/person\/408a7b4d4e32cbebd90e2782852abca3","name":"admin","image":{"@type":"ImageObject","@id":"https:\/\/www.radiomanchester.com.br\/fm\/#personlogo","inLanguage":"pt-BR","url":"https:\/\/secure.gravatar.com\/avatar\/115a974dba3376872eb3addeb276301c?s=96&d=mm&r=g","contentUrl":"https:\/\/secure.gravatar.com\/avatar\/115a974dba3376872eb3addeb276301c?s=96&d=mm&r=g","caption":"admin"},"url":"https:\/\/www.radiomanchester.com.br\/fm\/author\/admin\/"}]}},"_links":{"self":[{"href":"https:\/\/www.radiomanchester.com.br\/fm\/wp-json\/wp\/v2\/posts\/8937"}],"collection":[{"href":"https:\/\/www.radiomanchester.com.br\/fm\/wp-json\/wp\/v2\/posts"}],"about":[{"href":"https:\/\/www.radiomanchester.com.br\/fm\/wp-json\/wp\/v2\/types\/post"}],"author":[{"embeddable":true,"href":"https:\/\/www.radiomanchester.com.br\/fm\/wp-json\/wp\/v2\/users\/1"}],"replies":[{"embeddable":true,"href":"https:\/\/www.radiomanchester.com.br\/fm\/wp-json\/wp\/v2\/comments?post=8937"}],"version-history":[{"count":1,"href":"https:\/\/www.radiomanchester.com.br\/fm\/wp-json\/wp\/v2\/posts\/8937\/revisions"}],"predecessor-version":[{"id":8939,"href":"https:\/\/www.radiomanchester.com.br\/fm\/wp-json\/wp\/v2\/posts\/8937\/revisions\/8939"}],"wp:attachment":[{"href":"https:\/\/www.radiomanchester.com.br\/fm\/wp-json\/wp\/v2\/media?parent=8937"}],"wp:term":[{"taxonomy":"category","embeddable":true,"href":"https:\/\/www.radiomanchester.com.br\/fm\/wp-json\/wp\/v2\/categories?post=8937"},{"taxonomy":"post_tag","embeddable":true,"href":"https:\/\/www.radiomanchester.com.br\/fm\/wp-json\/wp\/v2\/tags?post=8937"}],"curies":[{"name":"wp","href":"https:\/\/api.w.org\/{rel}","templated":true}]}}