{"id":8940,"date":"2022-08-26T13:31:04","date_gmt":"2022-08-26T16:31:04","guid":{"rendered":"https:\/\/www.radiomanchester.com.br\/fm\/?p=8940"},"modified":"2022-08-26T13:31:09","modified_gmt":"2022-08-26T16:31:09","slug":"quase-40-bairros-de-anapolis-ficarao-sem-agua-na-proxima-segunda-feira-diz-saneago","status":"publish","type":"post","link":"https:\/\/www.radiomanchester.com.br\/fm\/quase-40-bairros-de-anapolis-ficarao-sem-agua-na-proxima-segunda-feira-diz-saneago\/","title":{"rendered":"Quase 40 bairros de An\u00e1polis ficar\u00e3o sem \u00e1gua na pr\u00f3xima segunda-feira, diz Saneago"},"content":{"rendered":"\n<p><\/p>\n\n\n\n<p><strong><em>A previs\u00e3o para a normaliza\u00e7\u00e3o do abastecimento \u00e9 na madrugada de ter\u00e7a-feira<\/em><\/strong><\/p>\n\n\n\n<hr class=\"wp-block-separator\"\/>\n\n\n\n<p>T\u00e9cnicos da Saneago v\u00e3o fazer manuten\u00e7\u00e3o programada no Centro de Reserva\u00e7\u00e3o R3, respons\u00e1vel pelo abastecimento do munic\u00edpio na pr\u00f3xima segunda-feira (29\/08), das 8h \u00e0s 13h. Segundo a estatal, a manuten\u00e7\u00e3o \u00e9 necess\u00e1ria para interliga\u00e7\u00e3o da rede a novos reservat\u00f3rios da unidade. Por essa raz\u00e3o, o abastecimento de \u00e1gua em alguns bairros ser\u00e1 afetado.<\/p>\n\n\n\n<div style=\"height:100px\" aria-hidden=\"true\" class=\"wp-block-spacer\"><\/div>\n\n\n\n<p>Ainda conforme a companhia, o abastecimento retornar\u00e1, assim que o servi\u00e7o for conclu\u00eddo, tendo encerramento previsto para a madrugada de ter\u00e7a-feira (30\/08). A Saneago pede para que os consumidores fa\u00e7am uso moderado da \u00e1gua tratada e que mantenham os reservat\u00f3rios residenciais cheios.<\/p>\n\n\n\n<div style=\"height:275px\" aria-hidden=\"true\" class=\"wp-block-spacer\"><\/div>\n\n\n\n<p><strong>Confira abaixo a lista com os bairros afetados:<\/strong><\/p>\n\n\n\n<p>Alto da Bela Vista, Bairro Eldorado, Bairro JK, Bairro Jundia\u00ed, Bairro S\u00e3o Sebasti\u00e3o, Centro, Condom\u00ednio Tropical, Conjunto Jamaica, IAPC, Jardim Am\u00e9rica, Jardim Arco Verde &#8211; 1\u00aa e 2\u00aa etapas, Jardim Eldorado, Jardim Goiano, Jardim Santa Cecilia, Jardim Santana, Jardim Su\u00ed\u00e7o, Jardins do Lago, JK Nova Capital, JK Oeste, Loteamento Jardim S\u00e3o Paulo, Loteamento Residencial Alphaville, Loteamento Santa Clara, Na\u00e7\u00f5es Unidas, Residencial Itoror\u00f3, Residencial Maria Augusta, Residencial Tangar\u00e1, Residencial Shangril\u00e1, Setor Jundia\u00ed Industrial, Setor Nova Capital, Setor Sul &#8211; 1\u00aa, 2\u00aa e 3\u00aa etapas, Vila Falluh, Vila Formosa, Vila Formosa JK, Vila Industrial Jundia\u00ed, Vila Jo\u00e3o Luiz de Oliveira e Vila S\u00e3o Jos\u00e9.<\/p>\n\n\n\n<figure class=\"wp-block-image size-medium\"><img loading=\"lazy\" width=\"300\" height=\"225\" src=\"https:\/\/www.radiomanchester.com.br\/fm\/wp-content\/uploads\/2022\/08\/624FE84D-F768-4CC9-8ED8-726F001B88DC-300x225.jpeg\" alt=\"\" class=\"wp-image-8941\" srcset=\"https:\/\/www.radiomanchester.com.br\/fm\/wp-content\/uploads\/2022\/08\/624FE84D-F768-4CC9-8ED8-726F001B88DC-300x225.jpeg 300w, https:\/\/www.radiomanchester.com.br\/fm\/wp-content\/uploads\/2022\/08\/624FE84D-F768-4CC9-8ED8-726F001B88DC.jpeg 640w\" sizes=\"(max-width: 300px) 100vw, 300px\" \/><\/figure>\n\n\n\n<p>Por Wanessa Lopes com informa\u00e7\u00f5es da Saneago e G1 &#8211; foto: reprodu\u00e7\u00e3o Saneago<\/p>\n","protected":false},"excerpt":{"rendered":"<p class=\"excerpt\">A previs\u00e3o para a normaliza\u00e7\u00e3o do abastecimento \u00e9 na madrugada de ter\u00e7a-feira T\u00e9cnicos da Saneago v\u00e3o fazer manuten\u00e7\u00e3o programada no Centro de Reserva\u00e7\u00e3o R3, respons\u00e1vel pelo abastecimento do munic\u00edpio na pr\u00f3xima segunda-feira (29\/08), das 8h \u00e0s 13h. Segundo a estatal, a manuten\u00e7\u00e3o \u00e9 necess\u00e1ria para interliga\u00e7\u00e3o da rede a novos reservat\u00f3rios da unidade. Por essa [&hellip;]<\/p>\n","protected":false},"author":1,"featured_media":0,"comment_status":"open","ping_status":"open","sticky":false,"template":"","format":"standard","meta":[],"categories":[8,17],"tags":[22,24,113,83,92],"yoast_head":"<!-- This site is optimized with the Yoast SEO plugin v18.3 - https:\/\/yoast.com\/wordpress\/plugins\/seo\/ -->\n<title>Quase 40 bairros de An\u00e1polis ficar\u00e3o sem \u00e1gua na pr\u00f3xima segunda-feira, diz Saneago - Manchester FM 93,3<\/title>\n<meta name=\"robots\" content=\"index, follow, max-snippet:-1, max-image-preview:large, max-video-preview:-1\" \/>\n<link rel=\"canonical\" href=\"https:\/\/www.radiomanchester.com.br\/fm\/quase-40-bairros-de-anapolis-ficarao-sem-agua-na-proxima-segunda-feira-diz-saneago\/\" \/>\n<meta property=\"og:locale\" content=\"pt_BR\" \/>\n<meta property=\"og:type\" content=\"article\" \/>\n<meta property=\"og:title\" content=\"Quase 40 bairros de An\u00e1polis ficar\u00e3o sem \u00e1gua na pr\u00f3xima segunda-feira, diz Saneago - Manchester FM 93,3\" \/>\n<meta property=\"og:description\" content=\"A previs\u00e3o para a normaliza\u00e7\u00e3o do abastecimento \u00e9 na madrugada de ter\u00e7a-feira T\u00e9cnicos da Saneago v\u00e3o fazer manuten\u00e7\u00e3o programada no Centro de Reserva\u00e7\u00e3o R3, respons\u00e1vel pelo abastecimento do munic\u00edpio na pr\u00f3xima segunda-feira (29\/08), das 8h \u00e0s 13h. Segundo a estatal, a manuten\u00e7\u00e3o \u00e9 necess\u00e1ria para interliga\u00e7\u00e3o da rede a novos reservat\u00f3rios da unidade. Por essa [&hellip;]\" \/>\n<meta property=\"og:url\" content=\"https:\/\/www.radiomanchester.com.br\/fm\/quase-40-bairros-de-anapolis-ficarao-sem-agua-na-proxima-segunda-feira-diz-saneago\/\" \/>\n<meta property=\"og:site_name\" content=\"Manchester FM 93,3\" \/>\n<meta property=\"article:published_time\" content=\"2022-08-26T16:31:04+00:00\" \/>\n<meta property=\"article:modified_time\" content=\"2022-08-26T16:31:09+00:00\" \/>\n<meta property=\"og:image\" content=\"https:\/\/www.radiomanchester.com.br\/fm\/wp-content\/uploads\/2022\/08\/624FE84D-F768-4CC9-8ED8-726F001B88DC-300x225.jpeg\" \/>\n<meta name=\"twitter:card\" content=\"summary_large_image\" \/>\n<meta name=\"twitter:label1\" content=\"Escrito por\" \/>\n\t<meta name=\"twitter:data1\" content=\"admin\" \/>\n\t<meta name=\"twitter:label2\" content=\"Est. tempo de leitura\" \/>\n\t<meta name=\"twitter:data2\" content=\"2 minutos\" \/>\n<script type=\"application\/ld+json\" class=\"yoast-schema-graph\">{\"@context\":\"https:\/\/schema.org\",\"@graph\":[{\"@type\":\"WebSite\",\"@id\":\"https:\/\/www.radiomanchester.com.br\/fm\/#website\",\"url\":\"https:\/\/www.radiomanchester.com.br\/fm\/\",\"name\":\"Manchester FM 93,3\",\"description\":\"Todo Mundo Ouve!\",\"potentialAction\":[{\"@type\":\"SearchAction\",\"target\":{\"@type\":\"EntryPoint\",\"urlTemplate\":\"https:\/\/www.radiomanchester.com.br\/fm\/?s={search_term_string}\"},\"query-input\":\"required name=search_term_string\"}],\"inLanguage\":\"pt-BR\"},{\"@type\":\"ImageObject\",\"@id\":\"https:\/\/www.radiomanchester.com.br\/fm\/quase-40-bairros-de-anapolis-ficarao-sem-agua-na-proxima-segunda-feira-diz-saneago\/#primaryimage\",\"inLanguage\":\"pt-BR\",\"url\":\"https:\/\/www.radiomanchester.com.br\/fm\/wp-content\/uploads\/2022\/08\/624FE84D-F768-4CC9-8ED8-726F001B88DC.jpeg\",\"contentUrl\":\"https:\/\/www.radiomanchester.com.br\/fm\/wp-content\/uploads\/2022\/08\/624FE84D-F768-4CC9-8ED8-726F001B88DC.jpeg\",\"width\":640,\"height\":480},{\"@type\":\"WebPage\",\"@id\":\"https:\/\/www.radiomanchester.com.br\/fm\/quase-40-bairros-de-anapolis-ficarao-sem-agua-na-proxima-segunda-feira-diz-saneago\/#webpage\",\"url\":\"https:\/\/www.radiomanchester.com.br\/fm\/quase-40-bairros-de-anapolis-ficarao-sem-agua-na-proxima-segunda-feira-diz-saneago\/\",\"name\":\"Quase 40 bairros de An\u00e1polis ficar\u00e3o sem \u00e1gua na pr\u00f3xima segunda-feira, diz Saneago - Manchester FM 93,3\",\"isPartOf\":{\"@id\":\"https:\/\/www.radiomanchester.com.br\/fm\/#website\"},\"primaryImageOfPage\":{\"@id\":\"https:\/\/www.radiomanchester.com.br\/fm\/quase-40-bairros-de-anapolis-ficarao-sem-agua-na-proxima-segunda-feira-diz-saneago\/#primaryimage\"},\"datePublished\":\"2022-08-26T16:31:04+00:00\",\"dateModified\":\"2022-08-26T16:31:09+00:00\",\"author\":{\"@id\":\"https:\/\/www.radiomanchester.com.br\/fm\/#\/schema\/person\/408a7b4d4e32cbebd90e2782852abca3\"},\"breadcrumb\":{\"@id\":\"https:\/\/www.radiomanchester.com.br\/fm\/quase-40-bairros-de-anapolis-ficarao-sem-agua-na-proxima-segunda-feira-diz-saneago\/#breadcrumb\"},\"inLanguage\":\"pt-BR\",\"potentialAction\":[{\"@type\":\"ReadAction\",\"target\":[\"https:\/\/www.radiomanchester.com.br\/fm\/quase-40-bairros-de-anapolis-ficarao-sem-agua-na-proxima-segunda-feira-diz-saneago\/\"]}]},{\"@type\":\"BreadcrumbList\",\"@id\":\"https:\/\/www.radiomanchester.com.br\/fm\/quase-40-bairros-de-anapolis-ficarao-sem-agua-na-proxima-segunda-feira-diz-saneago\/#breadcrumb\",\"itemListElement\":[{\"@type\":\"ListItem\",\"position\":1,\"name\":\"Home\",\"item\":\"https:\/\/www.radiomanchester.com.br\/fm\/\"},{\"@type\":\"ListItem\",\"position\":2,\"name\":\"Quase 40 bairros de An\u00e1polis ficar\u00e3o sem \u00e1gua na pr\u00f3xima segunda-feira, diz Saneago\"}]},{\"@type\":\"Person\",\"@id\":\"https:\/\/www.radiomanchester.com.br\/fm\/#\/schema\/person\/408a7b4d4e32cbebd90e2782852abca3\",\"name\":\"admin\",\"image\":{\"@type\":\"ImageObject\",\"@id\":\"https:\/\/www.radiomanchester.com.br\/fm\/#personlogo\",\"inLanguage\":\"pt-BR\",\"url\":\"https:\/\/secure.gravatar.com\/avatar\/115a974dba3376872eb3addeb276301c?s=96&d=mm&r=g\",\"contentUrl\":\"https:\/\/secure.gravatar.com\/avatar\/115a974dba3376872eb3addeb276301c?s=96&d=mm&r=g\",\"caption\":\"admin\"},\"url\":\"https:\/\/www.radiomanchester.com.br\/fm\/author\/admin\/\"}]}<\/script>\n<!-- \/ Yoast SEO plugin. -->","yoast_head_json":{"title":"Quase 40 bairros de An\u00e1polis ficar\u00e3o sem \u00e1gua na pr\u00f3xima segunda-feira, diz Saneago - Manchester FM 93,3","robots":{"index":"index","follow":"follow","max-snippet":"max-snippet:-1","max-image-preview":"max-image-preview:large","max-video-preview":"max-video-preview:-1"},"canonical":"https:\/\/www.radiomanchester.com.br\/fm\/quase-40-bairros-de-anapolis-ficarao-sem-agua-na-proxima-segunda-feira-diz-saneago\/","og_locale":"pt_BR","og_type":"article","og_title":"Quase 40 bairros de An\u00e1polis ficar\u00e3o sem \u00e1gua na pr\u00f3xima segunda-feira, diz Saneago - Manchester FM 93,3","og_description":"A previs\u00e3o para a normaliza\u00e7\u00e3o do abastecimento \u00e9 na madrugada de ter\u00e7a-feira T\u00e9cnicos da Saneago v\u00e3o fazer manuten\u00e7\u00e3o programada no Centro de Reserva\u00e7\u00e3o R3, respons\u00e1vel pelo abastecimento do munic\u00edpio na pr\u00f3xima segunda-feira (29\/08), das 8h \u00e0s 13h. Segundo a estatal, a manuten\u00e7\u00e3o \u00e9 necess\u00e1ria para interliga\u00e7\u00e3o da rede a novos reservat\u00f3rios da unidade. Por essa [&hellip;]","og_url":"https:\/\/www.radiomanchester.com.br\/fm\/quase-40-bairros-de-anapolis-ficarao-sem-agua-na-proxima-segunda-feira-diz-saneago\/","og_site_name":"Manchester FM 93,3","article_published_time":"2022-08-26T16:31:04+00:00","article_modified_time":"2022-08-26T16:31:09+00:00","og_image":[{"url":"https:\/\/www.radiomanchester.com.br\/fm\/wp-content\/uploads\/2022\/08\/624FE84D-F768-4CC9-8ED8-726F001B88DC-300x225.jpeg"}],"twitter_card":"summary_large_image","twitter_misc":{"Escrito por":"admin","Est. tempo de leitura":"2 minutos"},"schema":{"@context":"https:\/\/schema.org","@graph":[{"@type":"WebSite","@id":"https:\/\/www.radiomanchester.com.br\/fm\/#website","url":"https:\/\/www.radiomanchester.com.br\/fm\/","name":"Manchester FM 93,3","description":"Todo Mundo Ouve!","potentialAction":[{"@type":"SearchAction","target":{"@type":"EntryPoint","urlTemplate":"https:\/\/www.radiomanchester.com.br\/fm\/?s={search_term_string}"},"query-input":"required name=search_term_string"}],"inLanguage":"pt-BR"},{"@type":"ImageObject","@id":"https:\/\/www.radiomanchester.com.br\/fm\/quase-40-bairros-de-anapolis-ficarao-sem-agua-na-proxima-segunda-feira-diz-saneago\/#primaryimage","inLanguage":"pt-BR","url":"https:\/\/www.radiomanchester.com.br\/fm\/wp-content\/uploads\/2022\/08\/624FE84D-F768-4CC9-8ED8-726F001B88DC.jpeg","contentUrl":"https:\/\/www.radiomanchester.com.br\/fm\/wp-content\/uploads\/2022\/08\/624FE84D-F768-4CC9-8ED8-726F001B88DC.jpeg","width":640,"height":480},{"@type":"WebPage","@id":"https:\/\/www.radiomanchester.com.br\/fm\/quase-40-bairros-de-anapolis-ficarao-sem-agua-na-proxima-segunda-feira-diz-saneago\/#webpage","url":"https:\/\/www.radiomanchester.com.br\/fm\/quase-40-bairros-de-anapolis-ficarao-sem-agua-na-proxima-segunda-feira-diz-saneago\/","name":"Quase 40 bairros de An\u00e1polis ficar\u00e3o sem \u00e1gua na pr\u00f3xima segunda-feira, diz Saneago - Manchester FM 93,3","isPartOf":{"@id":"https:\/\/www.radiomanchester.com.br\/fm\/#website"},"primaryImageOfPage":{"@id":"https:\/\/www.radiomanchester.com.br\/fm\/quase-40-bairros-de-anapolis-ficarao-sem-agua-na-proxima-segunda-feira-diz-saneago\/#primaryimage"},"datePublished":"2022-08-26T16:31:04+00:00","dateModified":"2022-08-26T16:31:09+00:00","author":{"@id":"https:\/\/www.radiomanchester.com.br\/fm\/#\/schema\/person\/408a7b4d4e32cbebd90e2782852abca3"},"breadcrumb":{"@id":"https:\/\/www.radiomanchester.com.br\/fm\/quase-40-bairros-de-anapolis-ficarao-sem-agua-na-proxima-segunda-feira-diz-saneago\/#breadcrumb"},"inLanguage":"pt-BR","potentialAction":[{"@type":"ReadAction","target":["https:\/\/www.radiomanchester.com.br\/fm\/quase-40-bairros-de-anapolis-ficarao-sem-agua-na-proxima-segunda-feira-diz-saneago\/"]}]},{"@type":"BreadcrumbList","@id":"https:\/\/www.radiomanchester.com.br\/fm\/quase-40-bairros-de-anapolis-ficarao-sem-agua-na-proxima-segunda-feira-diz-saneago\/#breadcrumb","itemListElement":[{"@type":"ListItem","position":1,"name":"Home","item":"https:\/\/www.radiomanchester.com.br\/fm\/"},{"@type":"ListItem","position":2,"name":"Quase 40 bairros de An\u00e1polis ficar\u00e3o sem \u00e1gua na pr\u00f3xima segunda-feira, diz Saneago"}]},{"@type":"Person","@id":"https:\/\/www.radiomanchester.com.br\/fm\/#\/schema\/person\/408a7b4d4e32cbebd90e2782852abca3","name":"admin","image":{"@type":"ImageObject","@id":"https:\/\/www.radiomanchester.com.br\/fm\/#personlogo","inLanguage":"pt-BR","url":"https:\/\/secure.gravatar.com\/avatar\/115a974dba3376872eb3addeb276301c?s=96&d=mm&r=g","contentUrl":"https:\/\/secure.gravatar.com\/avatar\/115a974dba3376872eb3addeb276301c?s=96&d=mm&r=g","caption":"admin"},"url":"https:\/\/www.radiomanchester.com.br\/fm\/author\/admin\/"}]}},"_links":{"self":[{"href":"https:\/\/www.radiomanchester.com.br\/fm\/wp-json\/wp\/v2\/posts\/8940"}],"collection":[{"href":"https:\/\/www.radiomanchester.com.br\/fm\/wp-json\/wp\/v2\/posts"}],"about":[{"href":"https:\/\/www.radiomanchester.com.br\/fm\/wp-json\/wp\/v2\/types\/post"}],"author":[{"embeddable":true,"href":"https:\/\/www.radiomanchester.com.br\/fm\/wp-json\/wp\/v2\/users\/1"}],"replies":[{"embeddable":true,"href":"https:\/\/www.radiomanchester.com.br\/fm\/wp-json\/wp\/v2\/comments?post=8940"}],"version-history":[{"count":1,"href":"https:\/\/www.radiomanchester.com.br\/fm\/wp-json\/wp\/v2\/posts\/8940\/revisions"}],"predecessor-version":[{"id":8942,"href":"https:\/\/www.radiomanchester.com.br\/fm\/wp-json\/wp\/v2\/posts\/8940\/revisions\/8942"}],"wp:attachment":[{"href":"https:\/\/www.radiomanchester.com.br\/fm\/wp-json\/wp\/v2\/media?parent=8940"}],"wp:term":[{"taxonomy":"category","embeddable":true,"href":"https:\/\/www.radiomanchester.com.br\/fm\/wp-json\/wp\/v2\/categories?post=8940"},{"taxonomy":"post_tag","embeddable":true,"href":"https:\/\/www.radiomanchester.com.br\/fm\/wp-json\/wp\/v2\/tags?post=8940"}],"curies":[{"name":"wp","href":"https:\/\/api.w.org\/{rel}","templated":true}]}}