{"id":8966,"date":"2022-08-30T06:00:00","date_gmt":"2022-08-30T09:00:00","guid":{"rendered":"https:\/\/www.radiomanchester.com.br\/fm\/?p=8966"},"modified":"2022-08-29T18:41:13","modified_gmt":"2022-08-29T21:41:13","slug":"correios-exigirao-identificacao-dos-remetentes-nos-pacotes-nacionais","status":"publish","type":"post","link":"https:\/\/www.radiomanchester.com.br\/fm\/correios-exigirao-identificacao-dos-remetentes-nos-pacotes-nacionais\/","title":{"rendered":"Correios exigir\u00e3o identifica\u00e7\u00e3o dos remetentes nos pacotes nacionais"},"content":{"rendered":"\n<p><em><strong>As exig\u00eancias valer\u00e3o para todas as postagens<\/strong><\/em><\/p>\n\n\n\n<hr class=\"wp-block-separator\"\/>\n\n\n\n<p>A partir desta quinta-feira (1\u00ba\/09), os remetentes de encomendas nacionais transportadas pelos Correios dever\u00e3o informar, no pacote, seus CPF, CNPJ ou, caso n\u00e3o sejam brasileiros e n\u00e3o possuam tais documentos, o n\u00famero do passaporte.<\/p>\n\n\n\n<div style=\"height:100px\" aria-hidden=\"true\" class=\"wp-block-spacer\"><\/div>\n\n\n\n<p>Anunciada na primeira quinzena de julho, a exig\u00eancia valer\u00e1 para todas as postagens, permitindo o rastreamento das encomendas pelo CPF e permitindo o uso de outras funcionalidades de interatividade na entrega. Pacotes sem os dados ser\u00e3o recusados pelos atendentes.<\/p>\n\n\n\n<div style=\"height:100px\" aria-hidden=\"true\" class=\"wp-block-spacer\"><\/div>\n\n\n\n<p>Segundo os Correios, os dados pessoais do remetente n\u00e3o ser\u00e3o expostos nas etiquetas, sendo inseridos somente nos sistemas de atendimentos, em conformidade com a Lei Geral de Prote\u00e7\u00e3o de Dados (LGPD), conforme j\u00e1 ocorre nos casos de remessas internacionais.<\/p>\n\n\n\n<div style=\"height:100px\" aria-hidden=\"true\" class=\"wp-block-spacer\"><\/div>\n\n\n\n<p>Ainda de acordo com os Correios, a medida est\u00e1 em conformidade com protocolos estabelecidos pelo Conselho Nacional de Pol\u00edtica Fazend\u00e1ria (Confaz), ao exigir que junto \u00e0s encomendas nacionais, seja anexada a nota fiscal do produto ou declara\u00e7\u00e3o de conte\u00fado do pacote.<\/p>\n\n\n\n<div style=\"height:100px\" aria-hidden=\"true\" class=\"wp-block-spacer\"><\/div>\n\n\n\n<p>Encomendas endere\u00e7adas aos terminais de autoatendimento (lockers) ou enviadas por meio do servi\u00e7o gratuito <a href=\"https:\/\/www.correios.com.br\/logistica\/logistica-para-e-commerce\/imagens\/clique-e-retire-desktop\/view\">Clique e Retire <\/a>tamb\u00e9m dever\u00e3o conter o CPF, CNPJ ou n\u00famero do passaporte do destinat\u00e1rio, al\u00e9m do n\u00famero de telefone celular ou e-mail de contato do mesmo.<\/p>\n\n\n\n<figure class=\"wp-block-image size-medium\"><img loading=\"lazy\" width=\"300\" height=\"179\" src=\"https:\/\/www.radiomanchester.com.br\/fm\/wp-content\/uploads\/2022\/08\/correios_fazem_entrega_em_todo_o_pais_inclusive_nas_regioes_mais_remotas-300x179.jpg\" alt=\"\" class=\"wp-image-8967\" srcset=\"https:\/\/www.radiomanchester.com.br\/fm\/wp-content\/uploads\/2022\/08\/correios_fazem_entrega_em_todo_o_pais_inclusive_nas_regioes_mais_remotas-300x179.jpg 300w, https:\/\/www.radiomanchester.com.br\/fm\/wp-content\/uploads\/2022\/08\/correios_fazem_entrega_em_todo_o_pais_inclusive_nas_regioes_mais_remotas-1024x613.jpg 1024w, https:\/\/www.radiomanchester.com.br\/fm\/wp-content\/uploads\/2022\/08\/correios_fazem_entrega_em_todo_o_pais_inclusive_nas_regioes_mais_remotas-768x459.jpg 768w, https:\/\/www.radiomanchester.com.br\/fm\/wp-content\/uploads\/2022\/08\/correios_fazem_entrega_em_todo_o_pais_inclusive_nas_regioes_mais_remotas.jpg 1170w\" sizes=\"(max-width: 300px) 100vw, 300px\" \/><figcaption>Caminh\u00e3o dos Correios com entregas de pedidos online<\/figcaption><\/figure>\n\n\n\n<p>por Ag\u00eancia Brasil &#8211; foto: Ag\u00eancia Brasil TV Brasil<\/p>\n","protected":false},"excerpt":{"rendered":"<p class=\"excerpt\">As exig\u00eancias valer\u00e3o para todas as postagens A partir desta quinta-feira (1\u00ba\/09), os remetentes de encomendas nacionais transportadas pelos Correios dever\u00e3o informar, no pacote, seus CPF, CNPJ ou, caso n\u00e3o sejam brasileiros e n\u00e3o possuam tais documentos, o n\u00famero do passaporte. Anunciada na primeira quinzena de julho, a exig\u00eancia valer\u00e1 para todas as postagens, permitindo [&hellip;]<\/p>\n","protected":false},"author":1,"featured_media":0,"comment_status":"open","ping_status":"open","sticky":false,"template":"","format":"standard","meta":[],"categories":[8,17],"tags":[22,24,113,83,92],"yoast_head":"<!-- This site is optimized with the Yoast SEO plugin v18.3 - https:\/\/yoast.com\/wordpress\/plugins\/seo\/ -->\n<title>Correios exigir\u00e3o identifica\u00e7\u00e3o dos remetentes nos pacotes nacionais - Manchester FM 93,3<\/title>\n<meta name=\"robots\" content=\"index, follow, max-snippet:-1, max-image-preview:large, max-video-preview:-1\" \/>\n<link rel=\"canonical\" href=\"https:\/\/www.radiomanchester.com.br\/fm\/correios-exigirao-identificacao-dos-remetentes-nos-pacotes-nacionais\/\" \/>\n<meta property=\"og:locale\" content=\"pt_BR\" \/>\n<meta property=\"og:type\" content=\"article\" \/>\n<meta property=\"og:title\" content=\"Correios exigir\u00e3o identifica\u00e7\u00e3o dos remetentes nos pacotes nacionais - Manchester FM 93,3\" \/>\n<meta property=\"og:description\" content=\"As exig\u00eancias valer\u00e3o para todas as postagens A partir desta quinta-feira (1\u00ba\/09), os remetentes de encomendas nacionais transportadas pelos Correios dever\u00e3o informar, no pacote, seus CPF, CNPJ ou, caso n\u00e3o sejam brasileiros e n\u00e3o possuam tais documentos, o n\u00famero do passaporte. Anunciada na primeira quinzena de julho, a exig\u00eancia valer\u00e1 para todas as postagens, permitindo [&hellip;]\" \/>\n<meta property=\"og:url\" content=\"https:\/\/www.radiomanchester.com.br\/fm\/correios-exigirao-identificacao-dos-remetentes-nos-pacotes-nacionais\/\" \/>\n<meta property=\"og:site_name\" content=\"Manchester FM 93,3\" \/>\n<meta property=\"article:published_time\" content=\"2022-08-30T09:00:00+00:00\" \/>\n<meta property=\"article:modified_time\" content=\"2022-08-29T21:41:13+00:00\" \/>\n<meta property=\"og:image\" content=\"https:\/\/www.radiomanchester.com.br\/fm\/wp-content\/uploads\/2022\/08\/correios_fazem_entrega_em_todo_o_pais_inclusive_nas_regioes_mais_remotas-300x179.jpg\" \/>\n<meta name=\"twitter:card\" content=\"summary_large_image\" \/>\n<meta name=\"twitter:label1\" content=\"Escrito por\" \/>\n\t<meta name=\"twitter:data1\" content=\"admin\" \/>\n\t<meta name=\"twitter:label2\" content=\"Est. tempo de leitura\" \/>\n\t<meta name=\"twitter:data2\" content=\"2 minutos\" \/>\n<script type=\"application\/ld+json\" class=\"yoast-schema-graph\">{\"@context\":\"https:\/\/schema.org\",\"@graph\":[{\"@type\":\"WebSite\",\"@id\":\"https:\/\/www.radiomanchester.com.br\/fm\/#website\",\"url\":\"https:\/\/www.radiomanchester.com.br\/fm\/\",\"name\":\"Manchester FM 93,3\",\"description\":\"Todo Mundo Ouve!\",\"potentialAction\":[{\"@type\":\"SearchAction\",\"target\":{\"@type\":\"EntryPoint\",\"urlTemplate\":\"https:\/\/www.radiomanchester.com.br\/fm\/?s={search_term_string}\"},\"query-input\":\"required name=search_term_string\"}],\"inLanguage\":\"pt-BR\"},{\"@type\":\"ImageObject\",\"@id\":\"https:\/\/www.radiomanchester.com.br\/fm\/correios-exigirao-identificacao-dos-remetentes-nos-pacotes-nacionais\/#primaryimage\",\"inLanguage\":\"pt-BR\",\"url\":\"https:\/\/www.radiomanchester.com.br\/fm\/wp-content\/uploads\/2022\/08\/correios_fazem_entrega_em_todo_o_pais_inclusive_nas_regioes_mais_remotas.jpg\",\"contentUrl\":\"https:\/\/www.radiomanchester.com.br\/fm\/wp-content\/uploads\/2022\/08\/correios_fazem_entrega_em_todo_o_pais_inclusive_nas_regioes_mais_remotas.jpg\",\"width\":1170,\"height\":700,\"caption\":\"Caminh\u00e3o dos Correios com entregas de pedidos online\"},{\"@type\":\"WebPage\",\"@id\":\"https:\/\/www.radiomanchester.com.br\/fm\/correios-exigirao-identificacao-dos-remetentes-nos-pacotes-nacionais\/#webpage\",\"url\":\"https:\/\/www.radiomanchester.com.br\/fm\/correios-exigirao-identificacao-dos-remetentes-nos-pacotes-nacionais\/\",\"name\":\"Correios exigir\u00e3o identifica\u00e7\u00e3o dos remetentes nos pacotes nacionais - Manchester FM 93,3\",\"isPartOf\":{\"@id\":\"https:\/\/www.radiomanchester.com.br\/fm\/#website\"},\"primaryImageOfPage\":{\"@id\":\"https:\/\/www.radiomanchester.com.br\/fm\/correios-exigirao-identificacao-dos-remetentes-nos-pacotes-nacionais\/#primaryimage\"},\"datePublished\":\"2022-08-30T09:00:00+00:00\",\"dateModified\":\"2022-08-29T21:41:13+00:00\",\"author\":{\"@id\":\"https:\/\/www.radiomanchester.com.br\/fm\/#\/schema\/person\/408a7b4d4e32cbebd90e2782852abca3\"},\"breadcrumb\":{\"@id\":\"https:\/\/www.radiomanchester.com.br\/fm\/correios-exigirao-identificacao-dos-remetentes-nos-pacotes-nacionais\/#breadcrumb\"},\"inLanguage\":\"pt-BR\",\"potentialAction\":[{\"@type\":\"ReadAction\",\"target\":[\"https:\/\/www.radiomanchester.com.br\/fm\/correios-exigirao-identificacao-dos-remetentes-nos-pacotes-nacionais\/\"]}]},{\"@type\":\"BreadcrumbList\",\"@id\":\"https:\/\/www.radiomanchester.com.br\/fm\/correios-exigirao-identificacao-dos-remetentes-nos-pacotes-nacionais\/#breadcrumb\",\"itemListElement\":[{\"@type\":\"ListItem\",\"position\":1,\"name\":\"Home\",\"item\":\"https:\/\/www.radiomanchester.com.br\/fm\/\"},{\"@type\":\"ListItem\",\"position\":2,\"name\":\"Correios exigir\u00e3o identifica\u00e7\u00e3o dos remetentes nos pacotes nacionais\"}]},{\"@type\":\"Person\",\"@id\":\"https:\/\/www.radiomanchester.com.br\/fm\/#\/schema\/person\/408a7b4d4e32cbebd90e2782852abca3\",\"name\":\"admin\",\"image\":{\"@type\":\"ImageObject\",\"@id\":\"https:\/\/www.radiomanchester.com.br\/fm\/#personlogo\",\"inLanguage\":\"pt-BR\",\"url\":\"https:\/\/secure.gravatar.com\/avatar\/115a974dba3376872eb3addeb276301c?s=96&d=mm&r=g\",\"contentUrl\":\"https:\/\/secure.gravatar.com\/avatar\/115a974dba3376872eb3addeb276301c?s=96&d=mm&r=g\",\"caption\":\"admin\"},\"url\":\"https:\/\/www.radiomanchester.com.br\/fm\/author\/admin\/\"}]}<\/script>\n<!-- \/ Yoast SEO plugin. -->","yoast_head_json":{"title":"Correios exigir\u00e3o identifica\u00e7\u00e3o dos remetentes nos pacotes nacionais - Manchester FM 93,3","robots":{"index":"index","follow":"follow","max-snippet":"max-snippet:-1","max-image-preview":"max-image-preview:large","max-video-preview":"max-video-preview:-1"},"canonical":"https:\/\/www.radiomanchester.com.br\/fm\/correios-exigirao-identificacao-dos-remetentes-nos-pacotes-nacionais\/","og_locale":"pt_BR","og_type":"article","og_title":"Correios exigir\u00e3o identifica\u00e7\u00e3o dos remetentes nos pacotes nacionais - Manchester FM 93,3","og_description":"As exig\u00eancias valer\u00e3o para todas as postagens A partir desta quinta-feira (1\u00ba\/09), os remetentes de encomendas nacionais transportadas pelos Correios dever\u00e3o informar, no pacote, seus CPF, CNPJ ou, caso n\u00e3o sejam brasileiros e n\u00e3o possuam tais documentos, o n\u00famero do passaporte. Anunciada na primeira quinzena de julho, a exig\u00eancia valer\u00e1 para todas as postagens, permitindo [&hellip;]","og_url":"https:\/\/www.radiomanchester.com.br\/fm\/correios-exigirao-identificacao-dos-remetentes-nos-pacotes-nacionais\/","og_site_name":"Manchester FM 93,3","article_published_time":"2022-08-30T09:00:00+00:00","article_modified_time":"2022-08-29T21:41:13+00:00","og_image":[{"url":"https:\/\/www.radiomanchester.com.br\/fm\/wp-content\/uploads\/2022\/08\/correios_fazem_entrega_em_todo_o_pais_inclusive_nas_regioes_mais_remotas-300x179.jpg"}],"twitter_card":"summary_large_image","twitter_misc":{"Escrito por":"admin","Est. tempo de leitura":"2 minutos"},"schema":{"@context":"https:\/\/schema.org","@graph":[{"@type":"WebSite","@id":"https:\/\/www.radiomanchester.com.br\/fm\/#website","url":"https:\/\/www.radiomanchester.com.br\/fm\/","name":"Manchester FM 93,3","description":"Todo Mundo Ouve!","potentialAction":[{"@type":"SearchAction","target":{"@type":"EntryPoint","urlTemplate":"https:\/\/www.radiomanchester.com.br\/fm\/?s={search_term_string}"},"query-input":"required name=search_term_string"}],"inLanguage":"pt-BR"},{"@type":"ImageObject","@id":"https:\/\/www.radiomanchester.com.br\/fm\/correios-exigirao-identificacao-dos-remetentes-nos-pacotes-nacionais\/#primaryimage","inLanguage":"pt-BR","url":"https:\/\/www.radiomanchester.com.br\/fm\/wp-content\/uploads\/2022\/08\/correios_fazem_entrega_em_todo_o_pais_inclusive_nas_regioes_mais_remotas.jpg","contentUrl":"https:\/\/www.radiomanchester.com.br\/fm\/wp-content\/uploads\/2022\/08\/correios_fazem_entrega_em_todo_o_pais_inclusive_nas_regioes_mais_remotas.jpg","width":1170,"height":700,"caption":"Caminh\u00e3o dos Correios com entregas de pedidos online"},{"@type":"WebPage","@id":"https:\/\/www.radiomanchester.com.br\/fm\/correios-exigirao-identificacao-dos-remetentes-nos-pacotes-nacionais\/#webpage","url":"https:\/\/www.radiomanchester.com.br\/fm\/correios-exigirao-identificacao-dos-remetentes-nos-pacotes-nacionais\/","name":"Correios exigir\u00e3o identifica\u00e7\u00e3o dos remetentes nos pacotes nacionais - Manchester FM 93,3","isPartOf":{"@id":"https:\/\/www.radiomanchester.com.br\/fm\/#website"},"primaryImageOfPage":{"@id":"https:\/\/www.radiomanchester.com.br\/fm\/correios-exigirao-identificacao-dos-remetentes-nos-pacotes-nacionais\/#primaryimage"},"datePublished":"2022-08-30T09:00:00+00:00","dateModified":"2022-08-29T21:41:13+00:00","author":{"@id":"https:\/\/www.radiomanchester.com.br\/fm\/#\/schema\/person\/408a7b4d4e32cbebd90e2782852abca3"},"breadcrumb":{"@id":"https:\/\/www.radiomanchester.com.br\/fm\/correios-exigirao-identificacao-dos-remetentes-nos-pacotes-nacionais\/#breadcrumb"},"inLanguage":"pt-BR","potentialAction":[{"@type":"ReadAction","target":["https:\/\/www.radiomanchester.com.br\/fm\/correios-exigirao-identificacao-dos-remetentes-nos-pacotes-nacionais\/"]}]},{"@type":"BreadcrumbList","@id":"https:\/\/www.radiomanchester.com.br\/fm\/correios-exigirao-identificacao-dos-remetentes-nos-pacotes-nacionais\/#breadcrumb","itemListElement":[{"@type":"ListItem","position":1,"name":"Home","item":"https:\/\/www.radiomanchester.com.br\/fm\/"},{"@type":"ListItem","position":2,"name":"Correios exigir\u00e3o identifica\u00e7\u00e3o dos remetentes nos pacotes nacionais"}]},{"@type":"Person","@id":"https:\/\/www.radiomanchester.com.br\/fm\/#\/schema\/person\/408a7b4d4e32cbebd90e2782852abca3","name":"admin","image":{"@type":"ImageObject","@id":"https:\/\/www.radiomanchester.com.br\/fm\/#personlogo","inLanguage":"pt-BR","url":"https:\/\/secure.gravatar.com\/avatar\/115a974dba3376872eb3addeb276301c?s=96&d=mm&r=g","contentUrl":"https:\/\/secure.gravatar.com\/avatar\/115a974dba3376872eb3addeb276301c?s=96&d=mm&r=g","caption":"admin"},"url":"https:\/\/www.radiomanchester.com.br\/fm\/author\/admin\/"}]}},"_links":{"self":[{"href":"https:\/\/www.radiomanchester.com.br\/fm\/wp-json\/wp\/v2\/posts\/8966"}],"collection":[{"href":"https:\/\/www.radiomanchester.com.br\/fm\/wp-json\/wp\/v2\/posts"}],"about":[{"href":"https:\/\/www.radiomanchester.com.br\/fm\/wp-json\/wp\/v2\/types\/post"}],"author":[{"embeddable":true,"href":"https:\/\/www.radiomanchester.com.br\/fm\/wp-json\/wp\/v2\/users\/1"}],"replies":[{"embeddable":true,"href":"https:\/\/www.radiomanchester.com.br\/fm\/wp-json\/wp\/v2\/comments?post=8966"}],"version-history":[{"count":2,"href":"https:\/\/www.radiomanchester.com.br\/fm\/wp-json\/wp\/v2\/posts\/8966\/revisions"}],"predecessor-version":[{"id":8969,"href":"https:\/\/www.radiomanchester.com.br\/fm\/wp-json\/wp\/v2\/posts\/8966\/revisions\/8969"}],"wp:attachment":[{"href":"https:\/\/www.radiomanchester.com.br\/fm\/wp-json\/wp\/v2\/media?parent=8966"}],"wp:term":[{"taxonomy":"category","embeddable":true,"href":"https:\/\/www.radiomanchester.com.br\/fm\/wp-json\/wp\/v2\/categories?post=8966"},{"taxonomy":"post_tag","embeddable":true,"href":"https:\/\/www.radiomanchester.com.br\/fm\/wp-json\/wp\/v2\/tags?post=8966"}],"curies":[{"name":"wp","href":"https:\/\/api.w.org\/{rel}","templated":true}]}}