{"id":8979,"date":"2022-08-31T06:10:00","date_gmt":"2022-08-31T09:10:00","guid":{"rendered":"https:\/\/www.radiomanchester.com.br\/fm\/?p=8979"},"modified":"2022-08-30T23:16:22","modified_gmt":"2022-08-31T02:16:22","slug":"nova-edicao-da-operacao-maria-da-penha-combatera-crime-de-feminicidio","status":"publish","type":"post","link":"https:\/\/www.radiomanchester.com.br\/fm\/nova-edicao-da-operacao-maria-da-penha-combatera-crime-de-feminicidio\/","title":{"rendered":"Nova edi\u00e7\u00e3o da Opera\u00e7\u00e3o Maria da Penha combater\u00e1 crime de feminic\u00eddio"},"content":{"rendered":"\n<p><strong><em>A\u00e7\u00e3o \u00e9 coordenada pelo Minist\u00e9rio da Justi\u00e7a e Seguran\u00e7a P\u00fablica<\/em><\/strong><\/p>\n\n\n\n<hr class=\"wp-block-separator\"\/>\n\n\n\n<p>Deflagrada nesta segunda-feira, (29\/08), em todas unidades federativas, a 2\u00aa edi\u00e7\u00e3o da Opera\u00e7\u00e3o Maria da Penha, com o objetivo de combater os diversos tipos de viol\u00eancia dom\u00e9stica praticados contra as mulheres \u2013 entre eles, o feminic\u00eddio, que, pela primeira vez, faz parte desta opera\u00e7\u00e3o sob coordena\u00e7\u00e3o do Minist\u00e9rio da Justi\u00e7a e Seguran\u00e7a P\u00fablica (MJSP).<\/p>\n\n\n\n<div style=\"height:100px\" aria-hidden=\"true\" class=\"wp-block-spacer\"><\/div>\n\n\n\n<p>\u201c\u00c9 a primeira vez que o tema [feminic\u00eddio] far\u00e1 parte da Opera\u00e7\u00e3o Maria da Penha. Quando a viol\u00eancia ultrapassa todos os limites e chega ao extremo de tirar a vida pelo simples fato de a v\u00edtima ser mulher, o C\u00f3digo Penal considera esse ato como crime de femin\u00edcidio com pena que varia de 12 a 30 anos de pris\u00e3o\u201d, manifestou, em nota, a pasta.<\/p>\n\n\n\n<div style=\"height:100px\" aria-hidden=\"true\" class=\"wp-block-spacer\"><\/div>\n\n\n\n<p>A expectativa \u00e9 de que a\u00e7\u00f5es preventivas e repressivas sejam implementadas por policiais civis e militares at\u00e9 o dia 27 de setembro visando combater \u201ctodas as formas de agress\u00e3o contra a mulher\u201d. Al\u00e9m cumprir mandados judiciais, pris\u00f5es, apreens\u00f5es, a opera\u00e7\u00e3o pretende facilitar a instaura\u00e7\u00e3o de procedimentos como concess\u00e3o, solicita\u00e7\u00e3o e expedi\u00e7\u00e3o de medidas protetivas de urg\u00eancia.<\/p>\n\n\n\n<div style=\"height:100px\" aria-hidden=\"true\" class=\"wp-block-spacer\"><\/div>\n\n\n\n<p>\u201cO objetivo da Opera\u00e7\u00e3o Maria da Penha \u00e9, ainda, conscientizar a sociedade para o crime, difundir os canais de den\u00fancia, fomentar e induzir pol\u00edticas p\u00fablicas voltadas para as mulheres a partir dos indicadores apresentados. E, tamb\u00e9m, estimular e replicar boas pr\u00e1ticas implementadas pelos estados na prote\u00e7\u00e3o e acolhimento de mulheres v\u00edtimas de viol\u00eancia\u201d, detalhou o MJSP.<\/p>\n\n\n\n<div style=\"height:100px\" aria-hidden=\"true\" class=\"wp-block-spacer\"><\/div>\n\n\n\n<p><strong>Primeira edi\u00e7\u00e3o<br><\/strong>Mais de 127 mil mulheres foram atendidas durante a primeira edi\u00e7\u00e3o da Opera\u00e7\u00e3o Maria da Penha, que contou com a participa\u00e7\u00e3o de 108,6 mil profissionais de todas unidades administrativas. De acordo com o \u00faltimo balan\u00e7o, a opera\u00e7\u00e3o resultou em 14,1 mil pris\u00f5es e 39,8 mil medidas protetivas requeridas ou expedidas.<\/p>\n\n\n\n<div style=\"height:100px\" aria-hidden=\"true\" class=\"wp-block-spacer\"><\/div>\n\n\n\n<p>Para coibir esse tipo de crime, foi criada em 2015, a Lei do Feminic\u00eddio n\u00ba 13.104 que prev\u00ea circunst\u00e2ncia qualificadora do crime de homic\u00eddio e inclui este ato no rol dos crimes hediondos. A lei considera o assassinato que envolve viol\u00eancia dom\u00e9stica e familiar, menosprezo ou discrimina\u00e7\u00e3o \u00e0 condi\u00e7\u00e3o de mulher.<\/p>\n\n\n\n<div style=\"height:100px\" aria-hidden=\"true\" class=\"wp-block-spacer\"><\/div>\n\n\n\n<p><strong>Canais de atendimento<br><\/strong>Casos de viola\u00e7\u00e3o de direitos da mulher \u2013 at\u00e9 mesmo suspeitas \u2013 podem ser denunciados nas delegacias de pol\u00edcia especializadas. Atendimentos e esclarecimentos podem ser feitos tamb\u00e9m pelos telefones 180, 190 ou 193.<\/p>\n\n\n\n<div style=\"height:100px\" aria-hidden=\"true\" class=\"wp-block-spacer\"><\/div>\n\n\n\n<p>O disque 180 presta \u201cescuta e acolhida qualificada \u00e0s mulheres em situa\u00e7\u00e3o de viol\u00eancia\u201d. Esse servi\u00e7o registra e encaminha as den\u00fancias aos \u00f3rg\u00e3o competentes, bem como reclama\u00e7\u00f5es, sugest\u00f5es ou elogios. A liga\u00e7\u00e3o \u00e9 gratuita e o servi\u00e7o funciona 24 horas, todos os dias da semana.<\/p>\n\n\n\n<div style=\"height:100px\" aria-hidden=\"true\" class=\"wp-block-spacer\"><\/div>\n\n\n\n<p>Segundo o MJ, a central de atendimentos por meio da Central de Atendimento fornece tamb\u00e9m informa\u00e7\u00f5es sobre os direitos da mulher, e sobre os locais de atendimento mais pr\u00f3ximos e apropriados para cada caso \u2013 Casa da Mulher Brasileira, Centros de Refer\u00eancias, Delegacias de Atendimento \u00e0 Mulher, Defensorias P\u00fablicas, N\u00facleos Integrados de Atendimento \u00e0s Mulheres, entre outros.<\/p>\n\n\n\n<div style=\"height:100px\" aria-hidden=\"true\" class=\"wp-block-spacer\"><\/div>\n\n\n\n<p><strong>Tipos de viol\u00eancia<br><\/strong>Os tipos de viol\u00eancias praticadas contra a mulher podem ser f\u00edsica, psicol\u00f3gica, sexual, patrimonial e moral. A viol\u00eancia f\u00edsica \u00e9 qualquer a\u00e7\u00e3o que ofenda a integridade ou a sa\u00fade do corpo, como bater ou espancar; empurrar, atirar objetos na dire\u00e7\u00e3o da mulher; sacudir, chutar, apertar; queimar, cortar, ferir.<\/p>\n\n\n\n<div style=\"height:100px\" aria-hidden=\"true\" class=\"wp-block-spacer\"><\/div>\n\n\n\n<p>As viola\u00e7\u00f5es sexuais consistem em qualquer a\u00e7\u00e3o que force a mulher a fazer, manter ou presenciar ato sexual sem que ela queira, por meio de for\u00e7a, amea\u00e7a ou constrangimento f\u00edsico ou moral. Entre os exemplos est\u00e3o obrigar a fazer sexo com outras pessoas; for\u00e7ar a ver imagens pornogr\u00e1ficas; induzir ou obrigar o aborto, o matrim\u00f4nio ou a prostitui\u00e7\u00e3o.<\/p>\n\n\n\n<div style=\"height:100px\" aria-hidden=\"true\" class=\"wp-block-spacer\"><\/div>\n\n\n\n<p><strong>Ofensas diante \u00e0 sociedade<br><\/strong>A viol\u00eancia moral consiste em qualquer a\u00e7\u00e3o que desonre a mulher diante da sociedade com mentiras ou ofensas. \u00c9 tamb\u00e9m acus\u00e1-la publicamente de ter praticado crime. Os exemplos incluem xingar diante dos amigos; acusar de algo que n\u00e3o fez; falar coisas que n\u00e3o s\u00e3o verdadeiras sobre ela para os outros.<\/p>\n\n\n\n<div style=\"height:100px\" aria-hidden=\"true\" class=\"wp-block-spacer\"><\/div>\n\n\n\n<p>J\u00e1 a viol\u00eancia psicol\u00f3gica \u00e9 \u201cqualquer conduta que cause dano emocional e diminui\u00e7\u00e3o da autoestima, prejudique e perturbe o pleno desenvolvimento ou que vise a degradar ou a controlar suas a\u00e7\u00f5es, comportamentos, cren\u00e7as e decis\u00f5es, mediante amea\u00e7a, constrangimento, humilha\u00e7\u00e3o, manipula\u00e7\u00e3o, isolamento, vigil\u00e2ncia constante, persegui\u00e7\u00e3o contumaz, insulto, chantagem, viola\u00e7\u00e3o de sua intimidade, ridiculariza\u00e7\u00e3o, explora\u00e7\u00e3o e limita\u00e7\u00e3o do direito de ir e vir, ou qualquer outro meio que lhe cause preju\u00edzo \u00e0 sa\u00fade psicol\u00f3gica e \u00e0 autodetermina\u00e7\u00e3o\u201d.<\/p>\n\n\n\n<div style=\"height:100px\" aria-hidden=\"true\" class=\"wp-block-spacer\"><\/div>\n\n\n\n<p>As viola\u00e7\u00f5es psicol\u00f3gicas tamb\u00e9m incluem xingar; humilhar; amea\u00e7ar e amedrontar; tirar liberdade de escolha ou a\u00e7\u00e3o; controlar o que faz; vigiar e inspecionar celular e computador da mulher ou seus e-mails e redes sociais; isolar de amigos e de familiares; impedir que trabalhe, estude ou saia de casa; fazer com que acredite que est\u00e1 louca.<\/p>\n\n\n\n<div style=\"height:100px\" aria-hidden=\"true\" class=\"wp-block-spacer\"><\/div>\n\n\n\n<p>A viol\u00eancia patrimonial consiste em qualquer a\u00e7\u00e3o que envolva retirar o dinheiro conquistado pela mulher com seu pr\u00f3prio trabalho, assim como destruir qualquer patrim\u00f4nio, bem pessoal ou instrumento profissional. Entre as a\u00e7\u00f5es, est\u00e3o inclu\u00eddos neste rol est\u00e3o: destruir material profissional para impedir que a mulher trabalhe; controlar o dinheiro gasto, obrigando-a a fazer presta\u00e7\u00e3o de contas, mesmo quando ela trabalhe fora; queimar, rasgar fotos ou documentos pessoais.<\/p>\n\n\n\n<figure class=\"wp-block-image size-medium\"><img loading=\"lazy\" width=\"300\" height=\"179\" src=\"https:\/\/www.radiomanchester.com.br\/fm\/wp-content\/uploads\/2022\/08\/violencia_contar_mulher_mcajr_abr_0308221246-300x179.jpg\" alt=\"\" class=\"wp-image-8980\" srcset=\"https:\/\/www.radiomanchester.com.br\/fm\/wp-content\/uploads\/2022\/08\/violencia_contar_mulher_mcajr_abr_0308221246-300x179.jpg 300w, https:\/\/www.radiomanchester.com.br\/fm\/wp-content\/uploads\/2022\/08\/violencia_contar_mulher_mcajr_abr_0308221246-1024x613.jpg 1024w, https:\/\/www.radiomanchester.com.br\/fm\/wp-content\/uploads\/2022\/08\/violencia_contar_mulher_mcajr_abr_0308221246-768x459.jpg 768w, https:\/\/www.radiomanchester.com.br\/fm\/wp-content\/uploads\/2022\/08\/violencia_contar_mulher_mcajr_abr_0308221246.jpg 1170w\" sizes=\"(max-width: 300px) 100vw, 300px\" \/><figcaption>O sinal \u201cX\u201d feito com batom vermelho (ou qualquer outro material) na palma da m\u00e3o ou em um peda\u00e7o de papel, o que for mais f\u00e1cil, permite que a pessoa treinada reconhe\u00e7a que aquela mulher foi v\u00edtima de viol\u00eancia dom\u00e9stica e, assim, acione a Pol\u00edcia Militar.<\/figcaption><\/figure>\n\n\n\n<p>por Ag\u00eancia Brasil &#8211; foto: Marcello Casal Jr Ag\u00eancia Brasil<\/p>\n","protected":false},"excerpt":{"rendered":"<p class=\"excerpt\">A\u00e7\u00e3o \u00e9 coordenada pelo Minist\u00e9rio da Justi\u00e7a e Seguran\u00e7a P\u00fablica Deflagrada nesta segunda-feira, (29\/08), em todas unidades federativas, a 2\u00aa edi\u00e7\u00e3o da Opera\u00e7\u00e3o Maria da Penha, com o objetivo de combater os diversos tipos de viol\u00eancia dom\u00e9stica praticados contra as mulheres \u2013 entre eles, o feminic\u00eddio, que, pela primeira vez, faz parte desta opera\u00e7\u00e3o sob [&hellip;]<\/p>\n","protected":false},"author":1,"featured_media":0,"comment_status":"open","ping_status":"open","sticky":false,"template":"","format":"standard","meta":[],"categories":[8,17],"tags":[22,24,113,83,92],"yoast_head":"<!-- This site is optimized with the Yoast SEO plugin v18.3 - https:\/\/yoast.com\/wordpress\/plugins\/seo\/ -->\n<title>Nova edi\u00e7\u00e3o da Opera\u00e7\u00e3o Maria da Penha combater\u00e1 crime de feminic\u00eddio - Manchester FM 93,3<\/title>\n<meta name=\"robots\" content=\"index, follow, max-snippet:-1, max-image-preview:large, max-video-preview:-1\" \/>\n<link rel=\"canonical\" href=\"https:\/\/www.radiomanchester.com.br\/fm\/nova-edicao-da-operacao-maria-da-penha-combatera-crime-de-feminicidio\/\" \/>\n<meta property=\"og:locale\" content=\"pt_BR\" \/>\n<meta property=\"og:type\" content=\"article\" \/>\n<meta property=\"og:title\" content=\"Nova edi\u00e7\u00e3o da Opera\u00e7\u00e3o Maria da Penha combater\u00e1 crime de feminic\u00eddio - Manchester FM 93,3\" \/>\n<meta property=\"og:description\" content=\"A\u00e7\u00e3o \u00e9 coordenada pelo Minist\u00e9rio da Justi\u00e7a e Seguran\u00e7a P\u00fablica Deflagrada nesta segunda-feira, (29\/08), em todas unidades federativas, a 2\u00aa edi\u00e7\u00e3o da Opera\u00e7\u00e3o Maria da Penha, com o objetivo de combater os diversos tipos de viol\u00eancia dom\u00e9stica praticados contra as mulheres \u2013 entre eles, o feminic\u00eddio, que, pela primeira vez, faz parte desta opera\u00e7\u00e3o sob [&hellip;]\" \/>\n<meta property=\"og:url\" content=\"https:\/\/www.radiomanchester.com.br\/fm\/nova-edicao-da-operacao-maria-da-penha-combatera-crime-de-feminicidio\/\" \/>\n<meta property=\"og:site_name\" content=\"Manchester FM 93,3\" \/>\n<meta property=\"article:published_time\" content=\"2022-08-31T09:10:00+00:00\" \/>\n<meta property=\"article:modified_time\" content=\"2022-08-31T02:16:22+00:00\" \/>\n<meta property=\"og:image\" content=\"https:\/\/www.radiomanchester.com.br\/fm\/wp-content\/uploads\/2022\/08\/violencia_contar_mulher_mcajr_abr_0308221246-300x179.jpg\" \/>\n<meta name=\"twitter:card\" content=\"summary_large_image\" \/>\n<meta name=\"twitter:label1\" content=\"Escrito por\" \/>\n\t<meta name=\"twitter:data1\" content=\"admin\" \/>\n\t<meta name=\"twitter:label2\" content=\"Est. tempo de leitura\" \/>\n\t<meta name=\"twitter:data2\" content=\"6 minutos\" \/>\n<script type=\"application\/ld+json\" class=\"yoast-schema-graph\">{\"@context\":\"https:\/\/schema.org\",\"@graph\":[{\"@type\":\"WebSite\",\"@id\":\"https:\/\/www.radiomanchester.com.br\/fm\/#website\",\"url\":\"https:\/\/www.radiomanchester.com.br\/fm\/\",\"name\":\"Manchester FM 93,3\",\"description\":\"Todo Mundo Ouve!\",\"potentialAction\":[{\"@type\":\"SearchAction\",\"target\":{\"@type\":\"EntryPoint\",\"urlTemplate\":\"https:\/\/www.radiomanchester.com.br\/fm\/?s={search_term_string}\"},\"query-input\":\"required name=search_term_string\"}],\"inLanguage\":\"pt-BR\"},{\"@type\":\"ImageObject\",\"@id\":\"https:\/\/www.radiomanchester.com.br\/fm\/nova-edicao-da-operacao-maria-da-penha-combatera-crime-de-feminicidio\/#primaryimage\",\"inLanguage\":\"pt-BR\",\"url\":\"https:\/\/www.radiomanchester.com.br\/fm\/wp-content\/uploads\/2022\/08\/violencia_contar_mulher_mcajr_abr_0308221246.jpg\",\"contentUrl\":\"https:\/\/www.radiomanchester.com.br\/fm\/wp-content\/uploads\/2022\/08\/violencia_contar_mulher_mcajr_abr_0308221246.jpg\",\"width\":1170,\"height\":700,\"caption\":\"O sinal \u201cX\u201d feito com batom vermelho (ou qualquer outro material) na palma da m\u00e3o ou em um peda\u00e7o de papel, o que for mais f\u00e1cil, permite que a pessoa treinada reconhe\u00e7a que aquela mulher foi v\u00edtima de viol\u00eancia dom\u00e9stica e, assim, acione a Pol\u00edcia Militar.\"},{\"@type\":\"WebPage\",\"@id\":\"https:\/\/www.radiomanchester.com.br\/fm\/nova-edicao-da-operacao-maria-da-penha-combatera-crime-de-feminicidio\/#webpage\",\"url\":\"https:\/\/www.radiomanchester.com.br\/fm\/nova-edicao-da-operacao-maria-da-penha-combatera-crime-de-feminicidio\/\",\"name\":\"Nova edi\u00e7\u00e3o da Opera\u00e7\u00e3o Maria da Penha combater\u00e1 crime de feminic\u00eddio - Manchester FM 93,3\",\"isPartOf\":{\"@id\":\"https:\/\/www.radiomanchester.com.br\/fm\/#website\"},\"primaryImageOfPage\":{\"@id\":\"https:\/\/www.radiomanchester.com.br\/fm\/nova-edicao-da-operacao-maria-da-penha-combatera-crime-de-feminicidio\/#primaryimage\"},\"datePublished\":\"2022-08-31T09:10:00+00:00\",\"dateModified\":\"2022-08-31T02:16:22+00:00\",\"author\":{\"@id\":\"https:\/\/www.radiomanchester.com.br\/fm\/#\/schema\/person\/408a7b4d4e32cbebd90e2782852abca3\"},\"breadcrumb\":{\"@id\":\"https:\/\/www.radiomanchester.com.br\/fm\/nova-edicao-da-operacao-maria-da-penha-combatera-crime-de-feminicidio\/#breadcrumb\"},\"inLanguage\":\"pt-BR\",\"potentialAction\":[{\"@type\":\"ReadAction\",\"target\":[\"https:\/\/www.radiomanchester.com.br\/fm\/nova-edicao-da-operacao-maria-da-penha-combatera-crime-de-feminicidio\/\"]}]},{\"@type\":\"BreadcrumbList\",\"@id\":\"https:\/\/www.radiomanchester.com.br\/fm\/nova-edicao-da-operacao-maria-da-penha-combatera-crime-de-feminicidio\/#breadcrumb\",\"itemListElement\":[{\"@type\":\"ListItem\",\"position\":1,\"name\":\"Home\",\"item\":\"https:\/\/www.radiomanchester.com.br\/fm\/\"},{\"@type\":\"ListItem\",\"position\":2,\"name\":\"Nova edi\u00e7\u00e3o da Opera\u00e7\u00e3o Maria da Penha combater\u00e1 crime de feminic\u00eddio\"}]},{\"@type\":\"Person\",\"@id\":\"https:\/\/www.radiomanchester.com.br\/fm\/#\/schema\/person\/408a7b4d4e32cbebd90e2782852abca3\",\"name\":\"admin\",\"image\":{\"@type\":\"ImageObject\",\"@id\":\"https:\/\/www.radiomanchester.com.br\/fm\/#personlogo\",\"inLanguage\":\"pt-BR\",\"url\":\"https:\/\/secure.gravatar.com\/avatar\/115a974dba3376872eb3addeb276301c?s=96&d=mm&r=g\",\"contentUrl\":\"https:\/\/secure.gravatar.com\/avatar\/115a974dba3376872eb3addeb276301c?s=96&d=mm&r=g\",\"caption\":\"admin\"},\"url\":\"https:\/\/www.radiomanchester.com.br\/fm\/author\/admin\/\"}]}<\/script>\n<!-- \/ Yoast SEO plugin. -->","yoast_head_json":{"title":"Nova edi\u00e7\u00e3o da Opera\u00e7\u00e3o Maria da Penha combater\u00e1 crime de feminic\u00eddio - Manchester FM 93,3","robots":{"index":"index","follow":"follow","max-snippet":"max-snippet:-1","max-image-preview":"max-image-preview:large","max-video-preview":"max-video-preview:-1"},"canonical":"https:\/\/www.radiomanchester.com.br\/fm\/nova-edicao-da-operacao-maria-da-penha-combatera-crime-de-feminicidio\/","og_locale":"pt_BR","og_type":"article","og_title":"Nova edi\u00e7\u00e3o da Opera\u00e7\u00e3o Maria da Penha combater\u00e1 crime de feminic\u00eddio - Manchester FM 93,3","og_description":"A\u00e7\u00e3o \u00e9 coordenada pelo Minist\u00e9rio da Justi\u00e7a e Seguran\u00e7a P\u00fablica Deflagrada nesta segunda-feira, (29\/08), em todas unidades federativas, a 2\u00aa edi\u00e7\u00e3o da Opera\u00e7\u00e3o Maria da Penha, com o objetivo de combater os diversos tipos de viol\u00eancia dom\u00e9stica praticados contra as mulheres \u2013 entre eles, o feminic\u00eddio, que, pela primeira vez, faz parte desta opera\u00e7\u00e3o sob [&hellip;]","og_url":"https:\/\/www.radiomanchester.com.br\/fm\/nova-edicao-da-operacao-maria-da-penha-combatera-crime-de-feminicidio\/","og_site_name":"Manchester FM 93,3","article_published_time":"2022-08-31T09:10:00+00:00","article_modified_time":"2022-08-31T02:16:22+00:00","og_image":[{"url":"https:\/\/www.radiomanchester.com.br\/fm\/wp-content\/uploads\/2022\/08\/violencia_contar_mulher_mcajr_abr_0308221246-300x179.jpg"}],"twitter_card":"summary_large_image","twitter_misc":{"Escrito por":"admin","Est. tempo de leitura":"6 minutos"},"schema":{"@context":"https:\/\/schema.org","@graph":[{"@type":"WebSite","@id":"https:\/\/www.radiomanchester.com.br\/fm\/#website","url":"https:\/\/www.radiomanchester.com.br\/fm\/","name":"Manchester FM 93,3","description":"Todo Mundo Ouve!","potentialAction":[{"@type":"SearchAction","target":{"@type":"EntryPoint","urlTemplate":"https:\/\/www.radiomanchester.com.br\/fm\/?s={search_term_string}"},"query-input":"required name=search_term_string"}],"inLanguage":"pt-BR"},{"@type":"ImageObject","@id":"https:\/\/www.radiomanchester.com.br\/fm\/nova-edicao-da-operacao-maria-da-penha-combatera-crime-de-feminicidio\/#primaryimage","inLanguage":"pt-BR","url":"https:\/\/www.radiomanchester.com.br\/fm\/wp-content\/uploads\/2022\/08\/violencia_contar_mulher_mcajr_abr_0308221246.jpg","contentUrl":"https:\/\/www.radiomanchester.com.br\/fm\/wp-content\/uploads\/2022\/08\/violencia_contar_mulher_mcajr_abr_0308221246.jpg","width":1170,"height":700,"caption":"O sinal \u201cX\u201d feito com batom vermelho (ou qualquer outro material) na palma da m\u00e3o ou em um peda\u00e7o de papel, o que for mais f\u00e1cil, permite que a pessoa treinada reconhe\u00e7a que aquela mulher foi v\u00edtima de viol\u00eancia dom\u00e9stica e, assim, acione a Pol\u00edcia Militar."},{"@type":"WebPage","@id":"https:\/\/www.radiomanchester.com.br\/fm\/nova-edicao-da-operacao-maria-da-penha-combatera-crime-de-feminicidio\/#webpage","url":"https:\/\/www.radiomanchester.com.br\/fm\/nova-edicao-da-operacao-maria-da-penha-combatera-crime-de-feminicidio\/","name":"Nova edi\u00e7\u00e3o da Opera\u00e7\u00e3o Maria da Penha combater\u00e1 crime de feminic\u00eddio - Manchester FM 93,3","isPartOf":{"@id":"https:\/\/www.radiomanchester.com.br\/fm\/#website"},"primaryImageOfPage":{"@id":"https:\/\/www.radiomanchester.com.br\/fm\/nova-edicao-da-operacao-maria-da-penha-combatera-crime-de-feminicidio\/#primaryimage"},"datePublished":"2022-08-31T09:10:00+00:00","dateModified":"2022-08-31T02:16:22+00:00","author":{"@id":"https:\/\/www.radiomanchester.com.br\/fm\/#\/schema\/person\/408a7b4d4e32cbebd90e2782852abca3"},"breadcrumb":{"@id":"https:\/\/www.radiomanchester.com.br\/fm\/nova-edicao-da-operacao-maria-da-penha-combatera-crime-de-feminicidio\/#breadcrumb"},"inLanguage":"pt-BR","potentialAction":[{"@type":"ReadAction","target":["https:\/\/www.radiomanchester.com.br\/fm\/nova-edicao-da-operacao-maria-da-penha-combatera-crime-de-feminicidio\/"]}]},{"@type":"BreadcrumbList","@id":"https:\/\/www.radiomanchester.com.br\/fm\/nova-edicao-da-operacao-maria-da-penha-combatera-crime-de-feminicidio\/#breadcrumb","itemListElement":[{"@type":"ListItem","position":1,"name":"Home","item":"https:\/\/www.radiomanchester.com.br\/fm\/"},{"@type":"ListItem","position":2,"name":"Nova edi\u00e7\u00e3o da Opera\u00e7\u00e3o Maria da Penha combater\u00e1 crime de feminic\u00eddio"}]},{"@type":"Person","@id":"https:\/\/www.radiomanchester.com.br\/fm\/#\/schema\/person\/408a7b4d4e32cbebd90e2782852abca3","name":"admin","image":{"@type":"ImageObject","@id":"https:\/\/www.radiomanchester.com.br\/fm\/#personlogo","inLanguage":"pt-BR","url":"https:\/\/secure.gravatar.com\/avatar\/115a974dba3376872eb3addeb276301c?s=96&d=mm&r=g","contentUrl":"https:\/\/secure.gravatar.com\/avatar\/115a974dba3376872eb3addeb276301c?s=96&d=mm&r=g","caption":"admin"},"url":"https:\/\/www.radiomanchester.com.br\/fm\/author\/admin\/"}]}},"_links":{"self":[{"href":"https:\/\/www.radiomanchester.com.br\/fm\/wp-json\/wp\/v2\/posts\/8979"}],"collection":[{"href":"https:\/\/www.radiomanchester.com.br\/fm\/wp-json\/wp\/v2\/posts"}],"about":[{"href":"https:\/\/www.radiomanchester.com.br\/fm\/wp-json\/wp\/v2\/types\/post"}],"author":[{"embeddable":true,"href":"https:\/\/www.radiomanchester.com.br\/fm\/wp-json\/wp\/v2\/users\/1"}],"replies":[{"embeddable":true,"href":"https:\/\/www.radiomanchester.com.br\/fm\/wp-json\/wp\/v2\/comments?post=8979"}],"version-history":[{"count":1,"href":"https:\/\/www.radiomanchester.com.br\/fm\/wp-json\/wp\/v2\/posts\/8979\/revisions"}],"predecessor-version":[{"id":8981,"href":"https:\/\/www.radiomanchester.com.br\/fm\/wp-json\/wp\/v2\/posts\/8979\/revisions\/8981"}],"wp:attachment":[{"href":"https:\/\/www.radiomanchester.com.br\/fm\/wp-json\/wp\/v2\/media?parent=8979"}],"wp:term":[{"taxonomy":"category","embeddable":true,"href":"https:\/\/www.radiomanchester.com.br\/fm\/wp-json\/wp\/v2\/categories?post=8979"},{"taxonomy":"post_tag","embeddable":true,"href":"https:\/\/www.radiomanchester.com.br\/fm\/wp-json\/wp\/v2\/tags?post=8979"}],"curies":[{"name":"wp","href":"https:\/\/api.w.org\/{rel}","templated":true}]}}