{"id":9020,"date":"2022-09-07T00:05:00","date_gmt":"2022-09-07T03:05:00","guid":{"rendered":"https:\/\/www.radiomanchester.com.br\/fm\/?p=9020"},"modified":"2022-09-06T22:58:00","modified_gmt":"2022-09-07T01:58:00","slug":"7-de-setembro-bicentenario-da-independencia-e-100-anos-do-radio","status":"publish","type":"post","link":"https:\/\/www.radiomanchester.com.br\/fm\/7-de-setembro-bicentenario-da-independencia-e-100-anos-do-radio\/","title":{"rendered":"7 de setembro: Bicenten\u00e1rio da Independ\u00eancia e 100 anos do r\u00e1dio"},"content":{"rendered":"\n<p><\/p>\n\n\n\n<p>Comemorado no 7 setembro, o Dia da Independ\u00eancia recorda o grito de independ\u00eancia \u00e0s margens do rio Ipiranga, proclamado por Dom Pedro I, mas esse marco nem sempre foi comemorado na mesma data. Devido \u00e0s dificuldades de propaga\u00e7\u00e3o das informa\u00e7\u00f5es, a popula\u00e7\u00e3o s\u00f3 ficou ciente do feito em 12 de outubro, dia em que Dom Pedro I se tornou imperador do Brasil e dia do anivers\u00e1rio do monarca. Em 2022, nosso Brasil comemora 200 anos! \u00c9 o bicenten\u00e1rio da Indeped\u00eancia.<\/p>\n\n\n\n<div style=\"height:100px\" aria-hidden=\"true\" class=\"wp-block-spacer\"><\/div>\n\n\n\n<p>Oficializado no centen\u00e1rio da proclama\u00e7\u00e3o, o hino nacional tamb\u00e9m faz anivers\u00e1rio durante a semana e completou 100 anos na ter\u00e7a-feira (6\/09). A letra do hino foi escrita em 1909 pelo poeta Os\u00f3rio Duque Estrada e s\u00f3 se tornou oficial em 1922 pelo Decreto n\u00ba 15.671, de 6 de setembro de 1922, assinado pelo presidente Epit\u00e1cio Pessoa. <a href=\"https:\/\/memoria.ebc.com.br\/infantil\/voce-sabia\/2014\/11\/entenda-o-hino-nacional\">Entenda a letra da composi\u00e7\u00e3o na reportagem.<\/a><\/p>\n\n\n\n<div style=\"height:100px\" aria-hidden=\"true\" class=\"wp-block-spacer\"><\/div>\n\n\n\n<p><strong>Causas da Independ\u00eancia<br><\/strong>A independ\u00eancia do Brasil foi declarada em 1822, mas esse acontecimento tem rela\u00e7\u00e3o direta com a vinda da fam\u00edlia real portuguesa para o Brasil, em 1808. A vinda da corte portuguesa para a col\u00f4nia aconteceu devido \u00e0 invas\u00e3o de Portugal realizada pelas tropas napole\u00f4nicas, em 1807. \u00c0 \u00e9poca, Portugal tinha D. Maria como rainha e D. Jo\u00e3o como pr\u00edncipe regente.<\/p>\n\n\n\n<div style=\"height:100px\" aria-hidden=\"true\" class=\"wp-block-spacer\"><\/div>\n\n\n\n<p>A vinda da fam\u00edlia real para o Brasil resultou em transforma\u00e7\u00f5es profundas nas \u00e1reas cultural, comercial e econ\u00f4mica, e deu abertura para um processo pol\u00edtico que resultou na independ\u00eancia da col\u00f4nia. A primeira grande medida decretada por D. Jo\u00e3o VI (ele s\u00f3 se tornou de fato D. Jo\u00e3o VI em 1816) foi a abertura dos portos brasileiros para as na\u00e7\u00f5es amigas, e isso permitiu que os comerciantes brasileiros negociassem diretamente com comerciantes ingleses.<\/p>\n\n\n\n<div style=\"height:100px\" aria-hidden=\"true\" class=\"wp-block-spacer\"><\/div>\n\n\n\n<p>D. Jo\u00e3o VI tamb\u00e9m tomou uma s\u00e9rie de medidas que incentivaram o desenvolvimento cultural e a moderniza\u00e7\u00e3o do Brasil, demonstrando o intuito de torn\u00e1-lo uma parte integrante do reino portugu\u00eas e n\u00e3o apenas uma col\u00f4nia. Isso aconteceu em 16 de dezembro de 1815, quando o Brasil foi elevado \u00e0 condi\u00e7\u00e3o de reino. A partir da\u00ed, Portugal passou a chamar-se Reino Unido de Portugal, Brasil e Algarves.<\/p>\n\n\n\n<div style=\"height:100px\" aria-hidden=\"true\" class=\"wp-block-spacer\"><\/div>\n\n\n\n<p>O grande objetivo disso era manter os colonos satisfeitos com Portugal e evitar que o Brasil seguisse o caminho da revolu\u00e7\u00e3o \u2014 como havia acontecido na rela\u00e7\u00e3o EUA e Inglaterra. Apesar dos avan\u00e7os, a presen\u00e7a portuguesa no Brasil gerou atritos, e o caso simb\u00f3lico desses foi a Revolu\u00e7\u00e3o Pernambucana de 1817.<\/p>\n\n\n\n<div style=\"height:100px\" aria-hidden=\"true\" class=\"wp-block-spacer\"><\/div>\n\n\n\n<p>Essa revolu\u00e7\u00e3o demonstrava a insatisfa\u00e7\u00e3o local com mudan\u00e7as ocorridas ap\u00f3s a vinda da fam\u00edlia real para o Brasil e foi duramente reprimida. Tr\u00eas anos depois, os problemas vieram de Portugal quando estourou a Revolu\u00e7\u00e3o Liberal do Porto, em 1820. Os acontecimentos dessa \u00faltima \u00e9 que precipitaram o processo de independ\u00eancia aqui.<\/p>\n\n\n\n<div style=\"height:100px\" aria-hidden=\"true\" class=\"wp-block-spacer\"><\/div>\n\n\n\n<p>Portugal enfrentava uma grave crise por conta da invas\u00e3o francesa do per\u00edodo napole\u00f4nico. Na metr\u00f3pole havia uma grande insatisfa\u00e7\u00e3o pelas mudan\u00e7as que aconteciam no Brasil, sobretudo pela liberdade econ\u00f4mica que a col\u00f4nia havia conquistado. As grandes exig\u00eancias realizadas na Revolu\u00e7\u00e3o do Porto foram:<\/p>\n\n\n\n<ul><li><strong>o retorno do rei para Portugal;<\/strong><\/li><li><strong>o restabelecimento do monop\u00f3lio comercial.<\/strong><\/li><\/ul>\n\n\n\n<div style=\"height:100px\" aria-hidden=\"true\" class=\"wp-block-spacer\"><\/div>\n\n\n\n<p>A segunda exig\u00eancia, principalmente, incomodou profundamente os colonos porque deixava claras as inten\u00e7\u00f5es da elite portuguesa em perpetuar os la\u00e7os de explora\u00e7\u00e3o colonial. Quanto \u00e0 primeira exig\u00eancia, ela resultou no retorno de D. Jo\u00e3o VI para Lisboa em 26 de abril de 1821. Seu filho, Pedro de Alc\u00e2ntara, permaneceu no Brasil como regente.<\/p>\n\n\n\n<div style=\"height:100px\" aria-hidden=\"true\" class=\"wp-block-spacer\"><\/div>\n\n\n\n<p><strong>100 anos do R\u00e1dio<br><\/strong>A primeira grande transmiss\u00e3o radiof\u00f4nica no Brasil aconteceu durante a Exposi\u00e7\u00e3o Internacional do Rio de Janeiro, que comemorava os 100 anos da emancipa\u00e7\u00e3o do pa\u00eds e contou com discurso do ent\u00e3o presidente Epit\u00e1cio Pessoa.<\/p>\n\n\n\n<div style=\"height:100px\" aria-hidden=\"true\" class=\"wp-block-spacer\"><\/div>\n\n\n\n<p>A hist\u00f3ria da r\u00e1dio, no entanto, pode ter come\u00e7ado anos antes, em 1919, em Recife (PE). Formada por estudantes, a R\u00e1dio Clube de Pernambuco foi inaugurada em 6 de abril de 1919, um ano antes da R\u00e1dio Sociedade. A R\u00e1dio Sociedade de Edgard Roquette-Pinto, primeira r\u00e1dio oficial, veio em 20 de abril de 1920.<\/p>\n\n\n\n<figure class=\"wp-block-image size-medium\"><img loading=\"lazy\" width=\"300\" height=\"179\" src=\"https:\/\/www.radiomanchester.com.br\/fm\/wp-content\/uploads\/2022\/09\/mastro_da_bandeira_3008221990-300x179.jpg\" alt=\"\" class=\"wp-image-9021\" srcset=\"https:\/\/www.radiomanchester.com.br\/fm\/wp-content\/uploads\/2022\/09\/mastro_da_bandeira_3008221990-300x179.jpg 300w, https:\/\/www.radiomanchester.com.br\/fm\/wp-content\/uploads\/2022\/09\/mastro_da_bandeira_3008221990-1024x613.jpg 1024w, https:\/\/www.radiomanchester.com.br\/fm\/wp-content\/uploads\/2022\/09\/mastro_da_bandeira_3008221990-768x459.jpg 768w, https:\/\/www.radiomanchester.com.br\/fm\/wp-content\/uploads\/2022\/09\/mastro_da_bandeira_3008221990.jpg 1170w\" sizes=\"(max-width: 300px) 100vw, 300px\" \/><figcaption>Esplanada dos Minist\u00e9rios recebe preparativos para o desfile c\u00edvico-militar de 7 de Setembro<\/figcaption><\/figure>\n\n\n\n<p>por Leonardo Gon\u00e7alves com Ag\u00eancia Brasil &#8211; foto: Ag\u00eancia Brasil<\/p>\n","protected":false},"excerpt":{"rendered":"<p class=\"excerpt\">Comemorado no 7 setembro, o Dia da Independ\u00eancia recorda o grito de independ\u00eancia \u00e0s margens do rio Ipiranga, proclamado por Dom Pedro I, mas esse marco nem sempre foi comemorado na mesma data. Devido \u00e0s dificuldades de propaga\u00e7\u00e3o das informa\u00e7\u00f5es, a popula\u00e7\u00e3o s\u00f3 ficou ciente do feito em 12 de outubro, dia em que Dom [&hellip;]<\/p>\n","protected":false},"author":1,"featured_media":0,"comment_status":"open","ping_status":"open","sticky":false,"template":"","format":"standard","meta":[],"categories":[8,17],"tags":[1220,1219,113,83,92],"yoast_head":"<!-- This site is optimized with the Yoast SEO plugin v18.3 - https:\/\/yoast.com\/wordpress\/plugins\/seo\/ -->\n<title>7 de setembro: Bicenten\u00e1rio da Independ\u00eancia e 100 anos do r\u00e1dio - Manchester FM 93,3<\/title>\n<meta name=\"robots\" content=\"index, follow, max-snippet:-1, max-image-preview:large, max-video-preview:-1\" \/>\n<link rel=\"canonical\" href=\"https:\/\/www.radiomanchester.com.br\/fm\/7-de-setembro-bicentenario-da-independencia-e-100-anos-do-radio\/\" \/>\n<meta property=\"og:locale\" content=\"pt_BR\" \/>\n<meta property=\"og:type\" content=\"article\" \/>\n<meta property=\"og:title\" content=\"7 de setembro: Bicenten\u00e1rio da Independ\u00eancia e 100 anos do r\u00e1dio - Manchester FM 93,3\" \/>\n<meta property=\"og:description\" content=\"Comemorado no 7 setembro, o Dia da Independ\u00eancia recorda o grito de independ\u00eancia \u00e0s margens do rio Ipiranga, proclamado por Dom Pedro I, mas esse marco nem sempre foi comemorado na mesma data. Devido \u00e0s dificuldades de propaga\u00e7\u00e3o das informa\u00e7\u00f5es, a popula\u00e7\u00e3o s\u00f3 ficou ciente do feito em 12 de outubro, dia em que Dom [&hellip;]\" \/>\n<meta property=\"og:url\" content=\"https:\/\/www.radiomanchester.com.br\/fm\/7-de-setembro-bicentenario-da-independencia-e-100-anos-do-radio\/\" \/>\n<meta property=\"og:site_name\" content=\"Manchester FM 93,3\" \/>\n<meta property=\"article:published_time\" content=\"2022-09-07T03:05:00+00:00\" \/>\n<meta property=\"article:modified_time\" content=\"2022-09-07T01:58:00+00:00\" \/>\n<meta property=\"og:image\" content=\"https:\/\/www.radiomanchester.com.br\/fm\/wp-content\/uploads\/2022\/09\/mastro_da_bandeira_3008221990-300x179.jpg\" \/>\n<meta name=\"twitter:card\" content=\"summary_large_image\" \/>\n<meta name=\"twitter:label1\" content=\"Escrito por\" \/>\n\t<meta name=\"twitter:data1\" content=\"admin\" \/>\n\t<meta name=\"twitter:label2\" content=\"Est. tempo de leitura\" \/>\n\t<meta name=\"twitter:data2\" content=\"4 minutos\" \/>\n<script type=\"application\/ld+json\" class=\"yoast-schema-graph\">{\"@context\":\"https:\/\/schema.org\",\"@graph\":[{\"@type\":\"WebSite\",\"@id\":\"https:\/\/www.radiomanchester.com.br\/fm\/#website\",\"url\":\"https:\/\/www.radiomanchester.com.br\/fm\/\",\"name\":\"Manchester FM 93,3\",\"description\":\"Todo Mundo Ouve!\",\"potentialAction\":[{\"@type\":\"SearchAction\",\"target\":{\"@type\":\"EntryPoint\",\"urlTemplate\":\"https:\/\/www.radiomanchester.com.br\/fm\/?s={search_term_string}\"},\"query-input\":\"required name=search_term_string\"}],\"inLanguage\":\"pt-BR\"},{\"@type\":\"ImageObject\",\"@id\":\"https:\/\/www.radiomanchester.com.br\/fm\/7-de-setembro-bicentenario-da-independencia-e-100-anos-do-radio\/#primaryimage\",\"inLanguage\":\"pt-BR\",\"url\":\"https:\/\/www.radiomanchester.com.br\/fm\/wp-content\/uploads\/2022\/09\/mastro_da_bandeira_3008221990.jpg\",\"contentUrl\":\"https:\/\/www.radiomanchester.com.br\/fm\/wp-content\/uploads\/2022\/09\/mastro_da_bandeira_3008221990.jpg\",\"width\":1170,\"height\":700,\"caption\":\"Esplanada dos Minist\u00e9rios recebe preparativos para o desfile c\u00edvico-militar de 7 de Setembro\"},{\"@type\":\"WebPage\",\"@id\":\"https:\/\/www.radiomanchester.com.br\/fm\/7-de-setembro-bicentenario-da-independencia-e-100-anos-do-radio\/#webpage\",\"url\":\"https:\/\/www.radiomanchester.com.br\/fm\/7-de-setembro-bicentenario-da-independencia-e-100-anos-do-radio\/\",\"name\":\"7 de setembro: Bicenten\u00e1rio da Independ\u00eancia e 100 anos do r\u00e1dio - Manchester FM 93,3\",\"isPartOf\":{\"@id\":\"https:\/\/www.radiomanchester.com.br\/fm\/#website\"},\"primaryImageOfPage\":{\"@id\":\"https:\/\/www.radiomanchester.com.br\/fm\/7-de-setembro-bicentenario-da-independencia-e-100-anos-do-radio\/#primaryimage\"},\"datePublished\":\"2022-09-07T03:05:00+00:00\",\"dateModified\":\"2022-09-07T01:58:00+00:00\",\"author\":{\"@id\":\"https:\/\/www.radiomanchester.com.br\/fm\/#\/schema\/person\/408a7b4d4e32cbebd90e2782852abca3\"},\"breadcrumb\":{\"@id\":\"https:\/\/www.radiomanchester.com.br\/fm\/7-de-setembro-bicentenario-da-independencia-e-100-anos-do-radio\/#breadcrumb\"},\"inLanguage\":\"pt-BR\",\"potentialAction\":[{\"@type\":\"ReadAction\",\"target\":[\"https:\/\/www.radiomanchester.com.br\/fm\/7-de-setembro-bicentenario-da-independencia-e-100-anos-do-radio\/\"]}]},{\"@type\":\"BreadcrumbList\",\"@id\":\"https:\/\/www.radiomanchester.com.br\/fm\/7-de-setembro-bicentenario-da-independencia-e-100-anos-do-radio\/#breadcrumb\",\"itemListElement\":[{\"@type\":\"ListItem\",\"position\":1,\"name\":\"Home\",\"item\":\"https:\/\/www.radiomanchester.com.br\/fm\/\"},{\"@type\":\"ListItem\",\"position\":2,\"name\":\"7 de setembro: Bicenten\u00e1rio da Independ\u00eancia e 100 anos do r\u00e1dio\"}]},{\"@type\":\"Person\",\"@id\":\"https:\/\/www.radiomanchester.com.br\/fm\/#\/schema\/person\/408a7b4d4e32cbebd90e2782852abca3\",\"name\":\"admin\",\"image\":{\"@type\":\"ImageObject\",\"@id\":\"https:\/\/www.radiomanchester.com.br\/fm\/#personlogo\",\"inLanguage\":\"pt-BR\",\"url\":\"https:\/\/secure.gravatar.com\/avatar\/115a974dba3376872eb3addeb276301c?s=96&d=mm&r=g\",\"contentUrl\":\"https:\/\/secure.gravatar.com\/avatar\/115a974dba3376872eb3addeb276301c?s=96&d=mm&r=g\",\"caption\":\"admin\"},\"url\":\"https:\/\/www.radiomanchester.com.br\/fm\/author\/admin\/\"}]}<\/script>\n<!-- \/ Yoast SEO plugin. -->","yoast_head_json":{"title":"7 de setembro: Bicenten\u00e1rio da Independ\u00eancia e 100 anos do r\u00e1dio - Manchester FM 93,3","robots":{"index":"index","follow":"follow","max-snippet":"max-snippet:-1","max-image-preview":"max-image-preview:large","max-video-preview":"max-video-preview:-1"},"canonical":"https:\/\/www.radiomanchester.com.br\/fm\/7-de-setembro-bicentenario-da-independencia-e-100-anos-do-radio\/","og_locale":"pt_BR","og_type":"article","og_title":"7 de setembro: Bicenten\u00e1rio da Independ\u00eancia e 100 anos do r\u00e1dio - Manchester FM 93,3","og_description":"Comemorado no 7 setembro, o Dia da Independ\u00eancia recorda o grito de independ\u00eancia \u00e0s margens do rio Ipiranga, proclamado por Dom Pedro I, mas esse marco nem sempre foi comemorado na mesma data. Devido \u00e0s dificuldades de propaga\u00e7\u00e3o das informa\u00e7\u00f5es, a popula\u00e7\u00e3o s\u00f3 ficou ciente do feito em 12 de outubro, dia em que Dom [&hellip;]","og_url":"https:\/\/www.radiomanchester.com.br\/fm\/7-de-setembro-bicentenario-da-independencia-e-100-anos-do-radio\/","og_site_name":"Manchester FM 93,3","article_published_time":"2022-09-07T03:05:00+00:00","article_modified_time":"2022-09-07T01:58:00+00:00","og_image":[{"url":"https:\/\/www.radiomanchester.com.br\/fm\/wp-content\/uploads\/2022\/09\/mastro_da_bandeira_3008221990-300x179.jpg"}],"twitter_card":"summary_large_image","twitter_misc":{"Escrito por":"admin","Est. tempo de leitura":"4 minutos"},"schema":{"@context":"https:\/\/schema.org","@graph":[{"@type":"WebSite","@id":"https:\/\/www.radiomanchester.com.br\/fm\/#website","url":"https:\/\/www.radiomanchester.com.br\/fm\/","name":"Manchester FM 93,3","description":"Todo Mundo Ouve!","potentialAction":[{"@type":"SearchAction","target":{"@type":"EntryPoint","urlTemplate":"https:\/\/www.radiomanchester.com.br\/fm\/?s={search_term_string}"},"query-input":"required name=search_term_string"}],"inLanguage":"pt-BR"},{"@type":"ImageObject","@id":"https:\/\/www.radiomanchester.com.br\/fm\/7-de-setembro-bicentenario-da-independencia-e-100-anos-do-radio\/#primaryimage","inLanguage":"pt-BR","url":"https:\/\/www.radiomanchester.com.br\/fm\/wp-content\/uploads\/2022\/09\/mastro_da_bandeira_3008221990.jpg","contentUrl":"https:\/\/www.radiomanchester.com.br\/fm\/wp-content\/uploads\/2022\/09\/mastro_da_bandeira_3008221990.jpg","width":1170,"height":700,"caption":"Esplanada dos Minist\u00e9rios recebe preparativos para o desfile c\u00edvico-militar de 7 de Setembro"},{"@type":"WebPage","@id":"https:\/\/www.radiomanchester.com.br\/fm\/7-de-setembro-bicentenario-da-independencia-e-100-anos-do-radio\/#webpage","url":"https:\/\/www.radiomanchester.com.br\/fm\/7-de-setembro-bicentenario-da-independencia-e-100-anos-do-radio\/","name":"7 de setembro: Bicenten\u00e1rio da Independ\u00eancia e 100 anos do r\u00e1dio - Manchester FM 93,3","isPartOf":{"@id":"https:\/\/www.radiomanchester.com.br\/fm\/#website"},"primaryImageOfPage":{"@id":"https:\/\/www.radiomanchester.com.br\/fm\/7-de-setembro-bicentenario-da-independencia-e-100-anos-do-radio\/#primaryimage"},"datePublished":"2022-09-07T03:05:00+00:00","dateModified":"2022-09-07T01:58:00+00:00","author":{"@id":"https:\/\/www.radiomanchester.com.br\/fm\/#\/schema\/person\/408a7b4d4e32cbebd90e2782852abca3"},"breadcrumb":{"@id":"https:\/\/www.radiomanchester.com.br\/fm\/7-de-setembro-bicentenario-da-independencia-e-100-anos-do-radio\/#breadcrumb"},"inLanguage":"pt-BR","potentialAction":[{"@type":"ReadAction","target":["https:\/\/www.radiomanchester.com.br\/fm\/7-de-setembro-bicentenario-da-independencia-e-100-anos-do-radio\/"]}]},{"@type":"BreadcrumbList","@id":"https:\/\/www.radiomanchester.com.br\/fm\/7-de-setembro-bicentenario-da-independencia-e-100-anos-do-radio\/#breadcrumb","itemListElement":[{"@type":"ListItem","position":1,"name":"Home","item":"https:\/\/www.radiomanchester.com.br\/fm\/"},{"@type":"ListItem","position":2,"name":"7 de setembro: Bicenten\u00e1rio da Independ\u00eancia e 100 anos do r\u00e1dio"}]},{"@type":"Person","@id":"https:\/\/www.radiomanchester.com.br\/fm\/#\/schema\/person\/408a7b4d4e32cbebd90e2782852abca3","name":"admin","image":{"@type":"ImageObject","@id":"https:\/\/www.radiomanchester.com.br\/fm\/#personlogo","inLanguage":"pt-BR","url":"https:\/\/secure.gravatar.com\/avatar\/115a974dba3376872eb3addeb276301c?s=96&d=mm&r=g","contentUrl":"https:\/\/secure.gravatar.com\/avatar\/115a974dba3376872eb3addeb276301c?s=96&d=mm&r=g","caption":"admin"},"url":"https:\/\/www.radiomanchester.com.br\/fm\/author\/admin\/"}]}},"_links":{"self":[{"href":"https:\/\/www.radiomanchester.com.br\/fm\/wp-json\/wp\/v2\/posts\/9020"}],"collection":[{"href":"https:\/\/www.radiomanchester.com.br\/fm\/wp-json\/wp\/v2\/posts"}],"about":[{"href":"https:\/\/www.radiomanchester.com.br\/fm\/wp-json\/wp\/v2\/types\/post"}],"author":[{"embeddable":true,"href":"https:\/\/www.radiomanchester.com.br\/fm\/wp-json\/wp\/v2\/users\/1"}],"replies":[{"embeddable":true,"href":"https:\/\/www.radiomanchester.com.br\/fm\/wp-json\/wp\/v2\/comments?post=9020"}],"version-history":[{"count":1,"href":"https:\/\/www.radiomanchester.com.br\/fm\/wp-json\/wp\/v2\/posts\/9020\/revisions"}],"predecessor-version":[{"id":9022,"href":"https:\/\/www.radiomanchester.com.br\/fm\/wp-json\/wp\/v2\/posts\/9020\/revisions\/9022"}],"wp:attachment":[{"href":"https:\/\/www.radiomanchester.com.br\/fm\/wp-json\/wp\/v2\/media?parent=9020"}],"wp:term":[{"taxonomy":"category","embeddable":true,"href":"https:\/\/www.radiomanchester.com.br\/fm\/wp-json\/wp\/v2\/categories?post=9020"},{"taxonomy":"post_tag","embeddable":true,"href":"https:\/\/www.radiomanchester.com.br\/fm\/wp-json\/wp\/v2\/tags?post=9020"}],"curies":[{"name":"wp","href":"https:\/\/api.w.org\/{rel}","templated":true}]}}