{"id":9023,"date":"2022-09-08T17:41:26","date_gmt":"2022-09-08T20:41:26","guid":{"rendered":"https:\/\/www.radiomanchester.com.br\/fm\/?p=9023"},"modified":"2022-09-08T17:41:30","modified_gmt":"2022-09-08T20:41:30","slug":"luto-rainha-elizabeth-ii-morre-aos-96-anos-na-escocia","status":"publish","type":"post","link":"https:\/\/www.radiomanchester.com.br\/fm\/luto-rainha-elizabeth-ii-morre-aos-96-anos-na-escocia\/","title":{"rendered":"Luto: Rainha Elizabeth II morre aos 96 anos na Esc\u00f3cia"},"content":{"rendered":"\n<p><\/p>\n\n\n\n<p><strong><em>Charles \u00e9 o novo monarca brit\u00e2nico<\/em><\/strong><\/p>\n\n\n\n<hr class=\"wp-block-separator\"\/>\n\n\n\n<p>A Rainha Elizabeth II, monarca do Reino Unido da Gr\u00e3-Bretanha e Irlanda do Norte, morreu hoje (8\/09), aos 96 anos, no Castelo de Balmoral, na Esc\u00f3cia. A informa\u00e7\u00e3o foi divulgada pela assessoria da fam\u00edlia real\u00a0brit\u00e2nica em suas redes sociais e em seu site oficial.<\/p>\n\n\n\n<div style=\"height:100px\" aria-hidden=\"true\" class=\"wp-block-spacer\"><\/div>\n\n\n\n<p>A mensagem publicada no Twitter diz que &#8220;a\u00a0Rainha morreu tranquilamente\u00a0em Balmoral nesta tarde. O Rei e a Rainha Consorte permanecer\u00e3o em Balmoral nesta noite e retornar\u00e3o a Londres amanh\u00e3&#8221;.<\/p>\n\n\n\n<div style=\"height:100px\" aria-hidden=\"true\" class=\"wp-block-spacer\"><\/div>\n\n\n\n<p>Por meio de nota, Charles, agora rei,\u00a0disse que a morte de &#8220;uma estimada soberana e uma m\u00e3e muito amada&#8221; \u00e9 um momento de grande tristeza para ele e toda a fam\u00edlia real. &#8220;Sei que sua perda ser\u00e1 sentida profundamente por todo o pa\u00eds, os reinos [dos quais ela tamb\u00e9m era monarca] e a Comunidade das Na\u00e7\u00f5es, e por in\u00fameras pessoas ao redor do mundo&#8221;.<\/p>\n\n\n\n<div style=\"height:100px\" aria-hidden=\"true\" class=\"wp-block-spacer\"><\/div>\n\n\n\n<p>A rainha nasceu em 21 de abril de 1926 e tornou-se herdeira aos 10 anos de idade, depois que seu tio Eduardo VIII abdicou do trono, passando a coroa para o irm\u00e3o, Rei George VI, pai de Elizabeth.\u00a0Aos 25 anos, com a morte de seu pai, em 6 de fevereiro de 1952,\u00a0tornou-se regente. Em 2 de junho de 1953, aos 26 anos, foi coroada rainha do Reino Unido.\u00a0<\/p>\n\n\n\n<div style=\"height:100px\" aria-hidden=\"true\" class=\"wp-block-spacer\"><\/div>\n\n\n\n<p>Casou-se em 1947, com o pr\u00edncipe grego, o oficial da Marinha Philip Mountbatten, e tiveram quatro filhos: Charles, que agora assume como novo rei, e os pr\u00edncipes Edward, Anne e\u00a0Andrew.<\/p>\n\n\n\n<div style=\"height:100px\" aria-hidden=\"true\" class=\"wp-block-spacer\"><\/div>\n\n\n\n<p>Foi a rainha que serviu mais tempo como monarca em toda a hist\u00f3ria do Reino Unido. Segundo informa\u00e7\u00f5es da fam\u00edlia real, ela se envolveu, como patrona real ou presidente, com mais de 600 obras de caridade, associa\u00e7\u00f5es militares, corpora\u00e7\u00f5es profissionais e organiza\u00e7\u00f5es de servi\u00e7o p\u00fablico.\u00a0<\/p>\n\n\n\n<div style=\"height:100px\" aria-hidden=\"true\" class=\"wp-block-spacer\"><\/div>\n\n\n\n<p>Al\u00e9m de servir como rainha do Reino Unido, foi chefe de Estado de outras 14 na\u00e7\u00f5es independentes: Austr\u00e1lia, Nova Zel\u00e2ndia, Canad\u00e1,\u00a0Jamaica, Ant\u00edgua e Barbuda, Bahamas, Belize, Granada, Papua Nova Guin\u00e9, Ilhas Salom\u00e3o, S\u00e3o Vicente e Granadinas, S\u00e3o Crist\u00f3v\u00e3o e N\u00e9vis, Santa L\u00facia e Tuvalu.<\/p>\n\n\n\n<div style=\"height:100px\" aria-hidden=\"true\" class=\"wp-block-spacer\"><\/div>\n\n\n\n<p>Em seu reinado, trabalhou com 15 primeiros-ministros, sendo o primeiro deles\u00a0Winston Churchill e a mais recente\u00a0Liz Truss, que assumiu o cargo h\u00e1 poucos dias.\u00a0<br><\/p>\n\n\n\n<figure class=\"wp-block-image size-medium\"><img loading=\"lazy\" width=\"300\" height=\"179\" src=\"https:\/\/www.radiomanchester.com.br\/fm\/wp-content\/uploads\/2022\/09\/861D69D3-E775-488A-B087-8CDD1ECB75E3-300x179.jpeg\" alt=\"\" class=\"wp-image-9024\" srcset=\"https:\/\/www.radiomanchester.com.br\/fm\/wp-content\/uploads\/2022\/09\/861D69D3-E775-488A-B087-8CDD1ECB75E3-300x179.jpeg 300w, https:\/\/www.radiomanchester.com.br\/fm\/wp-content\/uploads\/2022\/09\/861D69D3-E775-488A-B087-8CDD1ECB75E3-1024x613.jpeg 1024w, https:\/\/www.radiomanchester.com.br\/fm\/wp-content\/uploads\/2022\/09\/861D69D3-E775-488A-B087-8CDD1ECB75E3-768x459.jpeg 768w, https:\/\/www.radiomanchester.com.br\/fm\/wp-content\/uploads\/2022\/09\/861D69D3-E775-488A-B087-8CDD1ECB75E3.jpeg 1170w\" sizes=\"(max-width: 300px) 100vw, 300px\" \/><\/figure>\n\n\n\n<p>Por Ag\u00eancia Brasil &#8211; foto: Ag\u00eancia Brasil<\/p>\n","protected":false},"excerpt":{"rendered":"<p class=\"excerpt\">Charles \u00e9 o novo monarca brit\u00e2nico A Rainha Elizabeth II, monarca do Reino Unido da Gr\u00e3-Bretanha e Irlanda do Norte, morreu hoje (8\/09), aos 96 anos, no Castelo de Balmoral, na Esc\u00f3cia. A informa\u00e7\u00e3o foi divulgada pela assessoria da fam\u00edlia real\u00a0brit\u00e2nica em suas redes sociais e em seu site oficial. A mensagem publicada no Twitter [&hellip;]<\/p>\n","protected":false},"author":1,"featured_media":0,"comment_status":"open","ping_status":"open","sticky":false,"template":"","format":"standard","meta":[],"categories":[8,17],"tags":[22,24,113,83,92],"yoast_head":"<!-- This site is optimized with the Yoast SEO plugin v18.3 - https:\/\/yoast.com\/wordpress\/plugins\/seo\/ -->\n<title>Luto: Rainha Elizabeth II morre aos 96 anos na Esc\u00f3cia - Manchester FM 93,3<\/title>\n<meta name=\"robots\" content=\"index, follow, max-snippet:-1, max-image-preview:large, max-video-preview:-1\" \/>\n<link rel=\"canonical\" href=\"https:\/\/www.radiomanchester.com.br\/fm\/luto-rainha-elizabeth-ii-morre-aos-96-anos-na-escocia\/\" \/>\n<meta property=\"og:locale\" content=\"pt_BR\" \/>\n<meta property=\"og:type\" content=\"article\" \/>\n<meta property=\"og:title\" content=\"Luto: Rainha Elizabeth II morre aos 96 anos na Esc\u00f3cia - Manchester FM 93,3\" \/>\n<meta property=\"og:description\" content=\"Charles \u00e9 o novo monarca brit\u00e2nico A Rainha Elizabeth II, monarca do Reino Unido da Gr\u00e3-Bretanha e Irlanda do Norte, morreu hoje (8\/09), aos 96 anos, no Castelo de Balmoral, na Esc\u00f3cia. A informa\u00e7\u00e3o foi divulgada pela assessoria da fam\u00edlia real\u00a0brit\u00e2nica em suas redes sociais e em seu site oficial. A mensagem publicada no Twitter [&hellip;]\" \/>\n<meta property=\"og:url\" content=\"https:\/\/www.radiomanchester.com.br\/fm\/luto-rainha-elizabeth-ii-morre-aos-96-anos-na-escocia\/\" \/>\n<meta property=\"og:site_name\" content=\"Manchester FM 93,3\" \/>\n<meta property=\"article:published_time\" content=\"2022-09-08T20:41:26+00:00\" \/>\n<meta property=\"article:modified_time\" content=\"2022-09-08T20:41:30+00:00\" \/>\n<meta property=\"og:image\" content=\"https:\/\/www.radiomanchester.com.br\/fm\/wp-content\/uploads\/2022\/09\/861D69D3-E775-488A-B087-8CDD1ECB75E3-300x179.jpeg\" \/>\n<meta name=\"twitter:card\" content=\"summary_large_image\" \/>\n<meta name=\"twitter:label1\" content=\"Escrito por\" \/>\n\t<meta name=\"twitter:data1\" content=\"admin\" \/>\n\t<meta name=\"twitter:label2\" content=\"Est. tempo de leitura\" \/>\n\t<meta name=\"twitter:data2\" content=\"3 minutos\" \/>\n<script type=\"application\/ld+json\" class=\"yoast-schema-graph\">{\"@context\":\"https:\/\/schema.org\",\"@graph\":[{\"@type\":\"WebSite\",\"@id\":\"https:\/\/www.radiomanchester.com.br\/fm\/#website\",\"url\":\"https:\/\/www.radiomanchester.com.br\/fm\/\",\"name\":\"Manchester FM 93,3\",\"description\":\"Todo Mundo Ouve!\",\"potentialAction\":[{\"@type\":\"SearchAction\",\"target\":{\"@type\":\"EntryPoint\",\"urlTemplate\":\"https:\/\/www.radiomanchester.com.br\/fm\/?s={search_term_string}\"},\"query-input\":\"required name=search_term_string\"}],\"inLanguage\":\"pt-BR\"},{\"@type\":\"ImageObject\",\"@id\":\"https:\/\/www.radiomanchester.com.br\/fm\/luto-rainha-elizabeth-ii-morre-aos-96-anos-na-escocia\/#primaryimage\",\"inLanguage\":\"pt-BR\",\"url\":\"https:\/\/www.radiomanchester.com.br\/fm\/wp-content\/uploads\/2022\/09\/861D69D3-E775-488A-B087-8CDD1ECB75E3.jpeg\",\"contentUrl\":\"https:\/\/www.radiomanchester.com.br\/fm\/wp-content\/uploads\/2022\/09\/861D69D3-E775-488A-B087-8CDD1ECB75E3.jpeg\",\"width\":1170,\"height\":700},{\"@type\":\"WebPage\",\"@id\":\"https:\/\/www.radiomanchester.com.br\/fm\/luto-rainha-elizabeth-ii-morre-aos-96-anos-na-escocia\/#webpage\",\"url\":\"https:\/\/www.radiomanchester.com.br\/fm\/luto-rainha-elizabeth-ii-morre-aos-96-anos-na-escocia\/\",\"name\":\"Luto: Rainha Elizabeth II morre aos 96 anos na Esc\u00f3cia - Manchester FM 93,3\",\"isPartOf\":{\"@id\":\"https:\/\/www.radiomanchester.com.br\/fm\/#website\"},\"primaryImageOfPage\":{\"@id\":\"https:\/\/www.radiomanchester.com.br\/fm\/luto-rainha-elizabeth-ii-morre-aos-96-anos-na-escocia\/#primaryimage\"},\"datePublished\":\"2022-09-08T20:41:26+00:00\",\"dateModified\":\"2022-09-08T20:41:30+00:00\",\"author\":{\"@id\":\"https:\/\/www.radiomanchester.com.br\/fm\/#\/schema\/person\/408a7b4d4e32cbebd90e2782852abca3\"},\"breadcrumb\":{\"@id\":\"https:\/\/www.radiomanchester.com.br\/fm\/luto-rainha-elizabeth-ii-morre-aos-96-anos-na-escocia\/#breadcrumb\"},\"inLanguage\":\"pt-BR\",\"potentialAction\":[{\"@type\":\"ReadAction\",\"target\":[\"https:\/\/www.radiomanchester.com.br\/fm\/luto-rainha-elizabeth-ii-morre-aos-96-anos-na-escocia\/\"]}]},{\"@type\":\"BreadcrumbList\",\"@id\":\"https:\/\/www.radiomanchester.com.br\/fm\/luto-rainha-elizabeth-ii-morre-aos-96-anos-na-escocia\/#breadcrumb\",\"itemListElement\":[{\"@type\":\"ListItem\",\"position\":1,\"name\":\"Home\",\"item\":\"https:\/\/www.radiomanchester.com.br\/fm\/\"},{\"@type\":\"ListItem\",\"position\":2,\"name\":\"Luto: Rainha Elizabeth II morre aos 96 anos na Esc\u00f3cia\"}]},{\"@type\":\"Person\",\"@id\":\"https:\/\/www.radiomanchester.com.br\/fm\/#\/schema\/person\/408a7b4d4e32cbebd90e2782852abca3\",\"name\":\"admin\",\"image\":{\"@type\":\"ImageObject\",\"@id\":\"https:\/\/www.radiomanchester.com.br\/fm\/#personlogo\",\"inLanguage\":\"pt-BR\",\"url\":\"https:\/\/secure.gravatar.com\/avatar\/115a974dba3376872eb3addeb276301c?s=96&d=mm&r=g\",\"contentUrl\":\"https:\/\/secure.gravatar.com\/avatar\/115a974dba3376872eb3addeb276301c?s=96&d=mm&r=g\",\"caption\":\"admin\"},\"url\":\"https:\/\/www.radiomanchester.com.br\/fm\/author\/admin\/\"}]}<\/script>\n<!-- \/ Yoast SEO plugin. -->","yoast_head_json":{"title":"Luto: Rainha Elizabeth II morre aos 96 anos na Esc\u00f3cia - Manchester FM 93,3","robots":{"index":"index","follow":"follow","max-snippet":"max-snippet:-1","max-image-preview":"max-image-preview:large","max-video-preview":"max-video-preview:-1"},"canonical":"https:\/\/www.radiomanchester.com.br\/fm\/luto-rainha-elizabeth-ii-morre-aos-96-anos-na-escocia\/","og_locale":"pt_BR","og_type":"article","og_title":"Luto: Rainha Elizabeth II morre aos 96 anos na Esc\u00f3cia - Manchester FM 93,3","og_description":"Charles \u00e9 o novo monarca brit\u00e2nico A Rainha Elizabeth II, monarca do Reino Unido da Gr\u00e3-Bretanha e Irlanda do Norte, morreu hoje (8\/09), aos 96 anos, no Castelo de Balmoral, na Esc\u00f3cia. A informa\u00e7\u00e3o foi divulgada pela assessoria da fam\u00edlia real\u00a0brit\u00e2nica em suas redes sociais e em seu site oficial. A mensagem publicada no Twitter [&hellip;]","og_url":"https:\/\/www.radiomanchester.com.br\/fm\/luto-rainha-elizabeth-ii-morre-aos-96-anos-na-escocia\/","og_site_name":"Manchester FM 93,3","article_published_time":"2022-09-08T20:41:26+00:00","article_modified_time":"2022-09-08T20:41:30+00:00","og_image":[{"url":"https:\/\/www.radiomanchester.com.br\/fm\/wp-content\/uploads\/2022\/09\/861D69D3-E775-488A-B087-8CDD1ECB75E3-300x179.jpeg"}],"twitter_card":"summary_large_image","twitter_misc":{"Escrito por":"admin","Est. tempo de leitura":"3 minutos"},"schema":{"@context":"https:\/\/schema.org","@graph":[{"@type":"WebSite","@id":"https:\/\/www.radiomanchester.com.br\/fm\/#website","url":"https:\/\/www.radiomanchester.com.br\/fm\/","name":"Manchester FM 93,3","description":"Todo Mundo Ouve!","potentialAction":[{"@type":"SearchAction","target":{"@type":"EntryPoint","urlTemplate":"https:\/\/www.radiomanchester.com.br\/fm\/?s={search_term_string}"},"query-input":"required name=search_term_string"}],"inLanguage":"pt-BR"},{"@type":"ImageObject","@id":"https:\/\/www.radiomanchester.com.br\/fm\/luto-rainha-elizabeth-ii-morre-aos-96-anos-na-escocia\/#primaryimage","inLanguage":"pt-BR","url":"https:\/\/www.radiomanchester.com.br\/fm\/wp-content\/uploads\/2022\/09\/861D69D3-E775-488A-B087-8CDD1ECB75E3.jpeg","contentUrl":"https:\/\/www.radiomanchester.com.br\/fm\/wp-content\/uploads\/2022\/09\/861D69D3-E775-488A-B087-8CDD1ECB75E3.jpeg","width":1170,"height":700},{"@type":"WebPage","@id":"https:\/\/www.radiomanchester.com.br\/fm\/luto-rainha-elizabeth-ii-morre-aos-96-anos-na-escocia\/#webpage","url":"https:\/\/www.radiomanchester.com.br\/fm\/luto-rainha-elizabeth-ii-morre-aos-96-anos-na-escocia\/","name":"Luto: Rainha Elizabeth II morre aos 96 anos na Esc\u00f3cia - Manchester FM 93,3","isPartOf":{"@id":"https:\/\/www.radiomanchester.com.br\/fm\/#website"},"primaryImageOfPage":{"@id":"https:\/\/www.radiomanchester.com.br\/fm\/luto-rainha-elizabeth-ii-morre-aos-96-anos-na-escocia\/#primaryimage"},"datePublished":"2022-09-08T20:41:26+00:00","dateModified":"2022-09-08T20:41:30+00:00","author":{"@id":"https:\/\/www.radiomanchester.com.br\/fm\/#\/schema\/person\/408a7b4d4e32cbebd90e2782852abca3"},"breadcrumb":{"@id":"https:\/\/www.radiomanchester.com.br\/fm\/luto-rainha-elizabeth-ii-morre-aos-96-anos-na-escocia\/#breadcrumb"},"inLanguage":"pt-BR","potentialAction":[{"@type":"ReadAction","target":["https:\/\/www.radiomanchester.com.br\/fm\/luto-rainha-elizabeth-ii-morre-aos-96-anos-na-escocia\/"]}]},{"@type":"BreadcrumbList","@id":"https:\/\/www.radiomanchester.com.br\/fm\/luto-rainha-elizabeth-ii-morre-aos-96-anos-na-escocia\/#breadcrumb","itemListElement":[{"@type":"ListItem","position":1,"name":"Home","item":"https:\/\/www.radiomanchester.com.br\/fm\/"},{"@type":"ListItem","position":2,"name":"Luto: Rainha Elizabeth II morre aos 96 anos na Esc\u00f3cia"}]},{"@type":"Person","@id":"https:\/\/www.radiomanchester.com.br\/fm\/#\/schema\/person\/408a7b4d4e32cbebd90e2782852abca3","name":"admin","image":{"@type":"ImageObject","@id":"https:\/\/www.radiomanchester.com.br\/fm\/#personlogo","inLanguage":"pt-BR","url":"https:\/\/secure.gravatar.com\/avatar\/115a974dba3376872eb3addeb276301c?s=96&d=mm&r=g","contentUrl":"https:\/\/secure.gravatar.com\/avatar\/115a974dba3376872eb3addeb276301c?s=96&d=mm&r=g","caption":"admin"},"url":"https:\/\/www.radiomanchester.com.br\/fm\/author\/admin\/"}]}},"_links":{"self":[{"href":"https:\/\/www.radiomanchester.com.br\/fm\/wp-json\/wp\/v2\/posts\/9023"}],"collection":[{"href":"https:\/\/www.radiomanchester.com.br\/fm\/wp-json\/wp\/v2\/posts"}],"about":[{"href":"https:\/\/www.radiomanchester.com.br\/fm\/wp-json\/wp\/v2\/types\/post"}],"author":[{"embeddable":true,"href":"https:\/\/www.radiomanchester.com.br\/fm\/wp-json\/wp\/v2\/users\/1"}],"replies":[{"embeddable":true,"href":"https:\/\/www.radiomanchester.com.br\/fm\/wp-json\/wp\/v2\/comments?post=9023"}],"version-history":[{"count":1,"href":"https:\/\/www.radiomanchester.com.br\/fm\/wp-json\/wp\/v2\/posts\/9023\/revisions"}],"predecessor-version":[{"id":9025,"href":"https:\/\/www.radiomanchester.com.br\/fm\/wp-json\/wp\/v2\/posts\/9023\/revisions\/9025"}],"wp:attachment":[{"href":"https:\/\/www.radiomanchester.com.br\/fm\/wp-json\/wp\/v2\/media?parent=9023"}],"wp:term":[{"taxonomy":"category","embeddable":true,"href":"https:\/\/www.radiomanchester.com.br\/fm\/wp-json\/wp\/v2\/categories?post=9023"},{"taxonomy":"post_tag","embeddable":true,"href":"https:\/\/www.radiomanchester.com.br\/fm\/wp-json\/wp\/v2\/tags?post=9023"}],"curies":[{"name":"wp","href":"https:\/\/api.w.org\/{rel}","templated":true}]}}