{"id":9045,"date":"2022-09-12T19:39:18","date_gmt":"2022-09-12T22:39:18","guid":{"rendered":"https:\/\/www.radiomanchester.com.br\/fm\/?p=9045"},"modified":"2022-09-12T19:39:24","modified_gmt":"2022-09-12T22:39:24","slug":"the-crown-tem-filmagens-suspensas-por-respeito-a-rainha-elizabeth","status":"publish","type":"post","link":"https:\/\/www.radiomanchester.com.br\/fm\/the-crown-tem-filmagens-suspensas-por-respeito-a-rainha-elizabeth\/","title":{"rendered":"\u2018The Crown\u2019 tem filmagens suspensas por respeito \u00e0 Rainha Elizabeth"},"content":{"rendered":"\n<p><\/p>\n\n\n\n<p>A s\u00e9rie \u201cThe Crown\u201c, da Netflix, sobre a fam\u00edlia real inglesa, suspendeu as grava\u00e7\u00f5es da sexta e \u00faltima temporada ap\u00f3s a morte da rainha Elizabeth II, no \u00faltimo 8 de setembro. Em um comunicado, a produ\u00e7\u00e3o prestou uma homenagem \u00e0 falecida monarca, deixando claro que eles se unem ao luto de toda a Gr\u00e3 Bretanha.<\/p>\n\n\n\n<div style=\"height:100px\" aria-hidden=\"true\" class=\"wp-block-spacer\"><\/div>\n\n\n\n<p>O criador da s\u00e9rie, Peter Morgan, contou ao site Deadline o seu desejo de dar uma pausa. A not\u00edcia foi confirmada ao mesmo tempo que foi informado que o programa tinha seu pr\u00f3prio protocolo \u2018London Bridge\u2019.<\/p>\n\n\n\n<div style=\"height:100px\" aria-hidden=\"true\" class=\"wp-block-spacer\"><\/div>\n\n\n\n<p>\u201cA produ\u00e7\u00e3o \u00e9 uma carta de amor a Elizabeth e n\u00e3o tenho nada a acrescentar por enquanto, apenas sil\u00eancio e respeito. Espero que tamb\u00e9m paremos de filmar por respeito\u201d, disse ele por e-mail.<\/p>\n\n\n\n<div style=\"height:100px\" aria-hidden=\"true\" class=\"wp-block-spacer\"><\/div>\n\n\n\n<p>A Netflix confirmou que as grava\u00e7\u00f5es da sexta temporada estar\u00e3o suspensas por enquanto.<\/p>\n\n\n\n<div style=\"height:100px\" aria-hidden=\"true\" class=\"wp-block-spacer\"><\/div>\n\n\n\n<p>A \u00faltima temporada do programa paralisou temporariamente as filmagens de v\u00e1rias cenas que seriam gravadas nesses dias em Barcelona, na Espanha, como uma \u201cdemonstra\u00e7\u00e3o de respeito\u201d \u00e0 Rainha.<\/p>\n\n\n\n<div style=\"height:100px\" aria-hidden=\"true\" class=\"wp-block-spacer\"><\/div>\n\n\n\n<p>\u201cComo sinal de respeito, as filmagens de The Crown foram suspensas hoje\u201d, confirmou uma fonte da Netflix \u00e0 revista Variety. \u201cAs filmagens tamb\u00e9m ser\u00e3o suspensas no dia do funeral de Sua Majestade a Rainha\u201d, acrescentou.<\/p>\n\n\n\n<div style=\"height:100px\" aria-hidden=\"true\" class=\"wp-block-spacer\"><\/div>\n\n\n\n<p>N\u00e3o se sabe por quanto tempo as filmagens ficar\u00e3o paradas, mas as fontes garantem que isso n\u00e3o dever\u00e1 afetar a estreia da quinta temporada, prevista para o m\u00eas de novembro.<\/p>\n\n\n\n<div style=\"height:100px\" aria-hidden=\"true\" class=\"wp-block-spacer\"><\/div>\n\n\n\n<p><strong>Apreensivos<br><\/strong>A fam\u00edlia Real est\u00e1 preocupada com a quinta temporada da s\u00e9rie \u201cThe Crown\u201d, da Netflix, por causa dos eventos delicados que v\u00e3o ser tratados nessa temporada do programa, completamente baseado na realeza brit\u00e2nica.<\/p>\n\n\n\n<div style=\"height:100px\" aria-hidden=\"true\" class=\"wp-block-spacer\"><\/div>\n\n\n\n<p>Os novos epis\u00f3dios de \u201cThe Crown\u201d v\u00e3o abordar um dos per\u00edodos mais pol\u00eamicos: o div\u00f3rcio do Pr\u00edncipe Charles e da Princesa Diana, a tr\u00e1gica morte de Lady Di e um cap\u00edtulo completo dedicado \u00e0 entrevista de Diana de Gales com Martin Bashir, em 1995.<\/p>\n\n\n\n<figure class=\"wp-block-image size-medium\"><img loading=\"lazy\" width=\"300\" height=\"153\" src=\"https:\/\/www.radiomanchester.com.br\/fm\/wp-content\/uploads\/2022\/09\/Sem-titulo-1-300x153.png\" alt=\"\" class=\"wp-image-9046\" srcset=\"https:\/\/www.radiomanchester.com.br\/fm\/wp-content\/uploads\/2022\/09\/Sem-titulo-1-300x153.png 300w, https:\/\/www.radiomanchester.com.br\/fm\/wp-content\/uploads\/2022\/09\/Sem-titulo-1-768x392.png 768w, https:\/\/www.radiomanchester.com.br\/fm\/wp-content\/uploads\/2022\/09\/Sem-titulo-1.png 856w\" sizes=\"(max-width: 300px) 100vw, 300px\" \/><\/figure>\n\n\n\n<p>por OFuxico &#8211; foto: reprodu\u00e7\u00e3o The Crown<\/p>\n","protected":false},"excerpt":{"rendered":"<p class=\"excerpt\">A s\u00e9rie \u201cThe Crown\u201c, da Netflix, sobre a fam\u00edlia real inglesa, suspendeu as grava\u00e7\u00f5es da sexta e \u00faltima temporada ap\u00f3s a morte da rainha Elizabeth II, no \u00faltimo 8 de setembro. Em um comunicado, a produ\u00e7\u00e3o prestou uma homenagem \u00e0 falecida monarca, deixando claro que eles se unem ao luto de toda a Gr\u00e3 Bretanha. [&hellip;]<\/p>\n","protected":false},"author":1,"featured_media":0,"comment_status":"open","ping_status":"open","sticky":false,"template":"","format":"standard","meta":[],"categories":[8,17],"tags":[22,24,113,83,92],"yoast_head":"<!-- This site is optimized with the Yoast SEO plugin v18.3 - https:\/\/yoast.com\/wordpress\/plugins\/seo\/ -->\n<title>\u2018The Crown\u2019 tem filmagens suspensas por respeito \u00e0 Rainha Elizabeth - Manchester FM 93,3<\/title>\n<meta name=\"robots\" content=\"index, follow, max-snippet:-1, max-image-preview:large, max-video-preview:-1\" \/>\n<link rel=\"canonical\" href=\"https:\/\/www.radiomanchester.com.br\/fm\/the-crown-tem-filmagens-suspensas-por-respeito-a-rainha-elizabeth\/\" \/>\n<meta property=\"og:locale\" content=\"pt_BR\" \/>\n<meta property=\"og:type\" content=\"article\" \/>\n<meta property=\"og:title\" content=\"\u2018The Crown\u2019 tem filmagens suspensas por respeito \u00e0 Rainha Elizabeth - Manchester FM 93,3\" \/>\n<meta property=\"og:description\" content=\"A s\u00e9rie \u201cThe Crown\u201c, da Netflix, sobre a fam\u00edlia real inglesa, suspendeu as grava\u00e7\u00f5es da sexta e \u00faltima temporada ap\u00f3s a morte da rainha Elizabeth II, no \u00faltimo 8 de setembro. Em um comunicado, a produ\u00e7\u00e3o prestou uma homenagem \u00e0 falecida monarca, deixando claro que eles se unem ao luto de toda a Gr\u00e3 Bretanha. [&hellip;]\" \/>\n<meta property=\"og:url\" content=\"https:\/\/www.radiomanchester.com.br\/fm\/the-crown-tem-filmagens-suspensas-por-respeito-a-rainha-elizabeth\/\" \/>\n<meta property=\"og:site_name\" content=\"Manchester FM 93,3\" \/>\n<meta property=\"article:published_time\" content=\"2022-09-12T22:39:18+00:00\" \/>\n<meta property=\"article:modified_time\" content=\"2022-09-12T22:39:24+00:00\" \/>\n<meta property=\"og:image\" content=\"https:\/\/www.radiomanchester.com.br\/fm\/wp-content\/uploads\/2022\/09\/Sem-titulo-1-300x153.png\" \/>\n<meta name=\"twitter:card\" content=\"summary_large_image\" \/>\n<meta name=\"twitter:label1\" content=\"Escrito por\" \/>\n\t<meta name=\"twitter:data1\" content=\"admin\" \/>\n\t<meta name=\"twitter:label2\" content=\"Est. tempo de leitura\" \/>\n\t<meta name=\"twitter:data2\" content=\"2 minutos\" \/>\n<script type=\"application\/ld+json\" class=\"yoast-schema-graph\">{\"@context\":\"https:\/\/schema.org\",\"@graph\":[{\"@type\":\"WebSite\",\"@id\":\"https:\/\/www.radiomanchester.com.br\/fm\/#website\",\"url\":\"https:\/\/www.radiomanchester.com.br\/fm\/\",\"name\":\"Manchester FM 93,3\",\"description\":\"Todo Mundo Ouve!\",\"potentialAction\":[{\"@type\":\"SearchAction\",\"target\":{\"@type\":\"EntryPoint\",\"urlTemplate\":\"https:\/\/www.radiomanchester.com.br\/fm\/?s={search_term_string}\"},\"query-input\":\"required name=search_term_string\"}],\"inLanguage\":\"pt-BR\"},{\"@type\":\"ImageObject\",\"@id\":\"https:\/\/www.radiomanchester.com.br\/fm\/the-crown-tem-filmagens-suspensas-por-respeito-a-rainha-elizabeth\/#primaryimage\",\"inLanguage\":\"pt-BR\",\"url\":\"https:\/\/www.radiomanchester.com.br\/fm\/wp-content\/uploads\/2022\/09\/Sem-titulo-1-300x153.png\",\"contentUrl\":\"https:\/\/www.radiomanchester.com.br\/fm\/wp-content\/uploads\/2022\/09\/Sem-titulo-1-300x153.png\"},{\"@type\":\"WebPage\",\"@id\":\"https:\/\/www.radiomanchester.com.br\/fm\/the-crown-tem-filmagens-suspensas-por-respeito-a-rainha-elizabeth\/#webpage\",\"url\":\"https:\/\/www.radiomanchester.com.br\/fm\/the-crown-tem-filmagens-suspensas-por-respeito-a-rainha-elizabeth\/\",\"name\":\"\u2018The Crown\u2019 tem filmagens suspensas por respeito \u00e0 Rainha Elizabeth - Manchester FM 93,3\",\"isPartOf\":{\"@id\":\"https:\/\/www.radiomanchester.com.br\/fm\/#website\"},\"primaryImageOfPage\":{\"@id\":\"https:\/\/www.radiomanchester.com.br\/fm\/the-crown-tem-filmagens-suspensas-por-respeito-a-rainha-elizabeth\/#primaryimage\"},\"datePublished\":\"2022-09-12T22:39:18+00:00\",\"dateModified\":\"2022-09-12T22:39:24+00:00\",\"author\":{\"@id\":\"https:\/\/www.radiomanchester.com.br\/fm\/#\/schema\/person\/408a7b4d4e32cbebd90e2782852abca3\"},\"breadcrumb\":{\"@id\":\"https:\/\/www.radiomanchester.com.br\/fm\/the-crown-tem-filmagens-suspensas-por-respeito-a-rainha-elizabeth\/#breadcrumb\"},\"inLanguage\":\"pt-BR\",\"potentialAction\":[{\"@type\":\"ReadAction\",\"target\":[\"https:\/\/www.radiomanchester.com.br\/fm\/the-crown-tem-filmagens-suspensas-por-respeito-a-rainha-elizabeth\/\"]}]},{\"@type\":\"BreadcrumbList\",\"@id\":\"https:\/\/www.radiomanchester.com.br\/fm\/the-crown-tem-filmagens-suspensas-por-respeito-a-rainha-elizabeth\/#breadcrumb\",\"itemListElement\":[{\"@type\":\"ListItem\",\"position\":1,\"name\":\"Home\",\"item\":\"https:\/\/www.radiomanchester.com.br\/fm\/\"},{\"@type\":\"ListItem\",\"position\":2,\"name\":\"\u2018The Crown\u2019 tem filmagens suspensas por respeito \u00e0 Rainha Elizabeth\"}]},{\"@type\":\"Person\",\"@id\":\"https:\/\/www.radiomanchester.com.br\/fm\/#\/schema\/person\/408a7b4d4e32cbebd90e2782852abca3\",\"name\":\"admin\",\"image\":{\"@type\":\"ImageObject\",\"@id\":\"https:\/\/www.radiomanchester.com.br\/fm\/#personlogo\",\"inLanguage\":\"pt-BR\",\"url\":\"https:\/\/secure.gravatar.com\/avatar\/115a974dba3376872eb3addeb276301c?s=96&d=mm&r=g\",\"contentUrl\":\"https:\/\/secure.gravatar.com\/avatar\/115a974dba3376872eb3addeb276301c?s=96&d=mm&r=g\",\"caption\":\"admin\"},\"url\":\"https:\/\/www.radiomanchester.com.br\/fm\/author\/admin\/\"}]}<\/script>\n<!-- \/ Yoast SEO plugin. -->","yoast_head_json":{"title":"\u2018The Crown\u2019 tem filmagens suspensas por respeito \u00e0 Rainha Elizabeth - Manchester FM 93,3","robots":{"index":"index","follow":"follow","max-snippet":"max-snippet:-1","max-image-preview":"max-image-preview:large","max-video-preview":"max-video-preview:-1"},"canonical":"https:\/\/www.radiomanchester.com.br\/fm\/the-crown-tem-filmagens-suspensas-por-respeito-a-rainha-elizabeth\/","og_locale":"pt_BR","og_type":"article","og_title":"\u2018The Crown\u2019 tem filmagens suspensas por respeito \u00e0 Rainha Elizabeth - Manchester FM 93,3","og_description":"A s\u00e9rie \u201cThe Crown\u201c, da Netflix, sobre a fam\u00edlia real inglesa, suspendeu as grava\u00e7\u00f5es da sexta e \u00faltima temporada ap\u00f3s a morte da rainha Elizabeth II, no \u00faltimo 8 de setembro. Em um comunicado, a produ\u00e7\u00e3o prestou uma homenagem \u00e0 falecida monarca, deixando claro que eles se unem ao luto de toda a Gr\u00e3 Bretanha. [&hellip;]","og_url":"https:\/\/www.radiomanchester.com.br\/fm\/the-crown-tem-filmagens-suspensas-por-respeito-a-rainha-elizabeth\/","og_site_name":"Manchester FM 93,3","article_published_time":"2022-09-12T22:39:18+00:00","article_modified_time":"2022-09-12T22:39:24+00:00","og_image":[{"url":"https:\/\/www.radiomanchester.com.br\/fm\/wp-content\/uploads\/2022\/09\/Sem-titulo-1-300x153.png"}],"twitter_card":"summary_large_image","twitter_misc":{"Escrito por":"admin","Est. tempo de leitura":"2 minutos"},"schema":{"@context":"https:\/\/schema.org","@graph":[{"@type":"WebSite","@id":"https:\/\/www.radiomanchester.com.br\/fm\/#website","url":"https:\/\/www.radiomanchester.com.br\/fm\/","name":"Manchester FM 93,3","description":"Todo Mundo Ouve!","potentialAction":[{"@type":"SearchAction","target":{"@type":"EntryPoint","urlTemplate":"https:\/\/www.radiomanchester.com.br\/fm\/?s={search_term_string}"},"query-input":"required name=search_term_string"}],"inLanguage":"pt-BR"},{"@type":"ImageObject","@id":"https:\/\/www.radiomanchester.com.br\/fm\/the-crown-tem-filmagens-suspensas-por-respeito-a-rainha-elizabeth\/#primaryimage","inLanguage":"pt-BR","url":"https:\/\/www.radiomanchester.com.br\/fm\/wp-content\/uploads\/2022\/09\/Sem-titulo-1-300x153.png","contentUrl":"https:\/\/www.radiomanchester.com.br\/fm\/wp-content\/uploads\/2022\/09\/Sem-titulo-1-300x153.png"},{"@type":"WebPage","@id":"https:\/\/www.radiomanchester.com.br\/fm\/the-crown-tem-filmagens-suspensas-por-respeito-a-rainha-elizabeth\/#webpage","url":"https:\/\/www.radiomanchester.com.br\/fm\/the-crown-tem-filmagens-suspensas-por-respeito-a-rainha-elizabeth\/","name":"\u2018The Crown\u2019 tem filmagens suspensas por respeito \u00e0 Rainha Elizabeth - Manchester FM 93,3","isPartOf":{"@id":"https:\/\/www.radiomanchester.com.br\/fm\/#website"},"primaryImageOfPage":{"@id":"https:\/\/www.radiomanchester.com.br\/fm\/the-crown-tem-filmagens-suspensas-por-respeito-a-rainha-elizabeth\/#primaryimage"},"datePublished":"2022-09-12T22:39:18+00:00","dateModified":"2022-09-12T22:39:24+00:00","author":{"@id":"https:\/\/www.radiomanchester.com.br\/fm\/#\/schema\/person\/408a7b4d4e32cbebd90e2782852abca3"},"breadcrumb":{"@id":"https:\/\/www.radiomanchester.com.br\/fm\/the-crown-tem-filmagens-suspensas-por-respeito-a-rainha-elizabeth\/#breadcrumb"},"inLanguage":"pt-BR","potentialAction":[{"@type":"ReadAction","target":["https:\/\/www.radiomanchester.com.br\/fm\/the-crown-tem-filmagens-suspensas-por-respeito-a-rainha-elizabeth\/"]}]},{"@type":"BreadcrumbList","@id":"https:\/\/www.radiomanchester.com.br\/fm\/the-crown-tem-filmagens-suspensas-por-respeito-a-rainha-elizabeth\/#breadcrumb","itemListElement":[{"@type":"ListItem","position":1,"name":"Home","item":"https:\/\/www.radiomanchester.com.br\/fm\/"},{"@type":"ListItem","position":2,"name":"\u2018The Crown\u2019 tem filmagens suspensas por respeito \u00e0 Rainha Elizabeth"}]},{"@type":"Person","@id":"https:\/\/www.radiomanchester.com.br\/fm\/#\/schema\/person\/408a7b4d4e32cbebd90e2782852abca3","name":"admin","image":{"@type":"ImageObject","@id":"https:\/\/www.radiomanchester.com.br\/fm\/#personlogo","inLanguage":"pt-BR","url":"https:\/\/secure.gravatar.com\/avatar\/115a974dba3376872eb3addeb276301c?s=96&d=mm&r=g","contentUrl":"https:\/\/secure.gravatar.com\/avatar\/115a974dba3376872eb3addeb276301c?s=96&d=mm&r=g","caption":"admin"},"url":"https:\/\/www.radiomanchester.com.br\/fm\/author\/admin\/"}]}},"_links":{"self":[{"href":"https:\/\/www.radiomanchester.com.br\/fm\/wp-json\/wp\/v2\/posts\/9045"}],"collection":[{"href":"https:\/\/www.radiomanchester.com.br\/fm\/wp-json\/wp\/v2\/posts"}],"about":[{"href":"https:\/\/www.radiomanchester.com.br\/fm\/wp-json\/wp\/v2\/types\/post"}],"author":[{"embeddable":true,"href":"https:\/\/www.radiomanchester.com.br\/fm\/wp-json\/wp\/v2\/users\/1"}],"replies":[{"embeddable":true,"href":"https:\/\/www.radiomanchester.com.br\/fm\/wp-json\/wp\/v2\/comments?post=9045"}],"version-history":[{"count":1,"href":"https:\/\/www.radiomanchester.com.br\/fm\/wp-json\/wp\/v2\/posts\/9045\/revisions"}],"predecessor-version":[{"id":9047,"href":"https:\/\/www.radiomanchester.com.br\/fm\/wp-json\/wp\/v2\/posts\/9045\/revisions\/9047"}],"wp:attachment":[{"href":"https:\/\/www.radiomanchester.com.br\/fm\/wp-json\/wp\/v2\/media?parent=9045"}],"wp:term":[{"taxonomy":"category","embeddable":true,"href":"https:\/\/www.radiomanchester.com.br\/fm\/wp-json\/wp\/v2\/categories?post=9045"},{"taxonomy":"post_tag","embeddable":true,"href":"https:\/\/www.radiomanchester.com.br\/fm\/wp-json\/wp\/v2\/tags?post=9045"}],"curies":[{"name":"wp","href":"https:\/\/api.w.org\/{rel}","templated":true}]}}