{"id":9198,"date":"2022-09-21T16:47:02","date_gmt":"2022-09-21T19:47:02","guid":{"rendered":"https:\/\/www.radiomanchester.com.br\/fm\/?p=9198"},"modified":"2022-09-21T16:47:08","modified_gmt":"2022-09-21T19:47:08","slug":"fique-atento-para-disputa-de-vagas-nos-colegios-militares-de-anapolis","status":"publish","type":"post","link":"https:\/\/www.radiomanchester.com.br\/fm\/fique-atento-para-disputa-de-vagas-nos-colegios-militares-de-anapolis\/","title":{"rendered":"Fique atento para disputa de vagas nos col\u00e9gios militares de An\u00e1polis"},"content":{"rendered":"\n<p><\/p>\n\n\n\n<p><em><strong>Ser\u00e3o oferecidas 430 vagas nas unidades de An\u00e1polis para ingresso em 2023<\/strong><\/em><\/p>\n\n\n\n<hr class=\"wp-block-separator\"\/>\n\n\n\n<p>As inscri\u00e7\u00f5es para concorrer a vagas nos col\u00e9gios militares de An\u00e1polis abrem no dia 03 de outubro e v\u00e3o at\u00e9 o dia 31, sendo poss\u00edvel realizar pela internet no endere\u00e7o: <a href=\"http:\/\/cepmgo.gr8.com.br\">cepmgo.gr8.com.br<\/a>. Ao todo ser\u00e3o ofertadas 430 vagas distribu\u00eddas entre as quatro unidades de An\u00e1polis.<\/p>\n\n\n\n<div style=\"height:100px\" aria-hidden=\"true\" class=\"wp-block-spacer\"><\/div>\n\n\n\n<p>No CEPMG Arlindo Costa, 75 vagas para o 6\u00ba ano vespertino e 30, para a 3\u00ba s\u00e9rie do Ensino M\u00e9dio; 100 vagas na unidade C\u00e9sar Toledo e 100 no Gabriel Issa, em ambos somente para o 6\u00ba ano. NO CEPMG Senador Onofre Quinan, 100 para o 6\u00ba ano e 25 para a 1\u00ba s\u00e9rie do Ensino M\u00e9dio. O comandante de ensino dos col\u00e9gios da PM em Goi\u00e1s, coronel Luciano Souza Magalh\u00e3es, informa que os sorteios acontecem entre 7 e 9 de novembro, de acordo com cronograma definido em edital, que est\u00e1 dispon\u00edvel em\u00a0<a href=\"https:\/\/cepmgo.gr8.com.br\/\">https:\/\/cepmgo.gr8.com.br\/.<\/a><\/p>\n\n\n\n<figure class=\"wp-block-image size-medium\"><img loading=\"lazy\" width=\"300\" height=\"203\" src=\"https:\/\/www.radiomanchester.com.br\/fm\/wp-content\/uploads\/2022\/09\/9B9B0FCD-A435-42C5-9F2F-11451646F90A-300x203.jpeg\" alt=\"\" class=\"wp-image-9199\" srcset=\"https:\/\/www.radiomanchester.com.br\/fm\/wp-content\/uploads\/2022\/09\/9B9B0FCD-A435-42C5-9F2F-11451646F90A-300x203.jpeg 300w, https:\/\/www.radiomanchester.com.br\/fm\/wp-content\/uploads\/2022\/09\/9B9B0FCD-A435-42C5-9F2F-11451646F90A.jpeg 673w\" sizes=\"(max-width: 300px) 100vw, 300px\" \/><\/figure>\n\n\n\n<p>Por Wanessa Faustino com DMAnapolis &#8211; foto: redes sociais <\/p>\n\n\n\n<p><\/p>\n\n\n\n<p><\/p>\n","protected":false},"excerpt":{"rendered":"<p class=\"excerpt\">Ser\u00e3o oferecidas 430 vagas nas unidades de An\u00e1polis para ingresso em 2023 As inscri\u00e7\u00f5es para concorrer a vagas nos col\u00e9gios militares de An\u00e1polis abrem no dia 03 de outubro e v\u00e3o at\u00e9 o dia 31, sendo poss\u00edvel realizar pela internet no endere\u00e7o: cepmgo.gr8.com.br. Ao todo ser\u00e3o ofertadas 430 vagas distribu\u00eddas entre as quatro unidades de [&hellip;]<\/p>\n","protected":false},"author":1,"featured_media":0,"comment_status":"open","ping_status":"open","sticky":false,"template":"","format":"standard","meta":[],"categories":[8,17],"tags":[22,24,113,83,92],"yoast_head":"<!-- This site is optimized with the Yoast SEO plugin v18.3 - https:\/\/yoast.com\/wordpress\/plugins\/seo\/ -->\n<title>Fique atento para disputa de vagas nos col\u00e9gios militares de An\u00e1polis - Manchester FM 93,3<\/title>\n<meta name=\"robots\" content=\"index, follow, max-snippet:-1, max-image-preview:large, max-video-preview:-1\" \/>\n<link rel=\"canonical\" href=\"https:\/\/www.radiomanchester.com.br\/fm\/fique-atento-para-disputa-de-vagas-nos-colegios-militares-de-anapolis\/\" \/>\n<meta property=\"og:locale\" content=\"pt_BR\" \/>\n<meta property=\"og:type\" content=\"article\" \/>\n<meta property=\"og:title\" content=\"Fique atento para disputa de vagas nos col\u00e9gios militares de An\u00e1polis - Manchester FM 93,3\" \/>\n<meta property=\"og:description\" content=\"Ser\u00e3o oferecidas 430 vagas nas unidades de An\u00e1polis para ingresso em 2023 As inscri\u00e7\u00f5es para concorrer a vagas nos col\u00e9gios militares de An\u00e1polis abrem no dia 03 de outubro e v\u00e3o at\u00e9 o dia 31, sendo poss\u00edvel realizar pela internet no endere\u00e7o: cepmgo.gr8.com.br. Ao todo ser\u00e3o ofertadas 430 vagas distribu\u00eddas entre as quatro unidades de [&hellip;]\" \/>\n<meta property=\"og:url\" content=\"https:\/\/www.radiomanchester.com.br\/fm\/fique-atento-para-disputa-de-vagas-nos-colegios-militares-de-anapolis\/\" \/>\n<meta property=\"og:site_name\" content=\"Manchester FM 93,3\" \/>\n<meta property=\"article:published_time\" content=\"2022-09-21T19:47:02+00:00\" \/>\n<meta property=\"article:modified_time\" content=\"2022-09-21T19:47:08+00:00\" \/>\n<meta property=\"og:image\" content=\"https:\/\/www.radiomanchester.com.br\/fm\/wp-content\/uploads\/2022\/09\/9B9B0FCD-A435-42C5-9F2F-11451646F90A-300x203.jpeg\" \/>\n<meta name=\"twitter:card\" content=\"summary_large_image\" \/>\n<meta name=\"twitter:label1\" content=\"Escrito por\" \/>\n\t<meta name=\"twitter:data1\" content=\"admin\" \/>\n\t<meta name=\"twitter:label2\" content=\"Est. tempo de leitura\" \/>\n\t<meta name=\"twitter:data2\" content=\"2 minutos\" \/>\n<script type=\"application\/ld+json\" class=\"yoast-schema-graph\">{\"@context\":\"https:\/\/schema.org\",\"@graph\":[{\"@type\":\"WebSite\",\"@id\":\"https:\/\/www.radiomanchester.com.br\/fm\/#website\",\"url\":\"https:\/\/www.radiomanchester.com.br\/fm\/\",\"name\":\"Manchester FM 93,3\",\"description\":\"Todo Mundo Ouve!\",\"potentialAction\":[{\"@type\":\"SearchAction\",\"target\":{\"@type\":\"EntryPoint\",\"urlTemplate\":\"https:\/\/www.radiomanchester.com.br\/fm\/?s={search_term_string}\"},\"query-input\":\"required name=search_term_string\"}],\"inLanguage\":\"pt-BR\"},{\"@type\":\"ImageObject\",\"@id\":\"https:\/\/www.radiomanchester.com.br\/fm\/fique-atento-para-disputa-de-vagas-nos-colegios-militares-de-anapolis\/#primaryimage\",\"inLanguage\":\"pt-BR\",\"url\":\"https:\/\/www.radiomanchester.com.br\/fm\/wp-content\/uploads\/2022\/09\/9B9B0FCD-A435-42C5-9F2F-11451646F90A.jpeg\",\"contentUrl\":\"https:\/\/www.radiomanchester.com.br\/fm\/wp-content\/uploads\/2022\/09\/9B9B0FCD-A435-42C5-9F2F-11451646F90A.jpeg\",\"width\":673,\"height\":455},{\"@type\":\"WebPage\",\"@id\":\"https:\/\/www.radiomanchester.com.br\/fm\/fique-atento-para-disputa-de-vagas-nos-colegios-militares-de-anapolis\/#webpage\",\"url\":\"https:\/\/www.radiomanchester.com.br\/fm\/fique-atento-para-disputa-de-vagas-nos-colegios-militares-de-anapolis\/\",\"name\":\"Fique atento para disputa de vagas nos col\u00e9gios militares de An\u00e1polis - Manchester FM 93,3\",\"isPartOf\":{\"@id\":\"https:\/\/www.radiomanchester.com.br\/fm\/#website\"},\"primaryImageOfPage\":{\"@id\":\"https:\/\/www.radiomanchester.com.br\/fm\/fique-atento-para-disputa-de-vagas-nos-colegios-militares-de-anapolis\/#primaryimage\"},\"datePublished\":\"2022-09-21T19:47:02+00:00\",\"dateModified\":\"2022-09-21T19:47:08+00:00\",\"author\":{\"@id\":\"https:\/\/www.radiomanchester.com.br\/fm\/#\/schema\/person\/408a7b4d4e32cbebd90e2782852abca3\"},\"breadcrumb\":{\"@id\":\"https:\/\/www.radiomanchester.com.br\/fm\/fique-atento-para-disputa-de-vagas-nos-colegios-militares-de-anapolis\/#breadcrumb\"},\"inLanguage\":\"pt-BR\",\"potentialAction\":[{\"@type\":\"ReadAction\",\"target\":[\"https:\/\/www.radiomanchester.com.br\/fm\/fique-atento-para-disputa-de-vagas-nos-colegios-militares-de-anapolis\/\"]}]},{\"@type\":\"BreadcrumbList\",\"@id\":\"https:\/\/www.radiomanchester.com.br\/fm\/fique-atento-para-disputa-de-vagas-nos-colegios-militares-de-anapolis\/#breadcrumb\",\"itemListElement\":[{\"@type\":\"ListItem\",\"position\":1,\"name\":\"Home\",\"item\":\"https:\/\/www.radiomanchester.com.br\/fm\/\"},{\"@type\":\"ListItem\",\"position\":2,\"name\":\"Fique atento para disputa de vagas nos col\u00e9gios militares de An\u00e1polis\"}]},{\"@type\":\"Person\",\"@id\":\"https:\/\/www.radiomanchester.com.br\/fm\/#\/schema\/person\/408a7b4d4e32cbebd90e2782852abca3\",\"name\":\"admin\",\"image\":{\"@type\":\"ImageObject\",\"@id\":\"https:\/\/www.radiomanchester.com.br\/fm\/#personlogo\",\"inLanguage\":\"pt-BR\",\"url\":\"https:\/\/secure.gravatar.com\/avatar\/115a974dba3376872eb3addeb276301c?s=96&d=mm&r=g\",\"contentUrl\":\"https:\/\/secure.gravatar.com\/avatar\/115a974dba3376872eb3addeb276301c?s=96&d=mm&r=g\",\"caption\":\"admin\"},\"url\":\"https:\/\/www.radiomanchester.com.br\/fm\/author\/admin\/\"}]}<\/script>\n<!-- \/ Yoast SEO plugin. -->","yoast_head_json":{"title":"Fique atento para disputa de vagas nos col\u00e9gios militares de An\u00e1polis - Manchester FM 93,3","robots":{"index":"index","follow":"follow","max-snippet":"max-snippet:-1","max-image-preview":"max-image-preview:large","max-video-preview":"max-video-preview:-1"},"canonical":"https:\/\/www.radiomanchester.com.br\/fm\/fique-atento-para-disputa-de-vagas-nos-colegios-militares-de-anapolis\/","og_locale":"pt_BR","og_type":"article","og_title":"Fique atento para disputa de vagas nos col\u00e9gios militares de An\u00e1polis - Manchester FM 93,3","og_description":"Ser\u00e3o oferecidas 430 vagas nas unidades de An\u00e1polis para ingresso em 2023 As inscri\u00e7\u00f5es para concorrer a vagas nos col\u00e9gios militares de An\u00e1polis abrem no dia 03 de outubro e v\u00e3o at\u00e9 o dia 31, sendo poss\u00edvel realizar pela internet no endere\u00e7o: cepmgo.gr8.com.br. Ao todo ser\u00e3o ofertadas 430 vagas distribu\u00eddas entre as quatro unidades de [&hellip;]","og_url":"https:\/\/www.radiomanchester.com.br\/fm\/fique-atento-para-disputa-de-vagas-nos-colegios-militares-de-anapolis\/","og_site_name":"Manchester FM 93,3","article_published_time":"2022-09-21T19:47:02+00:00","article_modified_time":"2022-09-21T19:47:08+00:00","og_image":[{"url":"https:\/\/www.radiomanchester.com.br\/fm\/wp-content\/uploads\/2022\/09\/9B9B0FCD-A435-42C5-9F2F-11451646F90A-300x203.jpeg"}],"twitter_card":"summary_large_image","twitter_misc":{"Escrito por":"admin","Est. tempo de leitura":"2 minutos"},"schema":{"@context":"https:\/\/schema.org","@graph":[{"@type":"WebSite","@id":"https:\/\/www.radiomanchester.com.br\/fm\/#website","url":"https:\/\/www.radiomanchester.com.br\/fm\/","name":"Manchester FM 93,3","description":"Todo Mundo Ouve!","potentialAction":[{"@type":"SearchAction","target":{"@type":"EntryPoint","urlTemplate":"https:\/\/www.radiomanchester.com.br\/fm\/?s={search_term_string}"},"query-input":"required name=search_term_string"}],"inLanguage":"pt-BR"},{"@type":"ImageObject","@id":"https:\/\/www.radiomanchester.com.br\/fm\/fique-atento-para-disputa-de-vagas-nos-colegios-militares-de-anapolis\/#primaryimage","inLanguage":"pt-BR","url":"https:\/\/www.radiomanchester.com.br\/fm\/wp-content\/uploads\/2022\/09\/9B9B0FCD-A435-42C5-9F2F-11451646F90A.jpeg","contentUrl":"https:\/\/www.radiomanchester.com.br\/fm\/wp-content\/uploads\/2022\/09\/9B9B0FCD-A435-42C5-9F2F-11451646F90A.jpeg","width":673,"height":455},{"@type":"WebPage","@id":"https:\/\/www.radiomanchester.com.br\/fm\/fique-atento-para-disputa-de-vagas-nos-colegios-militares-de-anapolis\/#webpage","url":"https:\/\/www.radiomanchester.com.br\/fm\/fique-atento-para-disputa-de-vagas-nos-colegios-militares-de-anapolis\/","name":"Fique atento para disputa de vagas nos col\u00e9gios militares de An\u00e1polis - Manchester FM 93,3","isPartOf":{"@id":"https:\/\/www.radiomanchester.com.br\/fm\/#website"},"primaryImageOfPage":{"@id":"https:\/\/www.radiomanchester.com.br\/fm\/fique-atento-para-disputa-de-vagas-nos-colegios-militares-de-anapolis\/#primaryimage"},"datePublished":"2022-09-21T19:47:02+00:00","dateModified":"2022-09-21T19:47:08+00:00","author":{"@id":"https:\/\/www.radiomanchester.com.br\/fm\/#\/schema\/person\/408a7b4d4e32cbebd90e2782852abca3"},"breadcrumb":{"@id":"https:\/\/www.radiomanchester.com.br\/fm\/fique-atento-para-disputa-de-vagas-nos-colegios-militares-de-anapolis\/#breadcrumb"},"inLanguage":"pt-BR","potentialAction":[{"@type":"ReadAction","target":["https:\/\/www.radiomanchester.com.br\/fm\/fique-atento-para-disputa-de-vagas-nos-colegios-militares-de-anapolis\/"]}]},{"@type":"BreadcrumbList","@id":"https:\/\/www.radiomanchester.com.br\/fm\/fique-atento-para-disputa-de-vagas-nos-colegios-militares-de-anapolis\/#breadcrumb","itemListElement":[{"@type":"ListItem","position":1,"name":"Home","item":"https:\/\/www.radiomanchester.com.br\/fm\/"},{"@type":"ListItem","position":2,"name":"Fique atento para disputa de vagas nos col\u00e9gios militares de An\u00e1polis"}]},{"@type":"Person","@id":"https:\/\/www.radiomanchester.com.br\/fm\/#\/schema\/person\/408a7b4d4e32cbebd90e2782852abca3","name":"admin","image":{"@type":"ImageObject","@id":"https:\/\/www.radiomanchester.com.br\/fm\/#personlogo","inLanguage":"pt-BR","url":"https:\/\/secure.gravatar.com\/avatar\/115a974dba3376872eb3addeb276301c?s=96&d=mm&r=g","contentUrl":"https:\/\/secure.gravatar.com\/avatar\/115a974dba3376872eb3addeb276301c?s=96&d=mm&r=g","caption":"admin"},"url":"https:\/\/www.radiomanchester.com.br\/fm\/author\/admin\/"}]}},"_links":{"self":[{"href":"https:\/\/www.radiomanchester.com.br\/fm\/wp-json\/wp\/v2\/posts\/9198"}],"collection":[{"href":"https:\/\/www.radiomanchester.com.br\/fm\/wp-json\/wp\/v2\/posts"}],"about":[{"href":"https:\/\/www.radiomanchester.com.br\/fm\/wp-json\/wp\/v2\/types\/post"}],"author":[{"embeddable":true,"href":"https:\/\/www.radiomanchester.com.br\/fm\/wp-json\/wp\/v2\/users\/1"}],"replies":[{"embeddable":true,"href":"https:\/\/www.radiomanchester.com.br\/fm\/wp-json\/wp\/v2\/comments?post=9198"}],"version-history":[{"count":1,"href":"https:\/\/www.radiomanchester.com.br\/fm\/wp-json\/wp\/v2\/posts\/9198\/revisions"}],"predecessor-version":[{"id":9200,"href":"https:\/\/www.radiomanchester.com.br\/fm\/wp-json\/wp\/v2\/posts\/9198\/revisions\/9200"}],"wp:attachment":[{"href":"https:\/\/www.radiomanchester.com.br\/fm\/wp-json\/wp\/v2\/media?parent=9198"}],"wp:term":[{"taxonomy":"category","embeddable":true,"href":"https:\/\/www.radiomanchester.com.br\/fm\/wp-json\/wp\/v2\/categories?post=9198"},{"taxonomy":"post_tag","embeddable":true,"href":"https:\/\/www.radiomanchester.com.br\/fm\/wp-json\/wp\/v2\/tags?post=9198"}],"curies":[{"name":"wp","href":"https:\/\/api.w.org\/{rel}","templated":true}]}}