{"id":9201,"date":"2022-09-21T23:52:24","date_gmt":"2022-09-22T02:52:24","guid":{"rendered":"https:\/\/www.radiomanchester.com.br\/fm\/?p=9201"},"modified":"2022-09-21T23:52:27","modified_gmt":"2022-09-22T02:52:27","slug":"helicoptero-levando-politicos-cai-em-minas-gerais","status":"publish","type":"post","link":"https:\/\/www.radiomanchester.com.br\/fm\/helicoptero-levando-politicos-cai-em-minas-gerais\/","title":{"rendered":"Helic\u00f3ptero levando pol\u00edticos cai em Minas Gerais"},"content":{"rendered":"\n<p><\/p>\n\n\n\n<p><strong><em>Deputado federal, vice-prefeito de Governador Valadares, David Barroso (DEM), locutor Luciano Viana, que trabalha na campanha e piloto, estavam na aeronave<\/em><\/strong><\/p>\n\n\n\n<hr class=\"wp-block-separator\"\/>\n\n\n\n<p>O helic\u00f3ptero que levava o deputado federal Herc\u00edlio Coelho Diniz (MDB), caiu ap\u00f3s se chocar com cabos de alta tens\u00e3o da Ceming, na cidade de Engenheiro Caldas, em Minas Gerais, nesta quarta-feira (21\/09). Herc\u00edlio estava indo para um compromisso de campanha no munic\u00edpio.<\/p>\n\n\n\n<div style=\"height:100px\" aria-hidden=\"true\" class=\"wp-block-spacer\"><\/div>\n\n\n\n<p>Tamb\u00e9m estavam presentes na aeronave, o vice-prefeito de Governador Valadares, David Barroso (DEM), e o locutor Luciano Viana, que trabalha na campanha. De acordo com a equipe do parlamentar, todos que estavam na aeronave sobreviveram e foram encaminhados ao hospital para a realiza\u00e7\u00e3o de exames m\u00e9dicos.<\/p>\n\n\n\n<div style=\"height:100px\" aria-hidden=\"true\" class=\"wp-block-spacer\"><\/div>\n\n\n\n<p>Segundo o Corpo de Bombeiros, um princ\u00edpio de inc\u00eandio foi registrado ap\u00f3s o rompimento dos cabos &#8211; que teriam sido atingidos pelo helic\u00f3ptero. O fogo foi controlado.<\/p>\n\n\n\n<figure class=\"wp-block-image size-medium\"><img loading=\"lazy\" width=\"300\" height=\"229\" src=\"https:\/\/www.radiomanchester.com.br\/fm\/wp-content\/uploads\/2022\/09\/Sem-titulo-6-300x229.png\" alt=\"\" class=\"wp-image-9202\" srcset=\"https:\/\/www.radiomanchester.com.br\/fm\/wp-content\/uploads\/2022\/09\/Sem-titulo-6-300x229.png 300w, https:\/\/www.radiomanchester.com.br\/fm\/wp-content\/uploads\/2022\/09\/Sem-titulo-6.png 650w\" sizes=\"(max-width: 300px) 100vw, 300px\" \/><\/figure>\n\n\n\n<p>por reda\u00e7\u00e3o &#8211; foto: reprodu\u00e7\u00e3o<\/p>\n","protected":false},"excerpt":{"rendered":"<p class=\"excerpt\">Deputado federal, vice-prefeito de Governador Valadares, David Barroso (DEM), locutor Luciano Viana, que trabalha na campanha e piloto, estavam na aeronave O helic\u00f3ptero que levava o deputado federal Herc\u00edlio Coelho Diniz (MDB), caiu ap\u00f3s se chocar com cabos de alta tens\u00e3o da Ceming, na cidade de Engenheiro Caldas, em Minas Gerais, nesta quarta-feira (21\/09). Herc\u00edlio [&hellip;]<\/p>\n","protected":false},"author":1,"featured_media":0,"comment_status":"open","ping_status":"open","sticky":false,"template":"","format":"standard","meta":[],"categories":[8,17],"tags":[22,24,113,83,92],"yoast_head":"<!-- This site is optimized with the Yoast SEO plugin v18.3 - https:\/\/yoast.com\/wordpress\/plugins\/seo\/ -->\n<title>Helic\u00f3ptero levando pol\u00edticos cai em Minas Gerais - Manchester FM 93,3<\/title>\n<meta name=\"robots\" content=\"index, follow, max-snippet:-1, max-image-preview:large, max-video-preview:-1\" \/>\n<link rel=\"canonical\" href=\"https:\/\/www.radiomanchester.com.br\/fm\/helicoptero-levando-politicos-cai-em-minas-gerais\/\" \/>\n<meta property=\"og:locale\" content=\"pt_BR\" \/>\n<meta property=\"og:type\" content=\"article\" \/>\n<meta property=\"og:title\" content=\"Helic\u00f3ptero levando pol\u00edticos cai em Minas Gerais - Manchester FM 93,3\" \/>\n<meta property=\"og:description\" content=\"Deputado federal, vice-prefeito de Governador Valadares, David Barroso (DEM), locutor Luciano Viana, que trabalha na campanha e piloto, estavam na aeronave O helic\u00f3ptero que levava o deputado federal Herc\u00edlio Coelho Diniz (MDB), caiu ap\u00f3s se chocar com cabos de alta tens\u00e3o da Ceming, na cidade de Engenheiro Caldas, em Minas Gerais, nesta quarta-feira (21\/09). Herc\u00edlio [&hellip;]\" \/>\n<meta property=\"og:url\" content=\"https:\/\/www.radiomanchester.com.br\/fm\/helicoptero-levando-politicos-cai-em-minas-gerais\/\" \/>\n<meta property=\"og:site_name\" content=\"Manchester FM 93,3\" \/>\n<meta property=\"article:published_time\" content=\"2022-09-22T02:52:24+00:00\" \/>\n<meta property=\"article:modified_time\" content=\"2022-09-22T02:52:27+00:00\" \/>\n<meta property=\"og:image\" content=\"https:\/\/www.radiomanchester.com.br\/fm\/wp-content\/uploads\/2022\/09\/Sem-titulo-6-300x229.png\" \/>\n<meta name=\"twitter:card\" content=\"summary_large_image\" \/>\n<meta name=\"twitter:label1\" content=\"Escrito por\" \/>\n\t<meta name=\"twitter:data1\" content=\"admin\" \/>\n\t<meta name=\"twitter:label2\" content=\"Est. tempo de leitura\" \/>\n\t<meta name=\"twitter:data2\" content=\"1 minuto\" \/>\n<script type=\"application\/ld+json\" class=\"yoast-schema-graph\">{\"@context\":\"https:\/\/schema.org\",\"@graph\":[{\"@type\":\"WebSite\",\"@id\":\"https:\/\/www.radiomanchester.com.br\/fm\/#website\",\"url\":\"https:\/\/www.radiomanchester.com.br\/fm\/\",\"name\":\"Manchester FM 93,3\",\"description\":\"Todo Mundo Ouve!\",\"potentialAction\":[{\"@type\":\"SearchAction\",\"target\":{\"@type\":\"EntryPoint\",\"urlTemplate\":\"https:\/\/www.radiomanchester.com.br\/fm\/?s={search_term_string}\"},\"query-input\":\"required name=search_term_string\"}],\"inLanguage\":\"pt-BR\"},{\"@type\":\"ImageObject\",\"@id\":\"https:\/\/www.radiomanchester.com.br\/fm\/helicoptero-levando-politicos-cai-em-minas-gerais\/#primaryimage\",\"inLanguage\":\"pt-BR\",\"url\":\"https:\/\/www.radiomanchester.com.br\/fm\/wp-content\/uploads\/2022\/09\/Sem-titulo-6-300x229.png\",\"contentUrl\":\"https:\/\/www.radiomanchester.com.br\/fm\/wp-content\/uploads\/2022\/09\/Sem-titulo-6-300x229.png\"},{\"@type\":\"WebPage\",\"@id\":\"https:\/\/www.radiomanchester.com.br\/fm\/helicoptero-levando-politicos-cai-em-minas-gerais\/#webpage\",\"url\":\"https:\/\/www.radiomanchester.com.br\/fm\/helicoptero-levando-politicos-cai-em-minas-gerais\/\",\"name\":\"Helic\u00f3ptero levando pol\u00edticos cai em Minas Gerais - Manchester FM 93,3\",\"isPartOf\":{\"@id\":\"https:\/\/www.radiomanchester.com.br\/fm\/#website\"},\"primaryImageOfPage\":{\"@id\":\"https:\/\/www.radiomanchester.com.br\/fm\/helicoptero-levando-politicos-cai-em-minas-gerais\/#primaryimage\"},\"datePublished\":\"2022-09-22T02:52:24+00:00\",\"dateModified\":\"2022-09-22T02:52:27+00:00\",\"author\":{\"@id\":\"https:\/\/www.radiomanchester.com.br\/fm\/#\/schema\/person\/408a7b4d4e32cbebd90e2782852abca3\"},\"breadcrumb\":{\"@id\":\"https:\/\/www.radiomanchester.com.br\/fm\/helicoptero-levando-politicos-cai-em-minas-gerais\/#breadcrumb\"},\"inLanguage\":\"pt-BR\",\"potentialAction\":[{\"@type\":\"ReadAction\",\"target\":[\"https:\/\/www.radiomanchester.com.br\/fm\/helicoptero-levando-politicos-cai-em-minas-gerais\/\"]}]},{\"@type\":\"BreadcrumbList\",\"@id\":\"https:\/\/www.radiomanchester.com.br\/fm\/helicoptero-levando-politicos-cai-em-minas-gerais\/#breadcrumb\",\"itemListElement\":[{\"@type\":\"ListItem\",\"position\":1,\"name\":\"Home\",\"item\":\"https:\/\/www.radiomanchester.com.br\/fm\/\"},{\"@type\":\"ListItem\",\"position\":2,\"name\":\"Helic\u00f3ptero levando pol\u00edticos cai em Minas Gerais\"}]},{\"@type\":\"Person\",\"@id\":\"https:\/\/www.radiomanchester.com.br\/fm\/#\/schema\/person\/408a7b4d4e32cbebd90e2782852abca3\",\"name\":\"admin\",\"image\":{\"@type\":\"ImageObject\",\"@id\":\"https:\/\/www.radiomanchester.com.br\/fm\/#personlogo\",\"inLanguage\":\"pt-BR\",\"url\":\"https:\/\/secure.gravatar.com\/avatar\/115a974dba3376872eb3addeb276301c?s=96&d=mm&r=g\",\"contentUrl\":\"https:\/\/secure.gravatar.com\/avatar\/115a974dba3376872eb3addeb276301c?s=96&d=mm&r=g\",\"caption\":\"admin\"},\"url\":\"https:\/\/www.radiomanchester.com.br\/fm\/author\/admin\/\"}]}<\/script>\n<!-- \/ Yoast SEO plugin. -->","yoast_head_json":{"title":"Helic\u00f3ptero levando pol\u00edticos cai em Minas Gerais - Manchester FM 93,3","robots":{"index":"index","follow":"follow","max-snippet":"max-snippet:-1","max-image-preview":"max-image-preview:large","max-video-preview":"max-video-preview:-1"},"canonical":"https:\/\/www.radiomanchester.com.br\/fm\/helicoptero-levando-politicos-cai-em-minas-gerais\/","og_locale":"pt_BR","og_type":"article","og_title":"Helic\u00f3ptero levando pol\u00edticos cai em Minas Gerais - Manchester FM 93,3","og_description":"Deputado federal, vice-prefeito de Governador Valadares, David Barroso (DEM), locutor Luciano Viana, que trabalha na campanha e piloto, estavam na aeronave O helic\u00f3ptero que levava o deputado federal Herc\u00edlio Coelho Diniz (MDB), caiu ap\u00f3s se chocar com cabos de alta tens\u00e3o da Ceming, na cidade de Engenheiro Caldas, em Minas Gerais, nesta quarta-feira (21\/09). Herc\u00edlio [&hellip;]","og_url":"https:\/\/www.radiomanchester.com.br\/fm\/helicoptero-levando-politicos-cai-em-minas-gerais\/","og_site_name":"Manchester FM 93,3","article_published_time":"2022-09-22T02:52:24+00:00","article_modified_time":"2022-09-22T02:52:27+00:00","og_image":[{"url":"https:\/\/www.radiomanchester.com.br\/fm\/wp-content\/uploads\/2022\/09\/Sem-titulo-6-300x229.png"}],"twitter_card":"summary_large_image","twitter_misc":{"Escrito por":"admin","Est. tempo de leitura":"1 minuto"},"schema":{"@context":"https:\/\/schema.org","@graph":[{"@type":"WebSite","@id":"https:\/\/www.radiomanchester.com.br\/fm\/#website","url":"https:\/\/www.radiomanchester.com.br\/fm\/","name":"Manchester FM 93,3","description":"Todo Mundo Ouve!","potentialAction":[{"@type":"SearchAction","target":{"@type":"EntryPoint","urlTemplate":"https:\/\/www.radiomanchester.com.br\/fm\/?s={search_term_string}"},"query-input":"required name=search_term_string"}],"inLanguage":"pt-BR"},{"@type":"ImageObject","@id":"https:\/\/www.radiomanchester.com.br\/fm\/helicoptero-levando-politicos-cai-em-minas-gerais\/#primaryimage","inLanguage":"pt-BR","url":"https:\/\/www.radiomanchester.com.br\/fm\/wp-content\/uploads\/2022\/09\/Sem-titulo-6-300x229.png","contentUrl":"https:\/\/www.radiomanchester.com.br\/fm\/wp-content\/uploads\/2022\/09\/Sem-titulo-6-300x229.png"},{"@type":"WebPage","@id":"https:\/\/www.radiomanchester.com.br\/fm\/helicoptero-levando-politicos-cai-em-minas-gerais\/#webpage","url":"https:\/\/www.radiomanchester.com.br\/fm\/helicoptero-levando-politicos-cai-em-minas-gerais\/","name":"Helic\u00f3ptero levando pol\u00edticos cai em Minas Gerais - Manchester FM 93,3","isPartOf":{"@id":"https:\/\/www.radiomanchester.com.br\/fm\/#website"},"primaryImageOfPage":{"@id":"https:\/\/www.radiomanchester.com.br\/fm\/helicoptero-levando-politicos-cai-em-minas-gerais\/#primaryimage"},"datePublished":"2022-09-22T02:52:24+00:00","dateModified":"2022-09-22T02:52:27+00:00","author":{"@id":"https:\/\/www.radiomanchester.com.br\/fm\/#\/schema\/person\/408a7b4d4e32cbebd90e2782852abca3"},"breadcrumb":{"@id":"https:\/\/www.radiomanchester.com.br\/fm\/helicoptero-levando-politicos-cai-em-minas-gerais\/#breadcrumb"},"inLanguage":"pt-BR","potentialAction":[{"@type":"ReadAction","target":["https:\/\/www.radiomanchester.com.br\/fm\/helicoptero-levando-politicos-cai-em-minas-gerais\/"]}]},{"@type":"BreadcrumbList","@id":"https:\/\/www.radiomanchester.com.br\/fm\/helicoptero-levando-politicos-cai-em-minas-gerais\/#breadcrumb","itemListElement":[{"@type":"ListItem","position":1,"name":"Home","item":"https:\/\/www.radiomanchester.com.br\/fm\/"},{"@type":"ListItem","position":2,"name":"Helic\u00f3ptero levando pol\u00edticos cai em Minas Gerais"}]},{"@type":"Person","@id":"https:\/\/www.radiomanchester.com.br\/fm\/#\/schema\/person\/408a7b4d4e32cbebd90e2782852abca3","name":"admin","image":{"@type":"ImageObject","@id":"https:\/\/www.radiomanchester.com.br\/fm\/#personlogo","inLanguage":"pt-BR","url":"https:\/\/secure.gravatar.com\/avatar\/115a974dba3376872eb3addeb276301c?s=96&d=mm&r=g","contentUrl":"https:\/\/secure.gravatar.com\/avatar\/115a974dba3376872eb3addeb276301c?s=96&d=mm&r=g","caption":"admin"},"url":"https:\/\/www.radiomanchester.com.br\/fm\/author\/admin\/"}]}},"_links":{"self":[{"href":"https:\/\/www.radiomanchester.com.br\/fm\/wp-json\/wp\/v2\/posts\/9201"}],"collection":[{"href":"https:\/\/www.radiomanchester.com.br\/fm\/wp-json\/wp\/v2\/posts"}],"about":[{"href":"https:\/\/www.radiomanchester.com.br\/fm\/wp-json\/wp\/v2\/types\/post"}],"author":[{"embeddable":true,"href":"https:\/\/www.radiomanchester.com.br\/fm\/wp-json\/wp\/v2\/users\/1"}],"replies":[{"embeddable":true,"href":"https:\/\/www.radiomanchester.com.br\/fm\/wp-json\/wp\/v2\/comments?post=9201"}],"version-history":[{"count":1,"href":"https:\/\/www.radiomanchester.com.br\/fm\/wp-json\/wp\/v2\/posts\/9201\/revisions"}],"predecessor-version":[{"id":9203,"href":"https:\/\/www.radiomanchester.com.br\/fm\/wp-json\/wp\/v2\/posts\/9201\/revisions\/9203"}],"wp:attachment":[{"href":"https:\/\/www.radiomanchester.com.br\/fm\/wp-json\/wp\/v2\/media?parent=9201"}],"wp:term":[{"taxonomy":"category","embeddable":true,"href":"https:\/\/www.radiomanchester.com.br\/fm\/wp-json\/wp\/v2\/categories?post=9201"},{"taxonomy":"post_tag","embeddable":true,"href":"https:\/\/www.radiomanchester.com.br\/fm\/wp-json\/wp\/v2\/tags?post=9201"}],"curies":[{"name":"wp","href":"https:\/\/api.w.org\/{rel}","templated":true}]}}