{"id":9222,"date":"2022-09-24T17:17:02","date_gmt":"2022-09-24T20:17:02","guid":{"rendered":"https:\/\/www.radiomanchester.com.br\/fm\/?p=9222"},"modified":"2022-09-24T17:17:05","modified_gmt":"2022-09-24T20:17:05","slug":"chitaozinho-e-xororo-lembram-epoca-de-dificuldades-passamos-fome","status":"publish","type":"post","link":"https:\/\/www.radiomanchester.com.br\/fm\/chitaozinho-e-xororo-lembram-epoca-de-dificuldades-passamos-fome\/","title":{"rendered":"Chit\u00e3ozinho e Xoror\u00f3 lembram \u00e9poca de dificuldades: \u201cPassamos fome\u201d"},"content":{"rendered":"\n<p><\/p>\n\n\n\n<p><strong><em>Irm\u00e3os contaram ter passado por uma s\u00e9rie de priva\u00e7\u00f5es antes de conquistarem o sucesso<\/em><\/strong><\/p>\n\n\n\n<hr class=\"wp-block-separator\"\/>\n\n\n\n<p>\u00cdcones do sertanejo brasileiro,\u00a0Chit\u00e3ozinho e Xoror\u00f3\u00a0desfrutam uma carreira consolidada e que proporciona aos cantores uma s\u00e9rie de regalias. Mas \u00e9 v\u00e1lido destacar que as coisas nem sempre foram assim.<\/p>\n\n\n\n<div style=\"height:100px\" aria-hidden=\"true\" class=\"wp-block-spacer\"><\/div>\n\n\n\n<p>Antes de conquistar a fama, entre os anos de 1950 e 1960, os irm\u00e3os chegaram a passar fome. Durante uma entrevista a Andr\u00e9 Piunti, no podcast do jornalista no YouTube, em abril, Xoror\u00f3 relatou a situa\u00e7\u00e3o que viveu e surpreendeu o Brasil com a confiss\u00e3o. \u201cA gente sabe o que \u00e9 passar fome n\u00e9? Na nossa inf\u00e2ncia\u201d.<\/p>\n\n\n\n<div style=\"height:100px\" aria-hidden=\"true\" class=\"wp-block-spacer\"><\/div>\n\n\n\n<p>\u201cA gente vivia de um circo pro outro, sem condi\u00e7\u00f5es de pagar a gasolina, ter que dormir em casa de mulheres, barraca de circos e comer a comida dividida\u201d, frisou ainda o pai de Sandy e J\u00fanior, relembrando a fase ruim que viveu\u201d, completou.<\/p>\n\n\n\n<figure class=\"wp-block-image size-medium\"><img loading=\"lazy\" width=\"300\" height=\"200\" src=\"https:\/\/www.radiomanchester.com.br\/fm\/wp-content\/uploads\/2022\/09\/F753237A-6AF9-4118-9181-FFD42B609BC2-300x200.webp\" alt=\"\" class=\"wp-image-9224\" srcset=\"https:\/\/www.radiomanchester.com.br\/fm\/wp-content\/uploads\/2022\/09\/F753237A-6AF9-4118-9181-FFD42B609BC2-300x200.webp 300w, https:\/\/www.radiomanchester.com.br\/fm\/wp-content\/uploads\/2022\/09\/F753237A-6AF9-4118-9181-FFD42B609BC2.webp 450w\" sizes=\"(max-width: 300px) 100vw, 300px\" \/><\/figure>\n\n\n\n<p>Por TVfoco &#8211; foto: reprodu\u00e7\u00e3o&nbsp;<\/p>\n","protected":false},"excerpt":{"rendered":"<p class=\"excerpt\">Irm\u00e3os contaram ter passado por uma s\u00e9rie de priva\u00e7\u00f5es antes de conquistarem o sucesso \u00cdcones do sertanejo brasileiro,\u00a0Chit\u00e3ozinho e Xoror\u00f3\u00a0desfrutam uma carreira consolidada e que proporciona aos cantores uma s\u00e9rie de regalias. Mas \u00e9 v\u00e1lido destacar que as coisas nem sempre foram assim. Antes de conquistar a fama, entre os anos de 1950 e 1960, [&hellip;]<\/p>\n","protected":false},"author":1,"featured_media":0,"comment_status":"open","ping_status":"open","sticky":false,"template":"","format":"standard","meta":[],"categories":[8,17],"tags":[22,24,113,83,92],"yoast_head":"<!-- This site is optimized with the Yoast SEO plugin v18.3 - https:\/\/yoast.com\/wordpress\/plugins\/seo\/ -->\n<title>Chit\u00e3ozinho e Xoror\u00f3 lembram \u00e9poca de dificuldades: \u201cPassamos fome\u201d - Manchester FM 93,3<\/title>\n<meta name=\"robots\" content=\"index, follow, max-snippet:-1, max-image-preview:large, max-video-preview:-1\" \/>\n<link rel=\"canonical\" href=\"https:\/\/www.radiomanchester.com.br\/fm\/chitaozinho-e-xororo-lembram-epoca-de-dificuldades-passamos-fome\/\" \/>\n<meta property=\"og:locale\" content=\"pt_BR\" \/>\n<meta property=\"og:type\" content=\"article\" \/>\n<meta property=\"og:title\" content=\"Chit\u00e3ozinho e Xoror\u00f3 lembram \u00e9poca de dificuldades: \u201cPassamos fome\u201d - Manchester FM 93,3\" \/>\n<meta property=\"og:description\" content=\"Irm\u00e3os contaram ter passado por uma s\u00e9rie de priva\u00e7\u00f5es antes de conquistarem o sucesso \u00cdcones do sertanejo brasileiro,\u00a0Chit\u00e3ozinho e Xoror\u00f3\u00a0desfrutam uma carreira consolidada e que proporciona aos cantores uma s\u00e9rie de regalias. Mas \u00e9 v\u00e1lido destacar que as coisas nem sempre foram assim. Antes de conquistar a fama, entre os anos de 1950 e 1960, [&hellip;]\" \/>\n<meta property=\"og:url\" content=\"https:\/\/www.radiomanchester.com.br\/fm\/chitaozinho-e-xororo-lembram-epoca-de-dificuldades-passamos-fome\/\" \/>\n<meta property=\"og:site_name\" content=\"Manchester FM 93,3\" \/>\n<meta property=\"article:published_time\" content=\"2022-09-24T20:17:02+00:00\" \/>\n<meta property=\"article:modified_time\" content=\"2022-09-24T20:17:05+00:00\" \/>\n<meta property=\"og:image\" content=\"https:\/\/www.radiomanchester.com.br\/fm\/wp-content\/uploads\/2022\/09\/F753237A-6AF9-4118-9181-FFD42B609BC2-300x200.webp\" \/>\n<meta name=\"twitter:card\" content=\"summary_large_image\" \/>\n<meta name=\"twitter:label1\" content=\"Escrito por\" \/>\n\t<meta name=\"twitter:data1\" content=\"admin\" \/>\n\t<meta name=\"twitter:label2\" content=\"Est. tempo de leitura\" \/>\n\t<meta name=\"twitter:data2\" content=\"2 minutos\" \/>\n<script type=\"application\/ld+json\" class=\"yoast-schema-graph\">{\"@context\":\"https:\/\/schema.org\",\"@graph\":[{\"@type\":\"WebSite\",\"@id\":\"https:\/\/www.radiomanchester.com.br\/fm\/#website\",\"url\":\"https:\/\/www.radiomanchester.com.br\/fm\/\",\"name\":\"Manchester FM 93,3\",\"description\":\"Todo Mundo Ouve!\",\"potentialAction\":[{\"@type\":\"SearchAction\",\"target\":{\"@type\":\"EntryPoint\",\"urlTemplate\":\"https:\/\/www.radiomanchester.com.br\/fm\/?s={search_term_string}\"},\"query-input\":\"required name=search_term_string\"}],\"inLanguage\":\"pt-BR\"},{\"@type\":\"ImageObject\",\"@id\":\"https:\/\/www.radiomanchester.com.br\/fm\/chitaozinho-e-xororo-lembram-epoca-de-dificuldades-passamos-fome\/#primaryimage\",\"inLanguage\":\"pt-BR\",\"url\":\"https:\/\/www.radiomanchester.com.br\/fm\/wp-content\/uploads\/2022\/09\/F753237A-6AF9-4118-9181-FFD42B609BC2-300x200.webp\",\"contentUrl\":\"https:\/\/www.radiomanchester.com.br\/fm\/wp-content\/uploads\/2022\/09\/F753237A-6AF9-4118-9181-FFD42B609BC2-300x200.webp\"},{\"@type\":\"WebPage\",\"@id\":\"https:\/\/www.radiomanchester.com.br\/fm\/chitaozinho-e-xororo-lembram-epoca-de-dificuldades-passamos-fome\/#webpage\",\"url\":\"https:\/\/www.radiomanchester.com.br\/fm\/chitaozinho-e-xororo-lembram-epoca-de-dificuldades-passamos-fome\/\",\"name\":\"Chit\u00e3ozinho e Xoror\u00f3 lembram \u00e9poca de dificuldades: \u201cPassamos fome\u201d - Manchester FM 93,3\",\"isPartOf\":{\"@id\":\"https:\/\/www.radiomanchester.com.br\/fm\/#website\"},\"primaryImageOfPage\":{\"@id\":\"https:\/\/www.radiomanchester.com.br\/fm\/chitaozinho-e-xororo-lembram-epoca-de-dificuldades-passamos-fome\/#primaryimage\"},\"datePublished\":\"2022-09-24T20:17:02+00:00\",\"dateModified\":\"2022-09-24T20:17:05+00:00\",\"author\":{\"@id\":\"https:\/\/www.radiomanchester.com.br\/fm\/#\/schema\/person\/408a7b4d4e32cbebd90e2782852abca3\"},\"breadcrumb\":{\"@id\":\"https:\/\/www.radiomanchester.com.br\/fm\/chitaozinho-e-xororo-lembram-epoca-de-dificuldades-passamos-fome\/#breadcrumb\"},\"inLanguage\":\"pt-BR\",\"potentialAction\":[{\"@type\":\"ReadAction\",\"target\":[\"https:\/\/www.radiomanchester.com.br\/fm\/chitaozinho-e-xororo-lembram-epoca-de-dificuldades-passamos-fome\/\"]}]},{\"@type\":\"BreadcrumbList\",\"@id\":\"https:\/\/www.radiomanchester.com.br\/fm\/chitaozinho-e-xororo-lembram-epoca-de-dificuldades-passamos-fome\/#breadcrumb\",\"itemListElement\":[{\"@type\":\"ListItem\",\"position\":1,\"name\":\"Home\",\"item\":\"https:\/\/www.radiomanchester.com.br\/fm\/\"},{\"@type\":\"ListItem\",\"position\":2,\"name\":\"Chit\u00e3ozinho e Xoror\u00f3 lembram \u00e9poca de dificuldades: \u201cPassamos fome\u201d\"}]},{\"@type\":\"Person\",\"@id\":\"https:\/\/www.radiomanchester.com.br\/fm\/#\/schema\/person\/408a7b4d4e32cbebd90e2782852abca3\",\"name\":\"admin\",\"image\":{\"@type\":\"ImageObject\",\"@id\":\"https:\/\/www.radiomanchester.com.br\/fm\/#personlogo\",\"inLanguage\":\"pt-BR\",\"url\":\"https:\/\/secure.gravatar.com\/avatar\/115a974dba3376872eb3addeb276301c?s=96&d=mm&r=g\",\"contentUrl\":\"https:\/\/secure.gravatar.com\/avatar\/115a974dba3376872eb3addeb276301c?s=96&d=mm&r=g\",\"caption\":\"admin\"},\"url\":\"https:\/\/www.radiomanchester.com.br\/fm\/author\/admin\/\"}]}<\/script>\n<!-- \/ Yoast SEO plugin. -->","yoast_head_json":{"title":"Chit\u00e3ozinho e Xoror\u00f3 lembram \u00e9poca de dificuldades: \u201cPassamos fome\u201d - Manchester FM 93,3","robots":{"index":"index","follow":"follow","max-snippet":"max-snippet:-1","max-image-preview":"max-image-preview:large","max-video-preview":"max-video-preview:-1"},"canonical":"https:\/\/www.radiomanchester.com.br\/fm\/chitaozinho-e-xororo-lembram-epoca-de-dificuldades-passamos-fome\/","og_locale":"pt_BR","og_type":"article","og_title":"Chit\u00e3ozinho e Xoror\u00f3 lembram \u00e9poca de dificuldades: \u201cPassamos fome\u201d - Manchester FM 93,3","og_description":"Irm\u00e3os contaram ter passado por uma s\u00e9rie de priva\u00e7\u00f5es antes de conquistarem o sucesso \u00cdcones do sertanejo brasileiro,\u00a0Chit\u00e3ozinho e Xoror\u00f3\u00a0desfrutam uma carreira consolidada e que proporciona aos cantores uma s\u00e9rie de regalias. Mas \u00e9 v\u00e1lido destacar que as coisas nem sempre foram assim. Antes de conquistar a fama, entre os anos de 1950 e 1960, [&hellip;]","og_url":"https:\/\/www.radiomanchester.com.br\/fm\/chitaozinho-e-xororo-lembram-epoca-de-dificuldades-passamos-fome\/","og_site_name":"Manchester FM 93,3","article_published_time":"2022-09-24T20:17:02+00:00","article_modified_time":"2022-09-24T20:17:05+00:00","og_image":[{"url":"https:\/\/www.radiomanchester.com.br\/fm\/wp-content\/uploads\/2022\/09\/F753237A-6AF9-4118-9181-FFD42B609BC2-300x200.webp"}],"twitter_card":"summary_large_image","twitter_misc":{"Escrito por":"admin","Est. tempo de leitura":"2 minutos"},"schema":{"@context":"https:\/\/schema.org","@graph":[{"@type":"WebSite","@id":"https:\/\/www.radiomanchester.com.br\/fm\/#website","url":"https:\/\/www.radiomanchester.com.br\/fm\/","name":"Manchester FM 93,3","description":"Todo Mundo Ouve!","potentialAction":[{"@type":"SearchAction","target":{"@type":"EntryPoint","urlTemplate":"https:\/\/www.radiomanchester.com.br\/fm\/?s={search_term_string}"},"query-input":"required name=search_term_string"}],"inLanguage":"pt-BR"},{"@type":"ImageObject","@id":"https:\/\/www.radiomanchester.com.br\/fm\/chitaozinho-e-xororo-lembram-epoca-de-dificuldades-passamos-fome\/#primaryimage","inLanguage":"pt-BR","url":"https:\/\/www.radiomanchester.com.br\/fm\/wp-content\/uploads\/2022\/09\/F753237A-6AF9-4118-9181-FFD42B609BC2-300x200.webp","contentUrl":"https:\/\/www.radiomanchester.com.br\/fm\/wp-content\/uploads\/2022\/09\/F753237A-6AF9-4118-9181-FFD42B609BC2-300x200.webp"},{"@type":"WebPage","@id":"https:\/\/www.radiomanchester.com.br\/fm\/chitaozinho-e-xororo-lembram-epoca-de-dificuldades-passamos-fome\/#webpage","url":"https:\/\/www.radiomanchester.com.br\/fm\/chitaozinho-e-xororo-lembram-epoca-de-dificuldades-passamos-fome\/","name":"Chit\u00e3ozinho e Xoror\u00f3 lembram \u00e9poca de dificuldades: \u201cPassamos fome\u201d - Manchester FM 93,3","isPartOf":{"@id":"https:\/\/www.radiomanchester.com.br\/fm\/#website"},"primaryImageOfPage":{"@id":"https:\/\/www.radiomanchester.com.br\/fm\/chitaozinho-e-xororo-lembram-epoca-de-dificuldades-passamos-fome\/#primaryimage"},"datePublished":"2022-09-24T20:17:02+00:00","dateModified":"2022-09-24T20:17:05+00:00","author":{"@id":"https:\/\/www.radiomanchester.com.br\/fm\/#\/schema\/person\/408a7b4d4e32cbebd90e2782852abca3"},"breadcrumb":{"@id":"https:\/\/www.radiomanchester.com.br\/fm\/chitaozinho-e-xororo-lembram-epoca-de-dificuldades-passamos-fome\/#breadcrumb"},"inLanguage":"pt-BR","potentialAction":[{"@type":"ReadAction","target":["https:\/\/www.radiomanchester.com.br\/fm\/chitaozinho-e-xororo-lembram-epoca-de-dificuldades-passamos-fome\/"]}]},{"@type":"BreadcrumbList","@id":"https:\/\/www.radiomanchester.com.br\/fm\/chitaozinho-e-xororo-lembram-epoca-de-dificuldades-passamos-fome\/#breadcrumb","itemListElement":[{"@type":"ListItem","position":1,"name":"Home","item":"https:\/\/www.radiomanchester.com.br\/fm\/"},{"@type":"ListItem","position":2,"name":"Chit\u00e3ozinho e Xoror\u00f3 lembram \u00e9poca de dificuldades: \u201cPassamos fome\u201d"}]},{"@type":"Person","@id":"https:\/\/www.radiomanchester.com.br\/fm\/#\/schema\/person\/408a7b4d4e32cbebd90e2782852abca3","name":"admin","image":{"@type":"ImageObject","@id":"https:\/\/www.radiomanchester.com.br\/fm\/#personlogo","inLanguage":"pt-BR","url":"https:\/\/secure.gravatar.com\/avatar\/115a974dba3376872eb3addeb276301c?s=96&d=mm&r=g","contentUrl":"https:\/\/secure.gravatar.com\/avatar\/115a974dba3376872eb3addeb276301c?s=96&d=mm&r=g","caption":"admin"},"url":"https:\/\/www.radiomanchester.com.br\/fm\/author\/admin\/"}]}},"_links":{"self":[{"href":"https:\/\/www.radiomanchester.com.br\/fm\/wp-json\/wp\/v2\/posts\/9222"}],"collection":[{"href":"https:\/\/www.radiomanchester.com.br\/fm\/wp-json\/wp\/v2\/posts"}],"about":[{"href":"https:\/\/www.radiomanchester.com.br\/fm\/wp-json\/wp\/v2\/types\/post"}],"author":[{"embeddable":true,"href":"https:\/\/www.radiomanchester.com.br\/fm\/wp-json\/wp\/v2\/users\/1"}],"replies":[{"embeddable":true,"href":"https:\/\/www.radiomanchester.com.br\/fm\/wp-json\/wp\/v2\/comments?post=9222"}],"version-history":[{"count":1,"href":"https:\/\/www.radiomanchester.com.br\/fm\/wp-json\/wp\/v2\/posts\/9222\/revisions"}],"predecessor-version":[{"id":9225,"href":"https:\/\/www.radiomanchester.com.br\/fm\/wp-json\/wp\/v2\/posts\/9222\/revisions\/9225"}],"wp:attachment":[{"href":"https:\/\/www.radiomanchester.com.br\/fm\/wp-json\/wp\/v2\/media?parent=9222"}],"wp:term":[{"taxonomy":"category","embeddable":true,"href":"https:\/\/www.radiomanchester.com.br\/fm\/wp-json\/wp\/v2\/categories?post=9222"},{"taxonomy":"post_tag","embeddable":true,"href":"https:\/\/www.radiomanchester.com.br\/fm\/wp-json\/wp\/v2\/tags?post=9222"}],"curies":[{"name":"wp","href":"https:\/\/api.w.org\/{rel}","templated":true}]}}