{"id":9226,"date":"2022-09-25T07:56:00","date_gmt":"2022-09-25T10:56:00","guid":{"rendered":"https:\/\/www.radiomanchester.com.br\/fm\/?p=9226"},"modified":"2022-09-24T20:59:42","modified_gmt":"2022-09-24T23:59:42","slug":"tse-detalha-a-diferenca-entre-voto-majoritario-e-voto-proporcional","status":"publish","type":"post","link":"https:\/\/www.radiomanchester.com.br\/fm\/tse-detalha-a-diferenca-entre-voto-majoritario-e-voto-proporcional\/","title":{"rendered":"TSE detalha a diferen\u00e7a entre voto majorit\u00e1rio e voto proporcional"},"content":{"rendered":"\n<p><\/p>\n\n\n\n<p><strong><em>Embora forma de votar seja a mesma, c\u00e1lculo do voto \u00e9 distinto<\/em><\/strong><\/p>\n\n\n\n<hr class=\"wp-block-separator\"\/>\n\n\n\n<p>No pr\u00f3ximo dia\u00a02 de outubro, milh\u00f5es de brasileiros ir\u00e3o \u00e0s urnas para escolher seus representantes em \u00e2mbito estadual e federal. Ser\u00e3o cinco votos: para deputado estadual\/distrital, deputado federal, senador, governador e presidente da Rep\u00fablica. O Tribunal Superior Eleitoral (TSE) destaca que, embora a forma de votar seja a mesma, a forma de calcular o voto \u00e9 distinta. Isso porque existem dois sistemas diferentes, o majorit\u00e1rio e o proporcional.<\/p>\n\n\n\n<div style=\"height:100px\" aria-hidden=\"true\" class=\"wp-block-spacer\"><\/div>\n\n\n\n<p>No sistema majorit\u00e1rio, a conta \u00e9 simples: vence quem tem mais votos. Por meio desse sistema, ser\u00e3o eleitos governadores, senadores e o (a) presidente da Rep\u00fablica. Para\u00a0os cargos de governador e presidente, o candidato s\u00f3 ser\u00e1 eleito em primeiro turno, encerrando a disputa, se tiver mais votos do que a soma de todos os concorrentes (50% + 1 de votos v\u00e1lidos).<\/p>\n\n\n\n<div style=\"height:100px\" aria-hidden=\"true\" class=\"wp-block-spacer\"><\/div>\n\n\n\n<p>J\u00e1 no sistema proporcional, v\u00e1lido para os cargos de deputado federal, estadual e distrital, pode ser que uma pessoa que tenha mais votos n\u00e3o seja necessariamente eleita. Nesse sistema, o voto do eleitor vai para o partido, j\u00e1 que a proposta \u00e9 que o partido tenha mais for\u00e7a do que o candidato em si. Aqui, o mandato \u00e9 do partido.<\/p>\n\n\n\n<div style=\"height:100px\" aria-hidden=\"true\" class=\"wp-block-spacer\"><\/div>\n\n\n\n<p>E por que, ent\u00e3o, cada candidato tem um n\u00famero e pode receber\u00a0votos individualmente? Isso acontece porque\u00a0quem ocupa as vagas que o partido conquistou s\u00e3o exatamente os\u00a0candidatos mais votados dentro daquele partido. Mas o n\u00famero de vagas destinadas a cada candidato na C\u00e2mara dos Deputados e nas Casas Legislativas ser\u00e1 definido\u00a0pela quantidade de votos totais recebidos pelo partido. Ou seja, o n\u00famero de vagas do partido ser\u00e1 proporcional ao n\u00famero de votos que ele recebeu.<\/p>\n\n\n\n<div style=\"height:100px\" aria-hidden=\"true\" class=\"wp-block-spacer\"><\/div>\n\n\n\n<p><strong>Voto em legenda<\/strong><\/p>\n\n\n\n<p>O sistema proporcional permite ao eleitor votar apenas na legenda, sem destinar seu voto a nenhum candidato em espec\u00edfico. Nos cargos de deputado estadual\/distrital e federal, ele pode votar dessa maneira digitando na urna apenas os dois primeiros n\u00fameros \u2013 referentes ao partido \u2013 e confirmando no bot\u00e3o verde. Assim, o voto ser\u00e1 computado ao partido e inclu\u00eddo na conta que eleger\u00e1 os candidatos mais votados daquele partido.<\/p>\n\n\n\n<figure class=\"wp-block-image size-medium\"><img loading=\"lazy\" width=\"300\" height=\"179\" src=\"https:\/\/www.radiomanchester.com.br\/fm\/wp-content\/uploads\/2022\/09\/7891FE7A-1E4A-489F-A13B-5631FBA2F46E-300x179.jpeg\" alt=\"\" class=\"wp-image-9227\" srcset=\"https:\/\/www.radiomanchester.com.br\/fm\/wp-content\/uploads\/2022\/09\/7891FE7A-1E4A-489F-A13B-5631FBA2F46E-300x179.jpeg 300w, https:\/\/www.radiomanchester.com.br\/fm\/wp-content\/uploads\/2022\/09\/7891FE7A-1E4A-489F-A13B-5631FBA2F46E-1024x613.jpeg 1024w, https:\/\/www.radiomanchester.com.br\/fm\/wp-content\/uploads\/2022\/09\/7891FE7A-1E4A-489F-A13B-5631FBA2F46E-768x459.jpeg 768w, https:\/\/www.radiomanchester.com.br\/fm\/wp-content\/uploads\/2022\/09\/7891FE7A-1E4A-489F-A13B-5631FBA2F46E.jpeg 1170w\" sizes=\"(max-width: 300px) 100vw, 300px\" \/><figcaption>Banner elei\u00e7\u00f5es 2022<\/figcaption><\/figure>\n\n\n\n<p>Por Ag\u00eancia Brasil &#8211; arte\/foto: Ag\u00eancia Brasil<\/p>\n","protected":false},"excerpt":{"rendered":"<p class=\"excerpt\">Embora forma de votar seja a mesma, c\u00e1lculo do voto \u00e9 distinto No pr\u00f3ximo dia\u00a02 de outubro, milh\u00f5es de brasileiros ir\u00e3o \u00e0s urnas para escolher seus representantes em \u00e2mbito estadual e federal. Ser\u00e3o cinco votos: para deputado estadual\/distrital, deputado federal, senador, governador e presidente da Rep\u00fablica. O Tribunal Superior Eleitoral (TSE) destaca que, embora a [&hellip;]<\/p>\n","protected":false},"author":1,"featured_media":0,"comment_status":"open","ping_status":"open","sticky":false,"template":"","format":"standard","meta":[],"categories":[8,17],"tags":[22,24,113,83,92],"yoast_head":"<!-- This site is optimized with the Yoast SEO plugin v18.3 - https:\/\/yoast.com\/wordpress\/plugins\/seo\/ -->\n<title>TSE detalha a diferen\u00e7a entre voto majorit\u00e1rio e voto proporcional - Manchester FM 93,3<\/title>\n<meta name=\"robots\" content=\"index, follow, max-snippet:-1, max-image-preview:large, max-video-preview:-1\" \/>\n<link rel=\"canonical\" href=\"https:\/\/www.radiomanchester.com.br\/fm\/tse-detalha-a-diferenca-entre-voto-majoritario-e-voto-proporcional\/\" \/>\n<meta property=\"og:locale\" content=\"pt_BR\" \/>\n<meta property=\"og:type\" content=\"article\" \/>\n<meta property=\"og:title\" content=\"TSE detalha a diferen\u00e7a entre voto majorit\u00e1rio e voto proporcional - Manchester FM 93,3\" \/>\n<meta property=\"og:description\" content=\"Embora forma de votar seja a mesma, c\u00e1lculo do voto \u00e9 distinto No pr\u00f3ximo dia\u00a02 de outubro, milh\u00f5es de brasileiros ir\u00e3o \u00e0s urnas para escolher seus representantes em \u00e2mbito estadual e federal. Ser\u00e3o cinco votos: para deputado estadual\/distrital, deputado federal, senador, governador e presidente da Rep\u00fablica. O Tribunal Superior Eleitoral (TSE) destaca que, embora a [&hellip;]\" \/>\n<meta property=\"og:url\" content=\"https:\/\/www.radiomanchester.com.br\/fm\/tse-detalha-a-diferenca-entre-voto-majoritario-e-voto-proporcional\/\" \/>\n<meta property=\"og:site_name\" content=\"Manchester FM 93,3\" \/>\n<meta property=\"article:published_time\" content=\"2022-09-25T10:56:00+00:00\" \/>\n<meta property=\"article:modified_time\" content=\"2022-09-24T23:59:42+00:00\" \/>\n<meta property=\"og:image\" content=\"https:\/\/www.radiomanchester.com.br\/fm\/wp-content\/uploads\/2022\/09\/7891FE7A-1E4A-489F-A13B-5631FBA2F46E-300x179.jpeg\" \/>\n<meta name=\"twitter:card\" content=\"summary_large_image\" \/>\n<meta name=\"twitter:label1\" content=\"Escrito por\" \/>\n\t<meta name=\"twitter:data1\" content=\"admin\" \/>\n\t<meta name=\"twitter:label2\" content=\"Est. tempo de leitura\" \/>\n\t<meta name=\"twitter:data2\" content=\"3 minutos\" \/>\n<script type=\"application\/ld+json\" class=\"yoast-schema-graph\">{\"@context\":\"https:\/\/schema.org\",\"@graph\":[{\"@type\":\"WebSite\",\"@id\":\"https:\/\/www.radiomanchester.com.br\/fm\/#website\",\"url\":\"https:\/\/www.radiomanchester.com.br\/fm\/\",\"name\":\"Manchester FM 93,3\",\"description\":\"Todo Mundo Ouve!\",\"potentialAction\":[{\"@type\":\"SearchAction\",\"target\":{\"@type\":\"EntryPoint\",\"urlTemplate\":\"https:\/\/www.radiomanchester.com.br\/fm\/?s={search_term_string}\"},\"query-input\":\"required name=search_term_string\"}],\"inLanguage\":\"pt-BR\"},{\"@type\":\"ImageObject\",\"@id\":\"https:\/\/www.radiomanchester.com.br\/fm\/tse-detalha-a-diferenca-entre-voto-majoritario-e-voto-proporcional\/#primaryimage\",\"inLanguage\":\"pt-BR\",\"url\":\"https:\/\/www.radiomanchester.com.br\/fm\/wp-content\/uploads\/2022\/09\/7891FE7A-1E4A-489F-A13B-5631FBA2F46E.jpeg\",\"contentUrl\":\"https:\/\/www.radiomanchester.com.br\/fm\/wp-content\/uploads\/2022\/09\/7891FE7A-1E4A-489F-A13B-5631FBA2F46E.jpeg\",\"width\":1170,\"height\":700,\"caption\":\"Banner elei\u00e7\u00f5es 2022\"},{\"@type\":\"WebPage\",\"@id\":\"https:\/\/www.radiomanchester.com.br\/fm\/tse-detalha-a-diferenca-entre-voto-majoritario-e-voto-proporcional\/#webpage\",\"url\":\"https:\/\/www.radiomanchester.com.br\/fm\/tse-detalha-a-diferenca-entre-voto-majoritario-e-voto-proporcional\/\",\"name\":\"TSE detalha a diferen\u00e7a entre voto majorit\u00e1rio e voto proporcional - Manchester FM 93,3\",\"isPartOf\":{\"@id\":\"https:\/\/www.radiomanchester.com.br\/fm\/#website\"},\"primaryImageOfPage\":{\"@id\":\"https:\/\/www.radiomanchester.com.br\/fm\/tse-detalha-a-diferenca-entre-voto-majoritario-e-voto-proporcional\/#primaryimage\"},\"datePublished\":\"2022-09-25T10:56:00+00:00\",\"dateModified\":\"2022-09-24T23:59:42+00:00\",\"author\":{\"@id\":\"https:\/\/www.radiomanchester.com.br\/fm\/#\/schema\/person\/408a7b4d4e32cbebd90e2782852abca3\"},\"breadcrumb\":{\"@id\":\"https:\/\/www.radiomanchester.com.br\/fm\/tse-detalha-a-diferenca-entre-voto-majoritario-e-voto-proporcional\/#breadcrumb\"},\"inLanguage\":\"pt-BR\",\"potentialAction\":[{\"@type\":\"ReadAction\",\"target\":[\"https:\/\/www.radiomanchester.com.br\/fm\/tse-detalha-a-diferenca-entre-voto-majoritario-e-voto-proporcional\/\"]}]},{\"@type\":\"BreadcrumbList\",\"@id\":\"https:\/\/www.radiomanchester.com.br\/fm\/tse-detalha-a-diferenca-entre-voto-majoritario-e-voto-proporcional\/#breadcrumb\",\"itemListElement\":[{\"@type\":\"ListItem\",\"position\":1,\"name\":\"Home\",\"item\":\"https:\/\/www.radiomanchester.com.br\/fm\/\"},{\"@type\":\"ListItem\",\"position\":2,\"name\":\"TSE detalha a diferen\u00e7a entre voto majorit\u00e1rio e voto proporcional\"}]},{\"@type\":\"Person\",\"@id\":\"https:\/\/www.radiomanchester.com.br\/fm\/#\/schema\/person\/408a7b4d4e32cbebd90e2782852abca3\",\"name\":\"admin\",\"image\":{\"@type\":\"ImageObject\",\"@id\":\"https:\/\/www.radiomanchester.com.br\/fm\/#personlogo\",\"inLanguage\":\"pt-BR\",\"url\":\"https:\/\/secure.gravatar.com\/avatar\/115a974dba3376872eb3addeb276301c?s=96&d=mm&r=g\",\"contentUrl\":\"https:\/\/secure.gravatar.com\/avatar\/115a974dba3376872eb3addeb276301c?s=96&d=mm&r=g\",\"caption\":\"admin\"},\"url\":\"https:\/\/www.radiomanchester.com.br\/fm\/author\/admin\/\"}]}<\/script>\n<!-- \/ Yoast SEO plugin. -->","yoast_head_json":{"title":"TSE detalha a diferen\u00e7a entre voto majorit\u00e1rio e voto proporcional - Manchester FM 93,3","robots":{"index":"index","follow":"follow","max-snippet":"max-snippet:-1","max-image-preview":"max-image-preview:large","max-video-preview":"max-video-preview:-1"},"canonical":"https:\/\/www.radiomanchester.com.br\/fm\/tse-detalha-a-diferenca-entre-voto-majoritario-e-voto-proporcional\/","og_locale":"pt_BR","og_type":"article","og_title":"TSE detalha a diferen\u00e7a entre voto majorit\u00e1rio e voto proporcional - Manchester FM 93,3","og_description":"Embora forma de votar seja a mesma, c\u00e1lculo do voto \u00e9 distinto No pr\u00f3ximo dia\u00a02 de outubro, milh\u00f5es de brasileiros ir\u00e3o \u00e0s urnas para escolher seus representantes em \u00e2mbito estadual e federal. Ser\u00e3o cinco votos: para deputado estadual\/distrital, deputado federal, senador, governador e presidente da Rep\u00fablica. O Tribunal Superior Eleitoral (TSE) destaca que, embora a [&hellip;]","og_url":"https:\/\/www.radiomanchester.com.br\/fm\/tse-detalha-a-diferenca-entre-voto-majoritario-e-voto-proporcional\/","og_site_name":"Manchester FM 93,3","article_published_time":"2022-09-25T10:56:00+00:00","article_modified_time":"2022-09-24T23:59:42+00:00","og_image":[{"url":"https:\/\/www.radiomanchester.com.br\/fm\/wp-content\/uploads\/2022\/09\/7891FE7A-1E4A-489F-A13B-5631FBA2F46E-300x179.jpeg"}],"twitter_card":"summary_large_image","twitter_misc":{"Escrito por":"admin","Est. tempo de leitura":"3 minutos"},"schema":{"@context":"https:\/\/schema.org","@graph":[{"@type":"WebSite","@id":"https:\/\/www.radiomanchester.com.br\/fm\/#website","url":"https:\/\/www.radiomanchester.com.br\/fm\/","name":"Manchester FM 93,3","description":"Todo Mundo Ouve!","potentialAction":[{"@type":"SearchAction","target":{"@type":"EntryPoint","urlTemplate":"https:\/\/www.radiomanchester.com.br\/fm\/?s={search_term_string}"},"query-input":"required name=search_term_string"}],"inLanguage":"pt-BR"},{"@type":"ImageObject","@id":"https:\/\/www.radiomanchester.com.br\/fm\/tse-detalha-a-diferenca-entre-voto-majoritario-e-voto-proporcional\/#primaryimage","inLanguage":"pt-BR","url":"https:\/\/www.radiomanchester.com.br\/fm\/wp-content\/uploads\/2022\/09\/7891FE7A-1E4A-489F-A13B-5631FBA2F46E.jpeg","contentUrl":"https:\/\/www.radiomanchester.com.br\/fm\/wp-content\/uploads\/2022\/09\/7891FE7A-1E4A-489F-A13B-5631FBA2F46E.jpeg","width":1170,"height":700,"caption":"Banner elei\u00e7\u00f5es 2022"},{"@type":"WebPage","@id":"https:\/\/www.radiomanchester.com.br\/fm\/tse-detalha-a-diferenca-entre-voto-majoritario-e-voto-proporcional\/#webpage","url":"https:\/\/www.radiomanchester.com.br\/fm\/tse-detalha-a-diferenca-entre-voto-majoritario-e-voto-proporcional\/","name":"TSE detalha a diferen\u00e7a entre voto majorit\u00e1rio e voto proporcional - Manchester FM 93,3","isPartOf":{"@id":"https:\/\/www.radiomanchester.com.br\/fm\/#website"},"primaryImageOfPage":{"@id":"https:\/\/www.radiomanchester.com.br\/fm\/tse-detalha-a-diferenca-entre-voto-majoritario-e-voto-proporcional\/#primaryimage"},"datePublished":"2022-09-25T10:56:00+00:00","dateModified":"2022-09-24T23:59:42+00:00","author":{"@id":"https:\/\/www.radiomanchester.com.br\/fm\/#\/schema\/person\/408a7b4d4e32cbebd90e2782852abca3"},"breadcrumb":{"@id":"https:\/\/www.radiomanchester.com.br\/fm\/tse-detalha-a-diferenca-entre-voto-majoritario-e-voto-proporcional\/#breadcrumb"},"inLanguage":"pt-BR","potentialAction":[{"@type":"ReadAction","target":["https:\/\/www.radiomanchester.com.br\/fm\/tse-detalha-a-diferenca-entre-voto-majoritario-e-voto-proporcional\/"]}]},{"@type":"BreadcrumbList","@id":"https:\/\/www.radiomanchester.com.br\/fm\/tse-detalha-a-diferenca-entre-voto-majoritario-e-voto-proporcional\/#breadcrumb","itemListElement":[{"@type":"ListItem","position":1,"name":"Home","item":"https:\/\/www.radiomanchester.com.br\/fm\/"},{"@type":"ListItem","position":2,"name":"TSE detalha a diferen\u00e7a entre voto majorit\u00e1rio e voto proporcional"}]},{"@type":"Person","@id":"https:\/\/www.radiomanchester.com.br\/fm\/#\/schema\/person\/408a7b4d4e32cbebd90e2782852abca3","name":"admin","image":{"@type":"ImageObject","@id":"https:\/\/www.radiomanchester.com.br\/fm\/#personlogo","inLanguage":"pt-BR","url":"https:\/\/secure.gravatar.com\/avatar\/115a974dba3376872eb3addeb276301c?s=96&d=mm&r=g","contentUrl":"https:\/\/secure.gravatar.com\/avatar\/115a974dba3376872eb3addeb276301c?s=96&d=mm&r=g","caption":"admin"},"url":"https:\/\/www.radiomanchester.com.br\/fm\/author\/admin\/"}]}},"_links":{"self":[{"href":"https:\/\/www.radiomanchester.com.br\/fm\/wp-json\/wp\/v2\/posts\/9226"}],"collection":[{"href":"https:\/\/www.radiomanchester.com.br\/fm\/wp-json\/wp\/v2\/posts"}],"about":[{"href":"https:\/\/www.radiomanchester.com.br\/fm\/wp-json\/wp\/v2\/types\/post"}],"author":[{"embeddable":true,"href":"https:\/\/www.radiomanchester.com.br\/fm\/wp-json\/wp\/v2\/users\/1"}],"replies":[{"embeddable":true,"href":"https:\/\/www.radiomanchester.com.br\/fm\/wp-json\/wp\/v2\/comments?post=9226"}],"version-history":[{"count":1,"href":"https:\/\/www.radiomanchester.com.br\/fm\/wp-json\/wp\/v2\/posts\/9226\/revisions"}],"predecessor-version":[{"id":9228,"href":"https:\/\/www.radiomanchester.com.br\/fm\/wp-json\/wp\/v2\/posts\/9226\/revisions\/9228"}],"wp:attachment":[{"href":"https:\/\/www.radiomanchester.com.br\/fm\/wp-json\/wp\/v2\/media?parent=9226"}],"wp:term":[{"taxonomy":"category","embeddable":true,"href":"https:\/\/www.radiomanchester.com.br\/fm\/wp-json\/wp\/v2\/categories?post=9226"},{"taxonomy":"post_tag","embeddable":true,"href":"https:\/\/www.radiomanchester.com.br\/fm\/wp-json\/wp\/v2\/tags?post=9226"}],"curies":[{"name":"wp","href":"https:\/\/api.w.org\/{rel}","templated":true}]}}