{"id":9236,"date":"2022-09-26T07:00:00","date_gmt":"2022-09-26T10:00:00","guid":{"rendered":"https:\/\/www.radiomanchester.com.br\/fm\/?p=9236"},"modified":"2022-09-25T12:49:05","modified_gmt":"2022-09-25T15:49:05","slug":"ministerio-da-saude-intensifica-vacinacao-contra-a-poliomielite","status":"publish","type":"post","link":"https:\/\/www.radiomanchester.com.br\/fm\/ministerio-da-saude-intensifica-vacinacao-contra-a-poliomielite\/","title":{"rendered":"Minist\u00e9rio da Sa\u00fade intensifica vacina\u00e7\u00e3o contra a poliomielite"},"content":{"rendered":"\n<p><strong><em>Doen\u00e7a causa paralisia infantil<\/em><\/strong><\/p>\n\n\n\n<hr class=\"wp-block-separator\"\/>\n\n\n\n<p>O Minist\u00e9rio da Sa\u00fade promoveu neste s\u00e1bado (24\/09), em Bras\u00edlia, vacina\u00e7\u00e3o contra a poliomielite e multivacina\u00e7\u00e3o, no Parque da Cidade. A atividade contou com a presen\u00e7a do ministro Marcelo Queiroga. Com menos da metade do p\u00fablico-alvo vacinado, o governo federal prorrogou a campanha de vacina\u00e7\u00e3o at\u00e9 30 de setembro.<\/p>\n\n\n\n<div style=\"height:100px\" aria-hidden=\"true\" class=\"wp-block-spacer\"><\/div>\n\n\n\n<p>A estrat\u00e9gia tem como meta mobilizar pais e respons\u00e1veis para a imuniza\u00e7\u00e3o de crian\u00e7as de menores de cinco anos contra o v\u00edrus que causa a paralisia infantil e a atualiza\u00e7\u00e3o da caderneta de vacina\u00e7\u00e3o de crian\u00e7as e adolescentes menores de 15 anos.<\/p>\n\n\n\n<div style=\"height:100px\" aria-hidden=\"true\" class=\"wp-block-spacer\"><\/div>\n\n\n\n<p>&#8220;N\u00f3s temos um grande desafio, n\u00e3o permitir que a poliomielite seja reintroduzida no Brasil&#8221;, disse o ministro da Sa\u00fade. Ele pediu engajamento da popula\u00e7\u00e3o na imuniza\u00e7\u00e3o das crian\u00e7as.<\/p>\n\n\n\n<div style=\"height:100px\" aria-hidden=\"true\" class=\"wp-block-spacer\"><\/div>\n\n\n\n<p>&#8220;N\u00f3s temos 15 milh\u00f5es de crian\u00e7as para vacinar e precisamos que voc\u00eas nos ajudem para que possamos trazer os pais e av\u00f3s para vacinar pelo menos 95% dessas crian\u00e7as&#8221;, explicou. O \u00faltimo caso de poliomielite registrado foi em 1989, na cidade de Sousa, na Para\u00edba. O ministro lembrou que Programa Nacional de Imuniza\u00e7\u00f5es disponibiliza mais de 22 vacinas para a popula\u00e7\u00e3o brasileira contra diversas doen\u00e7as.<\/p>\n\n\n\n<div style=\"height:100px\" aria-hidden=\"true\" class=\"wp-block-spacer\"><\/div>\n\n\n\n<p>De acordo com o Minist\u00e9rio da Sa\u00fade, o p\u00fablico-alvo re\u00fane 14,3 milh\u00f5es de crian\u00e7as menores de cinco anos de idade, sendo que crian\u00e7as menores de um ano dever\u00e3o ser imunizadas conforme a situa\u00e7\u00e3o vacinal para o esquema prim\u00e1rio.<\/p>\n\n\n\n<div style=\"height:100px\" aria-hidden=\"true\" class=\"wp-block-spacer\"><\/div>\n\n\n\n<p><strong>Gotinha<\/strong><br>As crian\u00e7as de um a quatro anos dever\u00e3o tomar uma dose da Vacina Oral Poliomielite (VOP), conhecida popularmente como gotinha, desde que j\u00e1 tenham recebido as tr\u00eas doses de Vacina Inativada Poliomielite (VIP) do esquema b\u00e1sico. At\u00e9 agora, cerca de seis milh\u00f5es de doses foram aplicadas no Brasil.<\/p>\n\n\n\n<p>Desde 2016, a cobertura vacinal contra a poliomielite est\u00e1 abaixo de 95%, o \u00edndice recomendado pela Organiza\u00e7\u00e3o Mundial da Sa\u00fade (OMS). No ano passado, menos de 70% das crian\u00e7as foram vacinadas, segundo informa\u00e7\u00f5es do DataSUS.<\/p>\n\n\n\n<div style=\"height:100px\" aria-hidden=\"true\" class=\"wp-block-spacer\"><\/div>\n\n\n\n<p>Al\u00e9m da mobiliza\u00e7\u00e3o contra a poliomielite, o ato em Bras\u00edlia tem servi\u00e7o de aferi\u00e7\u00e3o de press\u00e3o, teste de diabetes e pr\u00e1ticas integrativas, al\u00e9m de servi\u00e7os de atendimento e encaminhamento m\u00e9dico, todos gratuitos.<\/p>\n\n\n\n<div style=\"height:100px\" aria-hidden=\"true\" class=\"wp-block-spacer\"><\/div>\n\n\n\n<p>O evento marca tamb\u00e9m os 32 anos de implanta\u00e7\u00e3o do Sistema \u00danico de Sa\u00fade (SUS), concebido pela Constitui\u00e7\u00e3o de 1988.<\/p>\n\n\n\n<div style=\"height:100px\" aria-hidden=\"true\" class=\"wp-block-spacer\"><\/div>\n\n\n\n<p><strong>Pandemia e monkeypox<br><\/strong>Em seu discurso, o ministro da Sa\u00fade comentou a situa\u00e7\u00e3o atual da pandemia de covid-19 no Brasil, comparando com o per\u00edodo mais grave da crise, em 2021, quando o pa\u00eds registrava m\u00e9dia m\u00f3vel di\u00e1ria de mortes superior a tr\u00eas mil pessoas.<\/p>\n\n\n\n<div style=\"height:100px\" aria-hidden=\"true\" class=\"wp-block-spacer\"><\/div>\n\n\n\n<p>&#8220;A uni\u00e3o de todos fez com que consegu\u00edssemos superar essa emerg\u00eancia de sa\u00fade p\u00fablica. Hoje, a m\u00e9dia m\u00f3vel de \u00f3bitos \u00e9 inferior a 70 casos por dia. Ou seja, vivemos em um cen\u00e1rio epidemiol\u00f3gico mais controlado&#8221;, enfatizou.<\/p>\n\n\n\n<div style=\"height:100px\" aria-hidden=\"true\" class=\"wp-block-spacer\"><\/div>\n\n\n\n<p>Sobre a var\u00edola dos macacos (monkeypox), o ministro disse que o SUS conseguiu estruturar uma rede com mais de 15 laborat\u00f3rios aptos a fazer o diagn\u00f3stico, al\u00e9m da aquisi\u00e7\u00e3o de medicamentos. &#8220;Em breve, chegar\u00e3o as vacinas, tudo isso \u00e9 fruto do SUS&#8221;, afirmou.<\/p>\n\n\n\n<div style=\"height:100px\" aria-hidden=\"true\" class=\"wp-block-spacer\"><\/div>\n\n\n\n<p>Ele tamb\u00e9m mencionou a amplia\u00e7\u00e3o do sistema de vigil\u00e2ncia em sa\u00fade, desde o in\u00edcio da pandemia. &#8220;Nossa estrutura de vigil\u00e2ncia em sa\u00fade triplicou. Os Cievs [Centro de Informa\u00e7\u00f5es Estrat\u00e9gicas em Sa\u00fade] eram 55 e hoje s\u00e3o 164, muitos dos quais em regi\u00e3o de fronteira&#8221;, finalizou.<\/p>\n\n\n\n<figure class=\"wp-block-image size-medium\"><img loading=\"lazy\" width=\"300\" height=\"179\" src=\"https:\/\/www.radiomanchester.com.br\/fm\/wp-content\/uploads\/2022\/09\/edit_mcmgo_abr20180818_1360-300x179.jpg\" alt=\"\" class=\"wp-image-9237\" srcset=\"https:\/\/www.radiomanchester.com.br\/fm\/wp-content\/uploads\/2022\/09\/edit_mcmgo_abr20180818_1360-300x179.jpg 300w, https:\/\/www.radiomanchester.com.br\/fm\/wp-content\/uploads\/2022\/09\/edit_mcmgo_abr20180818_1360-1024x613.jpg 1024w, https:\/\/www.radiomanchester.com.br\/fm\/wp-content\/uploads\/2022\/09\/edit_mcmgo_abr20180818_1360-768x459.jpg 768w, https:\/\/www.radiomanchester.com.br\/fm\/wp-content\/uploads\/2022\/09\/edit_mcmgo_abr20180818_1360.jpg 1170w\" sizes=\"(max-width: 300px) 100vw, 300px\" \/><figcaption>Dia D de mobiliza\u00e7\u00e3o da Campanha Nacional de Vacina\u00e7\u00e3o contra a Poliomielite e Sarampo.<\/figcaption><\/figure>\n\n\n\n<p>por Ag\u00eancia Brasil &#8211; foto: Ag\u00eancia Brasil<\/p>\n","protected":false},"excerpt":{"rendered":"<p class=\"excerpt\">Doen\u00e7a causa paralisia infantil O Minist\u00e9rio da Sa\u00fade promoveu neste s\u00e1bado (24\/09), em Bras\u00edlia, vacina\u00e7\u00e3o contra a poliomielite e multivacina\u00e7\u00e3o, no Parque da Cidade. A atividade contou com a presen\u00e7a do ministro Marcelo Queiroga. Com menos da metade do p\u00fablico-alvo vacinado, o governo federal prorrogou a campanha de vacina\u00e7\u00e3o at\u00e9 30 de setembro. A estrat\u00e9gia [&hellip;]<\/p>\n","protected":false},"author":1,"featured_media":0,"comment_status":"open","ping_status":"open","sticky":false,"template":"","format":"standard","meta":[],"categories":[8,17],"tags":[22,24,113,83,92],"yoast_head":"<!-- This site is optimized with the Yoast SEO plugin v18.3 - https:\/\/yoast.com\/wordpress\/plugins\/seo\/ -->\n<title>Minist\u00e9rio da Sa\u00fade intensifica vacina\u00e7\u00e3o contra a poliomielite - Manchester FM 93,3<\/title>\n<meta name=\"robots\" content=\"index, follow, max-snippet:-1, max-image-preview:large, max-video-preview:-1\" \/>\n<link rel=\"canonical\" href=\"https:\/\/www.radiomanchester.com.br\/fm\/ministerio-da-saude-intensifica-vacinacao-contra-a-poliomielite\/\" \/>\n<meta property=\"og:locale\" content=\"pt_BR\" \/>\n<meta property=\"og:type\" content=\"article\" \/>\n<meta property=\"og:title\" content=\"Minist\u00e9rio da Sa\u00fade intensifica vacina\u00e7\u00e3o contra a poliomielite - Manchester FM 93,3\" \/>\n<meta property=\"og:description\" content=\"Doen\u00e7a causa paralisia infantil O Minist\u00e9rio da Sa\u00fade promoveu neste s\u00e1bado (24\/09), em Bras\u00edlia, vacina\u00e7\u00e3o contra a poliomielite e multivacina\u00e7\u00e3o, no Parque da Cidade. A atividade contou com a presen\u00e7a do ministro Marcelo Queiroga. Com menos da metade do p\u00fablico-alvo vacinado, o governo federal prorrogou a campanha de vacina\u00e7\u00e3o at\u00e9 30 de setembro. A estrat\u00e9gia [&hellip;]\" \/>\n<meta property=\"og:url\" content=\"https:\/\/www.radiomanchester.com.br\/fm\/ministerio-da-saude-intensifica-vacinacao-contra-a-poliomielite\/\" \/>\n<meta property=\"og:site_name\" content=\"Manchester FM 93,3\" \/>\n<meta property=\"article:published_time\" content=\"2022-09-26T10:00:00+00:00\" \/>\n<meta property=\"article:modified_time\" content=\"2022-09-25T15:49:05+00:00\" \/>\n<meta property=\"og:image\" content=\"https:\/\/www.radiomanchester.com.br\/fm\/wp-content\/uploads\/2022\/09\/edit_mcmgo_abr20180818_1360-300x179.jpg\" \/>\n<meta name=\"twitter:card\" content=\"summary_large_image\" \/>\n<meta name=\"twitter:label1\" content=\"Escrito por\" \/>\n\t<meta name=\"twitter:data1\" content=\"admin\" \/>\n\t<meta name=\"twitter:label2\" content=\"Est. tempo de leitura\" \/>\n\t<meta name=\"twitter:data2\" content=\"4 minutos\" \/>\n<script type=\"application\/ld+json\" class=\"yoast-schema-graph\">{\"@context\":\"https:\/\/schema.org\",\"@graph\":[{\"@type\":\"WebSite\",\"@id\":\"https:\/\/www.radiomanchester.com.br\/fm\/#website\",\"url\":\"https:\/\/www.radiomanchester.com.br\/fm\/\",\"name\":\"Manchester FM 93,3\",\"description\":\"Todo Mundo Ouve!\",\"potentialAction\":[{\"@type\":\"SearchAction\",\"target\":{\"@type\":\"EntryPoint\",\"urlTemplate\":\"https:\/\/www.radiomanchester.com.br\/fm\/?s={search_term_string}\"},\"query-input\":\"required name=search_term_string\"}],\"inLanguage\":\"pt-BR\"},{\"@type\":\"ImageObject\",\"@id\":\"https:\/\/www.radiomanchester.com.br\/fm\/ministerio-da-saude-intensifica-vacinacao-contra-a-poliomielite\/#primaryimage\",\"inLanguage\":\"pt-BR\",\"url\":\"https:\/\/www.radiomanchester.com.br\/fm\/wp-content\/uploads\/2022\/09\/edit_mcmgo_abr20180818_1360.jpg\",\"contentUrl\":\"https:\/\/www.radiomanchester.com.br\/fm\/wp-content\/uploads\/2022\/09\/edit_mcmgo_abr20180818_1360.jpg\",\"width\":1170,\"height\":700,\"caption\":\"Dia D de mobiliza\u00e7\u00e3o da Campanha Nacional de Vacina\u00e7\u00e3o contra a Poliomielite e Sarampo.\"},{\"@type\":\"WebPage\",\"@id\":\"https:\/\/www.radiomanchester.com.br\/fm\/ministerio-da-saude-intensifica-vacinacao-contra-a-poliomielite\/#webpage\",\"url\":\"https:\/\/www.radiomanchester.com.br\/fm\/ministerio-da-saude-intensifica-vacinacao-contra-a-poliomielite\/\",\"name\":\"Minist\u00e9rio da Sa\u00fade intensifica vacina\u00e7\u00e3o contra a poliomielite - Manchester FM 93,3\",\"isPartOf\":{\"@id\":\"https:\/\/www.radiomanchester.com.br\/fm\/#website\"},\"primaryImageOfPage\":{\"@id\":\"https:\/\/www.radiomanchester.com.br\/fm\/ministerio-da-saude-intensifica-vacinacao-contra-a-poliomielite\/#primaryimage\"},\"datePublished\":\"2022-09-26T10:00:00+00:00\",\"dateModified\":\"2022-09-25T15:49:05+00:00\",\"author\":{\"@id\":\"https:\/\/www.radiomanchester.com.br\/fm\/#\/schema\/person\/408a7b4d4e32cbebd90e2782852abca3\"},\"breadcrumb\":{\"@id\":\"https:\/\/www.radiomanchester.com.br\/fm\/ministerio-da-saude-intensifica-vacinacao-contra-a-poliomielite\/#breadcrumb\"},\"inLanguage\":\"pt-BR\",\"potentialAction\":[{\"@type\":\"ReadAction\",\"target\":[\"https:\/\/www.radiomanchester.com.br\/fm\/ministerio-da-saude-intensifica-vacinacao-contra-a-poliomielite\/\"]}]},{\"@type\":\"BreadcrumbList\",\"@id\":\"https:\/\/www.radiomanchester.com.br\/fm\/ministerio-da-saude-intensifica-vacinacao-contra-a-poliomielite\/#breadcrumb\",\"itemListElement\":[{\"@type\":\"ListItem\",\"position\":1,\"name\":\"Home\",\"item\":\"https:\/\/www.radiomanchester.com.br\/fm\/\"},{\"@type\":\"ListItem\",\"position\":2,\"name\":\"Minist\u00e9rio da Sa\u00fade intensifica vacina\u00e7\u00e3o contra a poliomielite\"}]},{\"@type\":\"Person\",\"@id\":\"https:\/\/www.radiomanchester.com.br\/fm\/#\/schema\/person\/408a7b4d4e32cbebd90e2782852abca3\",\"name\":\"admin\",\"image\":{\"@type\":\"ImageObject\",\"@id\":\"https:\/\/www.radiomanchester.com.br\/fm\/#personlogo\",\"inLanguage\":\"pt-BR\",\"url\":\"https:\/\/secure.gravatar.com\/avatar\/115a974dba3376872eb3addeb276301c?s=96&d=mm&r=g\",\"contentUrl\":\"https:\/\/secure.gravatar.com\/avatar\/115a974dba3376872eb3addeb276301c?s=96&d=mm&r=g\",\"caption\":\"admin\"},\"url\":\"https:\/\/www.radiomanchester.com.br\/fm\/author\/admin\/\"}]}<\/script>\n<!-- \/ Yoast SEO plugin. -->","yoast_head_json":{"title":"Minist\u00e9rio da Sa\u00fade intensifica vacina\u00e7\u00e3o contra a poliomielite - Manchester FM 93,3","robots":{"index":"index","follow":"follow","max-snippet":"max-snippet:-1","max-image-preview":"max-image-preview:large","max-video-preview":"max-video-preview:-1"},"canonical":"https:\/\/www.radiomanchester.com.br\/fm\/ministerio-da-saude-intensifica-vacinacao-contra-a-poliomielite\/","og_locale":"pt_BR","og_type":"article","og_title":"Minist\u00e9rio da Sa\u00fade intensifica vacina\u00e7\u00e3o contra a poliomielite - Manchester FM 93,3","og_description":"Doen\u00e7a causa paralisia infantil O Minist\u00e9rio da Sa\u00fade promoveu neste s\u00e1bado (24\/09), em Bras\u00edlia, vacina\u00e7\u00e3o contra a poliomielite e multivacina\u00e7\u00e3o, no Parque da Cidade. A atividade contou com a presen\u00e7a do ministro Marcelo Queiroga. Com menos da metade do p\u00fablico-alvo vacinado, o governo federal prorrogou a campanha de vacina\u00e7\u00e3o at\u00e9 30 de setembro. A estrat\u00e9gia [&hellip;]","og_url":"https:\/\/www.radiomanchester.com.br\/fm\/ministerio-da-saude-intensifica-vacinacao-contra-a-poliomielite\/","og_site_name":"Manchester FM 93,3","article_published_time":"2022-09-26T10:00:00+00:00","article_modified_time":"2022-09-25T15:49:05+00:00","og_image":[{"url":"https:\/\/www.radiomanchester.com.br\/fm\/wp-content\/uploads\/2022\/09\/edit_mcmgo_abr20180818_1360-300x179.jpg"}],"twitter_card":"summary_large_image","twitter_misc":{"Escrito por":"admin","Est. tempo de leitura":"4 minutos"},"schema":{"@context":"https:\/\/schema.org","@graph":[{"@type":"WebSite","@id":"https:\/\/www.radiomanchester.com.br\/fm\/#website","url":"https:\/\/www.radiomanchester.com.br\/fm\/","name":"Manchester FM 93,3","description":"Todo Mundo Ouve!","potentialAction":[{"@type":"SearchAction","target":{"@type":"EntryPoint","urlTemplate":"https:\/\/www.radiomanchester.com.br\/fm\/?s={search_term_string}"},"query-input":"required name=search_term_string"}],"inLanguage":"pt-BR"},{"@type":"ImageObject","@id":"https:\/\/www.radiomanchester.com.br\/fm\/ministerio-da-saude-intensifica-vacinacao-contra-a-poliomielite\/#primaryimage","inLanguage":"pt-BR","url":"https:\/\/www.radiomanchester.com.br\/fm\/wp-content\/uploads\/2022\/09\/edit_mcmgo_abr20180818_1360.jpg","contentUrl":"https:\/\/www.radiomanchester.com.br\/fm\/wp-content\/uploads\/2022\/09\/edit_mcmgo_abr20180818_1360.jpg","width":1170,"height":700,"caption":"Dia D de mobiliza\u00e7\u00e3o da Campanha Nacional de Vacina\u00e7\u00e3o contra a Poliomielite e Sarampo."},{"@type":"WebPage","@id":"https:\/\/www.radiomanchester.com.br\/fm\/ministerio-da-saude-intensifica-vacinacao-contra-a-poliomielite\/#webpage","url":"https:\/\/www.radiomanchester.com.br\/fm\/ministerio-da-saude-intensifica-vacinacao-contra-a-poliomielite\/","name":"Minist\u00e9rio da Sa\u00fade intensifica vacina\u00e7\u00e3o contra a poliomielite - Manchester FM 93,3","isPartOf":{"@id":"https:\/\/www.radiomanchester.com.br\/fm\/#website"},"primaryImageOfPage":{"@id":"https:\/\/www.radiomanchester.com.br\/fm\/ministerio-da-saude-intensifica-vacinacao-contra-a-poliomielite\/#primaryimage"},"datePublished":"2022-09-26T10:00:00+00:00","dateModified":"2022-09-25T15:49:05+00:00","author":{"@id":"https:\/\/www.radiomanchester.com.br\/fm\/#\/schema\/person\/408a7b4d4e32cbebd90e2782852abca3"},"breadcrumb":{"@id":"https:\/\/www.radiomanchester.com.br\/fm\/ministerio-da-saude-intensifica-vacinacao-contra-a-poliomielite\/#breadcrumb"},"inLanguage":"pt-BR","potentialAction":[{"@type":"ReadAction","target":["https:\/\/www.radiomanchester.com.br\/fm\/ministerio-da-saude-intensifica-vacinacao-contra-a-poliomielite\/"]}]},{"@type":"BreadcrumbList","@id":"https:\/\/www.radiomanchester.com.br\/fm\/ministerio-da-saude-intensifica-vacinacao-contra-a-poliomielite\/#breadcrumb","itemListElement":[{"@type":"ListItem","position":1,"name":"Home","item":"https:\/\/www.radiomanchester.com.br\/fm\/"},{"@type":"ListItem","position":2,"name":"Minist\u00e9rio da Sa\u00fade intensifica vacina\u00e7\u00e3o contra a poliomielite"}]},{"@type":"Person","@id":"https:\/\/www.radiomanchester.com.br\/fm\/#\/schema\/person\/408a7b4d4e32cbebd90e2782852abca3","name":"admin","image":{"@type":"ImageObject","@id":"https:\/\/www.radiomanchester.com.br\/fm\/#personlogo","inLanguage":"pt-BR","url":"https:\/\/secure.gravatar.com\/avatar\/115a974dba3376872eb3addeb276301c?s=96&d=mm&r=g","contentUrl":"https:\/\/secure.gravatar.com\/avatar\/115a974dba3376872eb3addeb276301c?s=96&d=mm&r=g","caption":"admin"},"url":"https:\/\/www.radiomanchester.com.br\/fm\/author\/admin\/"}]}},"_links":{"self":[{"href":"https:\/\/www.radiomanchester.com.br\/fm\/wp-json\/wp\/v2\/posts\/9236"}],"collection":[{"href":"https:\/\/www.radiomanchester.com.br\/fm\/wp-json\/wp\/v2\/posts"}],"about":[{"href":"https:\/\/www.radiomanchester.com.br\/fm\/wp-json\/wp\/v2\/types\/post"}],"author":[{"embeddable":true,"href":"https:\/\/www.radiomanchester.com.br\/fm\/wp-json\/wp\/v2\/users\/1"}],"replies":[{"embeddable":true,"href":"https:\/\/www.radiomanchester.com.br\/fm\/wp-json\/wp\/v2\/comments?post=9236"}],"version-history":[{"count":1,"href":"https:\/\/www.radiomanchester.com.br\/fm\/wp-json\/wp\/v2\/posts\/9236\/revisions"}],"predecessor-version":[{"id":9238,"href":"https:\/\/www.radiomanchester.com.br\/fm\/wp-json\/wp\/v2\/posts\/9236\/revisions\/9238"}],"wp:attachment":[{"href":"https:\/\/www.radiomanchester.com.br\/fm\/wp-json\/wp\/v2\/media?parent=9236"}],"wp:term":[{"taxonomy":"category","embeddable":true,"href":"https:\/\/www.radiomanchester.com.br\/fm\/wp-json\/wp\/v2\/categories?post=9236"},{"taxonomy":"post_tag","embeddable":true,"href":"https:\/\/www.radiomanchester.com.br\/fm\/wp-json\/wp\/v2\/tags?post=9236"}],"curies":[{"name":"wp","href":"https:\/\/api.w.org\/{rel}","templated":true}]}}