{"id":9268,"date":"2022-09-29T11:30:00","date_gmt":"2022-09-29T14:30:00","guid":{"rendered":"https:\/\/www.radiomanchester.com.br\/fm\/?p=9268"},"modified":"2022-09-28T22:05:46","modified_gmt":"2022-09-29T01:05:46","slug":"petrobras-preco-do-querosene-de-aviacao-cai-084-a-partir-de-sabado","status":"publish","type":"post","link":"https:\/\/www.radiomanchester.com.br\/fm\/petrobras-preco-do-querosene-de-aviacao-cai-084-a-partir-de-sabado\/","title":{"rendered":"Petrobras: pre\u00e7o do querosene de avia\u00e7\u00e3o cai 0,84% a partir de s\u00e1bado"},"content":{"rendered":"\n<p><strong><em>\u00c9 a terceira queda seguida no pre\u00e7o de venda para distribuidoras<\/em><\/strong><\/p>\n\n\n\n<hr class=\"wp-block-separator\"\/>\n\n\n\n<p>Os pre\u00e7os do querosene de avia\u00e7\u00e3o (QAV) ter\u00e3o redu\u00e7\u00e3o de 0,84% nos valores de venda para as distribuidoras a partir do pr\u00f3ximo s\u00e1bado (1\u00ba). A informa\u00e7\u00e3o foi divulgada nesta quarta-feira (28) pela Petrobras. Esta \u00e9 a terceira queda seguida nos pre\u00e7os do combust\u00edvel. Em setembro houve queda de 10,4% e no m\u00eas anterior, em agosto, o recuo foi de 2,6%. Segundo a companhia, a pr\u00e1tica dos \u00faltimos 20 anos indica que os ajustes de pre\u00e7os de QAV s\u00e3o mensais e definidos por meio de f\u00f3rmula contratual negociada com as distribuidoras.<\/p>\n\n\n\n<div style=\"height:100px\" aria-hidden=\"true\" class=\"wp-block-spacer\"><\/div>\n\n\n\n<p>\u201cOs pre\u00e7os de venda do QAV da Petrobras para as companhias distribuidoras buscam equil\u00edbrio com o mercado internacional e acompanham as varia\u00e7\u00f5es do valor do produto e da taxa de c\u00e2mbio, para cima e para baixo, com reajustes aplicados em base mensal, mitigando a volatilidade di\u00e1ria das cota\u00e7\u00f5es internacionais e do c\u00e2mbio\u201d.<\/p>\n\n\n\n<div style=\"height:100px\" aria-hidden=\"true\" class=\"wp-block-spacer\"><\/div>\n\n\n\n<p>A Petrobras comercializa o QAV produzido em suas refinarias ou importado apenas para as distribuidoras. Cabe \u00e0s distribuidoras transportarem e comercializarem o produto para as empresas de transporte a\u00e9reo e outros consumidores finais nos aeroportos, ou para os revendedores. \u201cDistribuidoras e revendedores s\u00e3o os respons\u00e1veis pelas instala\u00e7\u00f5es nos aeroportos e pelos servi\u00e7os de abastecimento\u201d, completou.<\/p>\n\n\n\n<div style=\"height:100px\" aria-hidden=\"true\" class=\"wp-block-spacer\"><\/div>\n\n\n\n<p>\u201cImportante ressaltar que o mercado brasileiro \u00e9 aberto \u00e0 livre concorr\u00eancia e n\u00e3o existem restri\u00e7\u00f5es legais, regulat\u00f3rias ou log\u00edsticas para que outras empresas atuem como produtores ou importadores de QAV\u201d, destacou a estatal.<\/p>\n\n\n\n<div style=\"height:100px\" aria-hidden=\"true\" class=\"wp-block-spacer\"><\/div>\n\n\n\n<p>Informa\u00e7\u00f5es adicionais sobre os pre\u00e7os de venda da Petrobras podem ser acessadas no site da companhia. \u201cConforme regula\u00e7\u00e3o da ANP, os novos pre\u00e7os de QAV estar\u00e3o dispon\u00edveis nesse site a partir de 1\u00ba de outubro, data de in\u00edcio de vig\u00eancia\u201d, concluiu.<\/p>\n\n\n\n<figure class=\"wp-block-image size-medium\"><img loading=\"lazy\" width=\"300\" height=\"179\" src=\"https:\/\/www.radiomanchester.com.br\/fm\/wp-content\/uploads\/2022\/09\/avioes-aeroporto_mcamgo_abr_290720221818-9-300x179.jpg\" alt=\"\" class=\"wp-image-9269\" srcset=\"https:\/\/www.radiomanchester.com.br\/fm\/wp-content\/uploads\/2022\/09\/avioes-aeroporto_mcamgo_abr_290720221818-9-300x179.jpg 300w, https:\/\/www.radiomanchester.com.br\/fm\/wp-content\/uploads\/2022\/09\/avioes-aeroporto_mcamgo_abr_290720221818-9-1024x613.jpg 1024w, https:\/\/www.radiomanchester.com.br\/fm\/wp-content\/uploads\/2022\/09\/avioes-aeroporto_mcamgo_abr_290720221818-9-768x459.jpg 768w, https:\/\/www.radiomanchester.com.br\/fm\/wp-content\/uploads\/2022\/09\/avioes-aeroporto_mcamgo_abr_290720221818-9.jpg 1170w\" sizes=\"(max-width: 300px) 100vw, 300px\" \/><figcaption>Movimenta\u00e7\u00e3o de avi\u00f5es comerciais no aeroporto de Bras\u00edlia.<\/figcaption><\/figure>\n\n\n\n<p>por Ag\u00eancia Brasil &#8211; foto: Ag\u00eancia Brasil<\/p>\n","protected":false},"excerpt":{"rendered":"<p class=\"excerpt\">\u00c9 a terceira queda seguida no pre\u00e7o de venda para distribuidoras Os pre\u00e7os do querosene de avia\u00e7\u00e3o (QAV) ter\u00e3o redu\u00e7\u00e3o de 0,84% nos valores de venda para as distribuidoras a partir do pr\u00f3ximo s\u00e1bado (1\u00ba). A informa\u00e7\u00e3o foi divulgada nesta quarta-feira (28) pela Petrobras. Esta \u00e9 a terceira queda seguida nos pre\u00e7os do combust\u00edvel. Em [&hellip;]<\/p>\n","protected":false},"author":1,"featured_media":0,"comment_status":"open","ping_status":"open","sticky":false,"template":"","format":"standard","meta":[],"categories":[8,17],"tags":[22,24,113,83,92],"yoast_head":"<!-- This site is optimized with the Yoast SEO plugin v18.3 - https:\/\/yoast.com\/wordpress\/plugins\/seo\/ -->\n<title>Petrobras: pre\u00e7o do querosene de avia\u00e7\u00e3o cai 0,84% a partir de s\u00e1bado - Manchester FM 93,3<\/title>\n<meta name=\"robots\" content=\"index, follow, max-snippet:-1, max-image-preview:large, max-video-preview:-1\" \/>\n<link rel=\"canonical\" href=\"https:\/\/www.radiomanchester.com.br\/fm\/petrobras-preco-do-querosene-de-aviacao-cai-084-a-partir-de-sabado\/\" \/>\n<meta property=\"og:locale\" content=\"pt_BR\" \/>\n<meta property=\"og:type\" content=\"article\" \/>\n<meta property=\"og:title\" content=\"Petrobras: pre\u00e7o do querosene de avia\u00e7\u00e3o cai 0,84% a partir de s\u00e1bado - Manchester FM 93,3\" \/>\n<meta property=\"og:description\" content=\"\u00c9 a terceira queda seguida no pre\u00e7o de venda para distribuidoras Os pre\u00e7os do querosene de avia\u00e7\u00e3o (QAV) ter\u00e3o redu\u00e7\u00e3o de 0,84% nos valores de venda para as distribuidoras a partir do pr\u00f3ximo s\u00e1bado (1\u00ba). A informa\u00e7\u00e3o foi divulgada nesta quarta-feira (28) pela Petrobras. Esta \u00e9 a terceira queda seguida nos pre\u00e7os do combust\u00edvel. Em [&hellip;]\" \/>\n<meta property=\"og:url\" content=\"https:\/\/www.radiomanchester.com.br\/fm\/petrobras-preco-do-querosene-de-aviacao-cai-084-a-partir-de-sabado\/\" \/>\n<meta property=\"og:site_name\" content=\"Manchester FM 93,3\" \/>\n<meta property=\"article:published_time\" content=\"2022-09-29T14:30:00+00:00\" \/>\n<meta property=\"article:modified_time\" content=\"2022-09-29T01:05:46+00:00\" \/>\n<meta property=\"og:image\" content=\"https:\/\/www.radiomanchester.com.br\/fm\/wp-content\/uploads\/2022\/09\/avioes-aeroporto_mcamgo_abr_290720221818-9-300x179.jpg\" \/>\n<meta name=\"twitter:card\" content=\"summary_large_image\" \/>\n<meta name=\"twitter:label1\" content=\"Escrito por\" \/>\n\t<meta name=\"twitter:data1\" content=\"admin\" \/>\n\t<meta name=\"twitter:label2\" content=\"Est. tempo de leitura\" \/>\n\t<meta name=\"twitter:data2\" content=\"2 minutos\" \/>\n<script type=\"application\/ld+json\" class=\"yoast-schema-graph\">{\"@context\":\"https:\/\/schema.org\",\"@graph\":[{\"@type\":\"WebSite\",\"@id\":\"https:\/\/www.radiomanchester.com.br\/fm\/#website\",\"url\":\"https:\/\/www.radiomanchester.com.br\/fm\/\",\"name\":\"Manchester FM 93,3\",\"description\":\"Todo Mundo Ouve!\",\"potentialAction\":[{\"@type\":\"SearchAction\",\"target\":{\"@type\":\"EntryPoint\",\"urlTemplate\":\"https:\/\/www.radiomanchester.com.br\/fm\/?s={search_term_string}\"},\"query-input\":\"required name=search_term_string\"}],\"inLanguage\":\"pt-BR\"},{\"@type\":\"ImageObject\",\"@id\":\"https:\/\/www.radiomanchester.com.br\/fm\/petrobras-preco-do-querosene-de-aviacao-cai-084-a-partir-de-sabado\/#primaryimage\",\"inLanguage\":\"pt-BR\",\"url\":\"https:\/\/www.radiomanchester.com.br\/fm\/wp-content\/uploads\/2022\/09\/avioes-aeroporto_mcamgo_abr_290720221818-9.jpg\",\"contentUrl\":\"https:\/\/www.radiomanchester.com.br\/fm\/wp-content\/uploads\/2022\/09\/avioes-aeroporto_mcamgo_abr_290720221818-9.jpg\",\"width\":1170,\"height\":700,\"caption\":\"Movimenta\u00e7\u00e3o de avi\u00f5es comerciais no aeroporto de Bras\u00edlia.\"},{\"@type\":\"WebPage\",\"@id\":\"https:\/\/www.radiomanchester.com.br\/fm\/petrobras-preco-do-querosene-de-aviacao-cai-084-a-partir-de-sabado\/#webpage\",\"url\":\"https:\/\/www.radiomanchester.com.br\/fm\/petrobras-preco-do-querosene-de-aviacao-cai-084-a-partir-de-sabado\/\",\"name\":\"Petrobras: pre\u00e7o do querosene de avia\u00e7\u00e3o cai 0,84% a partir de s\u00e1bado - Manchester FM 93,3\",\"isPartOf\":{\"@id\":\"https:\/\/www.radiomanchester.com.br\/fm\/#website\"},\"primaryImageOfPage\":{\"@id\":\"https:\/\/www.radiomanchester.com.br\/fm\/petrobras-preco-do-querosene-de-aviacao-cai-084-a-partir-de-sabado\/#primaryimage\"},\"datePublished\":\"2022-09-29T14:30:00+00:00\",\"dateModified\":\"2022-09-29T01:05:46+00:00\",\"author\":{\"@id\":\"https:\/\/www.radiomanchester.com.br\/fm\/#\/schema\/person\/408a7b4d4e32cbebd90e2782852abca3\"},\"breadcrumb\":{\"@id\":\"https:\/\/www.radiomanchester.com.br\/fm\/petrobras-preco-do-querosene-de-aviacao-cai-084-a-partir-de-sabado\/#breadcrumb\"},\"inLanguage\":\"pt-BR\",\"potentialAction\":[{\"@type\":\"ReadAction\",\"target\":[\"https:\/\/www.radiomanchester.com.br\/fm\/petrobras-preco-do-querosene-de-aviacao-cai-084-a-partir-de-sabado\/\"]}]},{\"@type\":\"BreadcrumbList\",\"@id\":\"https:\/\/www.radiomanchester.com.br\/fm\/petrobras-preco-do-querosene-de-aviacao-cai-084-a-partir-de-sabado\/#breadcrumb\",\"itemListElement\":[{\"@type\":\"ListItem\",\"position\":1,\"name\":\"Home\",\"item\":\"https:\/\/www.radiomanchester.com.br\/fm\/\"},{\"@type\":\"ListItem\",\"position\":2,\"name\":\"Petrobras: pre\u00e7o do querosene de avia\u00e7\u00e3o cai 0,84% a partir de s\u00e1bado\"}]},{\"@type\":\"Person\",\"@id\":\"https:\/\/www.radiomanchester.com.br\/fm\/#\/schema\/person\/408a7b4d4e32cbebd90e2782852abca3\",\"name\":\"admin\",\"image\":{\"@type\":\"ImageObject\",\"@id\":\"https:\/\/www.radiomanchester.com.br\/fm\/#personlogo\",\"inLanguage\":\"pt-BR\",\"url\":\"https:\/\/secure.gravatar.com\/avatar\/115a974dba3376872eb3addeb276301c?s=96&d=mm&r=g\",\"contentUrl\":\"https:\/\/secure.gravatar.com\/avatar\/115a974dba3376872eb3addeb276301c?s=96&d=mm&r=g\",\"caption\":\"admin\"},\"url\":\"https:\/\/www.radiomanchester.com.br\/fm\/author\/admin\/\"}]}<\/script>\n<!-- \/ Yoast SEO plugin. -->","yoast_head_json":{"title":"Petrobras: pre\u00e7o do querosene de avia\u00e7\u00e3o cai 0,84% a partir de s\u00e1bado - Manchester FM 93,3","robots":{"index":"index","follow":"follow","max-snippet":"max-snippet:-1","max-image-preview":"max-image-preview:large","max-video-preview":"max-video-preview:-1"},"canonical":"https:\/\/www.radiomanchester.com.br\/fm\/petrobras-preco-do-querosene-de-aviacao-cai-084-a-partir-de-sabado\/","og_locale":"pt_BR","og_type":"article","og_title":"Petrobras: pre\u00e7o do querosene de avia\u00e7\u00e3o cai 0,84% a partir de s\u00e1bado - Manchester FM 93,3","og_description":"\u00c9 a terceira queda seguida no pre\u00e7o de venda para distribuidoras Os pre\u00e7os do querosene de avia\u00e7\u00e3o (QAV) ter\u00e3o redu\u00e7\u00e3o de 0,84% nos valores de venda para as distribuidoras a partir do pr\u00f3ximo s\u00e1bado (1\u00ba). A informa\u00e7\u00e3o foi divulgada nesta quarta-feira (28) pela Petrobras. Esta \u00e9 a terceira queda seguida nos pre\u00e7os do combust\u00edvel. Em [&hellip;]","og_url":"https:\/\/www.radiomanchester.com.br\/fm\/petrobras-preco-do-querosene-de-aviacao-cai-084-a-partir-de-sabado\/","og_site_name":"Manchester FM 93,3","article_published_time":"2022-09-29T14:30:00+00:00","article_modified_time":"2022-09-29T01:05:46+00:00","og_image":[{"url":"https:\/\/www.radiomanchester.com.br\/fm\/wp-content\/uploads\/2022\/09\/avioes-aeroporto_mcamgo_abr_290720221818-9-300x179.jpg"}],"twitter_card":"summary_large_image","twitter_misc":{"Escrito por":"admin","Est. tempo de leitura":"2 minutos"},"schema":{"@context":"https:\/\/schema.org","@graph":[{"@type":"WebSite","@id":"https:\/\/www.radiomanchester.com.br\/fm\/#website","url":"https:\/\/www.radiomanchester.com.br\/fm\/","name":"Manchester FM 93,3","description":"Todo Mundo Ouve!","potentialAction":[{"@type":"SearchAction","target":{"@type":"EntryPoint","urlTemplate":"https:\/\/www.radiomanchester.com.br\/fm\/?s={search_term_string}"},"query-input":"required name=search_term_string"}],"inLanguage":"pt-BR"},{"@type":"ImageObject","@id":"https:\/\/www.radiomanchester.com.br\/fm\/petrobras-preco-do-querosene-de-aviacao-cai-084-a-partir-de-sabado\/#primaryimage","inLanguage":"pt-BR","url":"https:\/\/www.radiomanchester.com.br\/fm\/wp-content\/uploads\/2022\/09\/avioes-aeroporto_mcamgo_abr_290720221818-9.jpg","contentUrl":"https:\/\/www.radiomanchester.com.br\/fm\/wp-content\/uploads\/2022\/09\/avioes-aeroporto_mcamgo_abr_290720221818-9.jpg","width":1170,"height":700,"caption":"Movimenta\u00e7\u00e3o de avi\u00f5es comerciais no aeroporto de Bras\u00edlia."},{"@type":"WebPage","@id":"https:\/\/www.radiomanchester.com.br\/fm\/petrobras-preco-do-querosene-de-aviacao-cai-084-a-partir-de-sabado\/#webpage","url":"https:\/\/www.radiomanchester.com.br\/fm\/petrobras-preco-do-querosene-de-aviacao-cai-084-a-partir-de-sabado\/","name":"Petrobras: pre\u00e7o do querosene de avia\u00e7\u00e3o cai 0,84% a partir de s\u00e1bado - Manchester FM 93,3","isPartOf":{"@id":"https:\/\/www.radiomanchester.com.br\/fm\/#website"},"primaryImageOfPage":{"@id":"https:\/\/www.radiomanchester.com.br\/fm\/petrobras-preco-do-querosene-de-aviacao-cai-084-a-partir-de-sabado\/#primaryimage"},"datePublished":"2022-09-29T14:30:00+00:00","dateModified":"2022-09-29T01:05:46+00:00","author":{"@id":"https:\/\/www.radiomanchester.com.br\/fm\/#\/schema\/person\/408a7b4d4e32cbebd90e2782852abca3"},"breadcrumb":{"@id":"https:\/\/www.radiomanchester.com.br\/fm\/petrobras-preco-do-querosene-de-aviacao-cai-084-a-partir-de-sabado\/#breadcrumb"},"inLanguage":"pt-BR","potentialAction":[{"@type":"ReadAction","target":["https:\/\/www.radiomanchester.com.br\/fm\/petrobras-preco-do-querosene-de-aviacao-cai-084-a-partir-de-sabado\/"]}]},{"@type":"BreadcrumbList","@id":"https:\/\/www.radiomanchester.com.br\/fm\/petrobras-preco-do-querosene-de-aviacao-cai-084-a-partir-de-sabado\/#breadcrumb","itemListElement":[{"@type":"ListItem","position":1,"name":"Home","item":"https:\/\/www.radiomanchester.com.br\/fm\/"},{"@type":"ListItem","position":2,"name":"Petrobras: pre\u00e7o do querosene de avia\u00e7\u00e3o cai 0,84% a partir de s\u00e1bado"}]},{"@type":"Person","@id":"https:\/\/www.radiomanchester.com.br\/fm\/#\/schema\/person\/408a7b4d4e32cbebd90e2782852abca3","name":"admin","image":{"@type":"ImageObject","@id":"https:\/\/www.radiomanchester.com.br\/fm\/#personlogo","inLanguage":"pt-BR","url":"https:\/\/secure.gravatar.com\/avatar\/115a974dba3376872eb3addeb276301c?s=96&d=mm&r=g","contentUrl":"https:\/\/secure.gravatar.com\/avatar\/115a974dba3376872eb3addeb276301c?s=96&d=mm&r=g","caption":"admin"},"url":"https:\/\/www.radiomanchester.com.br\/fm\/author\/admin\/"}]}},"_links":{"self":[{"href":"https:\/\/www.radiomanchester.com.br\/fm\/wp-json\/wp\/v2\/posts\/9268"}],"collection":[{"href":"https:\/\/www.radiomanchester.com.br\/fm\/wp-json\/wp\/v2\/posts"}],"about":[{"href":"https:\/\/www.radiomanchester.com.br\/fm\/wp-json\/wp\/v2\/types\/post"}],"author":[{"embeddable":true,"href":"https:\/\/www.radiomanchester.com.br\/fm\/wp-json\/wp\/v2\/users\/1"}],"replies":[{"embeddable":true,"href":"https:\/\/www.radiomanchester.com.br\/fm\/wp-json\/wp\/v2\/comments?post=9268"}],"version-history":[{"count":1,"href":"https:\/\/www.radiomanchester.com.br\/fm\/wp-json\/wp\/v2\/posts\/9268\/revisions"}],"predecessor-version":[{"id":9270,"href":"https:\/\/www.radiomanchester.com.br\/fm\/wp-json\/wp\/v2\/posts\/9268\/revisions\/9270"}],"wp:attachment":[{"href":"https:\/\/www.radiomanchester.com.br\/fm\/wp-json\/wp\/v2\/media?parent=9268"}],"wp:term":[{"taxonomy":"category","embeddable":true,"href":"https:\/\/www.radiomanchester.com.br\/fm\/wp-json\/wp\/v2\/categories?post=9268"},{"taxonomy":"post_tag","embeddable":true,"href":"https:\/\/www.radiomanchester.com.br\/fm\/wp-json\/wp\/v2\/tags?post=9268"}],"curies":[{"name":"wp","href":"https:\/\/api.w.org\/{rel}","templated":true}]}}