{"id":9274,"date":"2022-09-29T20:46:44","date_gmt":"2022-09-29T23:46:44","guid":{"rendered":"https:\/\/www.radiomanchester.com.br\/fm\/?p=9274"},"modified":"2022-09-29T20:46:46","modified_gmt":"2022-09-29T23:46:46","slug":"cinco-novos-remedios-sao-incorporados-a-farmacia-popular","status":"publish","type":"post","link":"https:\/\/www.radiomanchester.com.br\/fm\/cinco-novos-remedios-sao-incorporados-a-farmacia-popular\/","title":{"rendered":"Cinco novos rem\u00e9dios s\u00e3o incorporados \u00e0 Farm\u00e1cia Popular"},"content":{"rendered":"\n<p><strong><em>Medicamentos s\u00e3o para tratar doen\u00e7as cardiovasculares e diabetes<\/em><\/strong><\/p>\n\n\n\n<hr class=\"wp-block-separator\"\/>\n\n\n\n<p>Cinco novos medicamentos para tratamento de doen\u00e7as cardiovasculares e diabetes ser\u00e3o incorporados ao programa Farm\u00e1cia Popular do Brasil. O an\u00fancio foi feito hoje (29\/09) pelo Minist\u00e9rio da Sa\u00fade, que informou que essa \u00e9 a primeira incorpora\u00e7\u00e3o de novos rem\u00e9dios desde 2011. A medida deve ser publicada no Di\u00e1rio Oficial da Uni\u00e3o desta sexta-feira (30\/09). A previs\u00e3o \u00e9 que os rem\u00e9dios estejam dispon\u00edveis para a popula\u00e7\u00e3o em at\u00e9 30 dias.<\/p>\n\n\n\n<div style=\"height:100px\" aria-hidden=\"true\" class=\"wp-block-spacer\"><\/div>\n\n\n\n<p>Quatro medicamentos, usados no controle da hipertens\u00e3o arterial, ser\u00e3o oferecidos gratuitamente: Besilato de Anlodipino 5 mg, Succinato de Metoprolol 25 mg, Espironolactona 25 mg e Furosemida 40 mg. J\u00e1 o Dapagliflozina 10 mg \u00e9 usado para o controle da diabetes mellitus tipo 2 associada a doen\u00e7a cardiovascular e ser\u00e1 oferecido em modalidade copagamento. Estima-se que 2,7 milh\u00f5es de pessoas sejam beneficiadas pela medida, anunciada no Dia Mundial do Cora\u00e7\u00e3o.<\/p>\n\n\n\n<div style=\"height:100px\" aria-hidden=\"true\" class=\"wp-block-spacer\"><\/div>\n\n\n\n<p>\u201cO Brasil tem uma das pol\u00edticas p\u00fablicas mais amplas em rela\u00e7\u00e3o \u00e0s doen\u00e7as cardiovasculares, que come\u00e7a na aten\u00e7\u00e3o b\u00e1sica, nas 48 mil unidades b\u00e1sicas de sa\u00fade. N\u00f3s temos um programa de assist\u00eancia farmac\u00eautica, que foi ampliado hoje, com mais medicamentos disponibilizados na Farm\u00e1cia Popular do Brasil. E, de outro lado, n\u00f3s temos uma rede de aten\u00e7\u00e3o especializada bem ampla, que \u00e9 onde cuidamos dos casos mais graves\u201d, explicou o ministro da Sa\u00fade, Marcelo Queiroga, em entrevista ao programa A Voz do Brasil.<\/p>\n\n\n\n<div style=\"height:100px\" aria-hidden=\"true\" class=\"wp-block-spacer\"><\/div>\n\n\n\n<p>Segundo o ministro, a hipertens\u00e3o arterial, para cujo tratamento s\u00e3o voltados quatro dos cinco novos rem\u00e9dios da Farm\u00e1cia Popular, \u00e9 a doen\u00e7a do sistema cardiovascular mais prevalente. \u201cTemos que mudar o h\u00e1bito de vida das pessoas, como reduzir o sal da comida, estimular a perda de peso, n\u00e3o fumar. Esses fatores de risco s\u00e3o comuns a quase todas as doen\u00e7as cardiovasculares\u201d, disse.<\/p>\n\n\n\n<div style=\"height:100px\" aria-hidden=\"true\" class=\"wp-block-spacer\"><\/div>\n\n\n\n<p>Queiroga explicou que metade dos hipertensos n\u00e3o sabem que sofrem da doen\u00e7a. \u201cE os que sabem n\u00e3o se tratam de maneira adequada. Somente uma pequena parcela faz o tratamento corretamente\u201d, explicou.<\/p>\n\n\n\n<figure class=\"wp-block-image size-medium\"><img loading=\"lazy\" width=\"300\" height=\"179\" src=\"https:\/\/www.radiomanchester.com.br\/fm\/wp-content\/uploads\/2022\/09\/vac_abr_2909221265-300x179.jpg\" alt=\"\" class=\"wp-image-9275\" srcset=\"https:\/\/www.radiomanchester.com.br\/fm\/wp-content\/uploads\/2022\/09\/vac_abr_2909221265-300x179.jpg 300w, https:\/\/www.radiomanchester.com.br\/fm\/wp-content\/uploads\/2022\/09\/vac_abr_2909221265-1024x613.jpg 1024w, https:\/\/www.radiomanchester.com.br\/fm\/wp-content\/uploads\/2022\/09\/vac_abr_2909221265-768x459.jpg 768w, https:\/\/www.radiomanchester.com.br\/fm\/wp-content\/uploads\/2022\/09\/vac_abr_2909221265.jpg 1170w\" sizes=\"(max-width: 300px) 100vw, 300px\" \/><figcaption>\u00a0O\u00a0ministro da Sa\u00fade,\u00a0Marcelo Queiroga, \u00e9 o entrevistado do programa A Voz do Brasil.<\/figcaption><\/figure>\n\n\n\n<p>por Ag\u00eancia Brasil &#8211; foto: Ag\u00eancia Brasil<\/p>\n","protected":false},"excerpt":{"rendered":"<p class=\"excerpt\">Medicamentos s\u00e3o para tratar doen\u00e7as cardiovasculares e diabetes Cinco novos medicamentos para tratamento de doen\u00e7as cardiovasculares e diabetes ser\u00e3o incorporados ao programa Farm\u00e1cia Popular do Brasil. O an\u00fancio foi feito hoje (29\/09) pelo Minist\u00e9rio da Sa\u00fade, que informou que essa \u00e9 a primeira incorpora\u00e7\u00e3o de novos rem\u00e9dios desde 2011. A medida deve ser publicada no [&hellip;]<\/p>\n","protected":false},"author":1,"featured_media":0,"comment_status":"open","ping_status":"open","sticky":false,"template":"","format":"standard","meta":[],"categories":[8,17],"tags":[22,24,113,83,92],"yoast_head":"<!-- This site is optimized with the Yoast SEO plugin v18.3 - https:\/\/yoast.com\/wordpress\/plugins\/seo\/ -->\n<title>Cinco novos rem\u00e9dios s\u00e3o incorporados \u00e0 Farm\u00e1cia Popular - Manchester FM 93,3<\/title>\n<meta name=\"robots\" content=\"index, follow, max-snippet:-1, max-image-preview:large, max-video-preview:-1\" \/>\n<link rel=\"canonical\" href=\"https:\/\/www.radiomanchester.com.br\/fm\/cinco-novos-remedios-sao-incorporados-a-farmacia-popular\/\" \/>\n<meta property=\"og:locale\" content=\"pt_BR\" \/>\n<meta property=\"og:type\" content=\"article\" \/>\n<meta property=\"og:title\" content=\"Cinco novos rem\u00e9dios s\u00e3o incorporados \u00e0 Farm\u00e1cia Popular - Manchester FM 93,3\" \/>\n<meta property=\"og:description\" content=\"Medicamentos s\u00e3o para tratar doen\u00e7as cardiovasculares e diabetes Cinco novos medicamentos para tratamento de doen\u00e7as cardiovasculares e diabetes ser\u00e3o incorporados ao programa Farm\u00e1cia Popular do Brasil. O an\u00fancio foi feito hoje (29\/09) pelo Minist\u00e9rio da Sa\u00fade, que informou que essa \u00e9 a primeira incorpora\u00e7\u00e3o de novos rem\u00e9dios desde 2011. A medida deve ser publicada no [&hellip;]\" \/>\n<meta property=\"og:url\" content=\"https:\/\/www.radiomanchester.com.br\/fm\/cinco-novos-remedios-sao-incorporados-a-farmacia-popular\/\" \/>\n<meta property=\"og:site_name\" content=\"Manchester FM 93,3\" \/>\n<meta property=\"article:published_time\" content=\"2022-09-29T23:46:44+00:00\" \/>\n<meta property=\"article:modified_time\" content=\"2022-09-29T23:46:46+00:00\" \/>\n<meta property=\"og:image\" content=\"https:\/\/www.radiomanchester.com.br\/fm\/wp-content\/uploads\/2022\/09\/vac_abr_2909221265-300x179.jpg\" \/>\n<meta name=\"twitter:card\" content=\"summary_large_image\" \/>\n<meta name=\"twitter:label1\" content=\"Escrito por\" \/>\n\t<meta name=\"twitter:data1\" content=\"admin\" \/>\n\t<meta name=\"twitter:label2\" content=\"Est. tempo de leitura\" \/>\n\t<meta name=\"twitter:data2\" content=\"3 minutos\" \/>\n<script type=\"application\/ld+json\" class=\"yoast-schema-graph\">{\"@context\":\"https:\/\/schema.org\",\"@graph\":[{\"@type\":\"WebSite\",\"@id\":\"https:\/\/www.radiomanchester.com.br\/fm\/#website\",\"url\":\"https:\/\/www.radiomanchester.com.br\/fm\/\",\"name\":\"Manchester FM 93,3\",\"description\":\"Todo Mundo Ouve!\",\"potentialAction\":[{\"@type\":\"SearchAction\",\"target\":{\"@type\":\"EntryPoint\",\"urlTemplate\":\"https:\/\/www.radiomanchester.com.br\/fm\/?s={search_term_string}\"},\"query-input\":\"required name=search_term_string\"}],\"inLanguage\":\"pt-BR\"},{\"@type\":\"ImageObject\",\"@id\":\"https:\/\/www.radiomanchester.com.br\/fm\/cinco-novos-remedios-sao-incorporados-a-farmacia-popular\/#primaryimage\",\"inLanguage\":\"pt-BR\",\"url\":\"https:\/\/www.radiomanchester.com.br\/fm\/wp-content\/uploads\/2022\/09\/vac_abr_2909221265-300x179.jpg\",\"contentUrl\":\"https:\/\/www.radiomanchester.com.br\/fm\/wp-content\/uploads\/2022\/09\/vac_abr_2909221265-300x179.jpg\"},{\"@type\":\"WebPage\",\"@id\":\"https:\/\/www.radiomanchester.com.br\/fm\/cinco-novos-remedios-sao-incorporados-a-farmacia-popular\/#webpage\",\"url\":\"https:\/\/www.radiomanchester.com.br\/fm\/cinco-novos-remedios-sao-incorporados-a-farmacia-popular\/\",\"name\":\"Cinco novos rem\u00e9dios s\u00e3o incorporados \u00e0 Farm\u00e1cia Popular - Manchester FM 93,3\",\"isPartOf\":{\"@id\":\"https:\/\/www.radiomanchester.com.br\/fm\/#website\"},\"primaryImageOfPage\":{\"@id\":\"https:\/\/www.radiomanchester.com.br\/fm\/cinco-novos-remedios-sao-incorporados-a-farmacia-popular\/#primaryimage\"},\"datePublished\":\"2022-09-29T23:46:44+00:00\",\"dateModified\":\"2022-09-29T23:46:46+00:00\",\"author\":{\"@id\":\"https:\/\/www.radiomanchester.com.br\/fm\/#\/schema\/person\/408a7b4d4e32cbebd90e2782852abca3\"},\"breadcrumb\":{\"@id\":\"https:\/\/www.radiomanchester.com.br\/fm\/cinco-novos-remedios-sao-incorporados-a-farmacia-popular\/#breadcrumb\"},\"inLanguage\":\"pt-BR\",\"potentialAction\":[{\"@type\":\"ReadAction\",\"target\":[\"https:\/\/www.radiomanchester.com.br\/fm\/cinco-novos-remedios-sao-incorporados-a-farmacia-popular\/\"]}]},{\"@type\":\"BreadcrumbList\",\"@id\":\"https:\/\/www.radiomanchester.com.br\/fm\/cinco-novos-remedios-sao-incorporados-a-farmacia-popular\/#breadcrumb\",\"itemListElement\":[{\"@type\":\"ListItem\",\"position\":1,\"name\":\"Home\",\"item\":\"https:\/\/www.radiomanchester.com.br\/fm\/\"},{\"@type\":\"ListItem\",\"position\":2,\"name\":\"Cinco novos rem\u00e9dios s\u00e3o incorporados \u00e0 Farm\u00e1cia Popular\"}]},{\"@type\":\"Person\",\"@id\":\"https:\/\/www.radiomanchester.com.br\/fm\/#\/schema\/person\/408a7b4d4e32cbebd90e2782852abca3\",\"name\":\"admin\",\"image\":{\"@type\":\"ImageObject\",\"@id\":\"https:\/\/www.radiomanchester.com.br\/fm\/#personlogo\",\"inLanguage\":\"pt-BR\",\"url\":\"https:\/\/secure.gravatar.com\/avatar\/115a974dba3376872eb3addeb276301c?s=96&d=mm&r=g\",\"contentUrl\":\"https:\/\/secure.gravatar.com\/avatar\/115a974dba3376872eb3addeb276301c?s=96&d=mm&r=g\",\"caption\":\"admin\"},\"url\":\"https:\/\/www.radiomanchester.com.br\/fm\/author\/admin\/\"}]}<\/script>\n<!-- \/ Yoast SEO plugin. -->","yoast_head_json":{"title":"Cinco novos rem\u00e9dios s\u00e3o incorporados \u00e0 Farm\u00e1cia Popular - Manchester FM 93,3","robots":{"index":"index","follow":"follow","max-snippet":"max-snippet:-1","max-image-preview":"max-image-preview:large","max-video-preview":"max-video-preview:-1"},"canonical":"https:\/\/www.radiomanchester.com.br\/fm\/cinco-novos-remedios-sao-incorporados-a-farmacia-popular\/","og_locale":"pt_BR","og_type":"article","og_title":"Cinco novos rem\u00e9dios s\u00e3o incorporados \u00e0 Farm\u00e1cia Popular - Manchester FM 93,3","og_description":"Medicamentos s\u00e3o para tratar doen\u00e7as cardiovasculares e diabetes Cinco novos medicamentos para tratamento de doen\u00e7as cardiovasculares e diabetes ser\u00e3o incorporados ao programa Farm\u00e1cia Popular do Brasil. O an\u00fancio foi feito hoje (29\/09) pelo Minist\u00e9rio da Sa\u00fade, que informou que essa \u00e9 a primeira incorpora\u00e7\u00e3o de novos rem\u00e9dios desde 2011. A medida deve ser publicada no [&hellip;]","og_url":"https:\/\/www.radiomanchester.com.br\/fm\/cinco-novos-remedios-sao-incorporados-a-farmacia-popular\/","og_site_name":"Manchester FM 93,3","article_published_time":"2022-09-29T23:46:44+00:00","article_modified_time":"2022-09-29T23:46:46+00:00","og_image":[{"url":"https:\/\/www.radiomanchester.com.br\/fm\/wp-content\/uploads\/2022\/09\/vac_abr_2909221265-300x179.jpg"}],"twitter_card":"summary_large_image","twitter_misc":{"Escrito por":"admin","Est. tempo de leitura":"3 minutos"},"schema":{"@context":"https:\/\/schema.org","@graph":[{"@type":"WebSite","@id":"https:\/\/www.radiomanchester.com.br\/fm\/#website","url":"https:\/\/www.radiomanchester.com.br\/fm\/","name":"Manchester FM 93,3","description":"Todo Mundo Ouve!","potentialAction":[{"@type":"SearchAction","target":{"@type":"EntryPoint","urlTemplate":"https:\/\/www.radiomanchester.com.br\/fm\/?s={search_term_string}"},"query-input":"required name=search_term_string"}],"inLanguage":"pt-BR"},{"@type":"ImageObject","@id":"https:\/\/www.radiomanchester.com.br\/fm\/cinco-novos-remedios-sao-incorporados-a-farmacia-popular\/#primaryimage","inLanguage":"pt-BR","url":"https:\/\/www.radiomanchester.com.br\/fm\/wp-content\/uploads\/2022\/09\/vac_abr_2909221265-300x179.jpg","contentUrl":"https:\/\/www.radiomanchester.com.br\/fm\/wp-content\/uploads\/2022\/09\/vac_abr_2909221265-300x179.jpg"},{"@type":"WebPage","@id":"https:\/\/www.radiomanchester.com.br\/fm\/cinco-novos-remedios-sao-incorporados-a-farmacia-popular\/#webpage","url":"https:\/\/www.radiomanchester.com.br\/fm\/cinco-novos-remedios-sao-incorporados-a-farmacia-popular\/","name":"Cinco novos rem\u00e9dios s\u00e3o incorporados \u00e0 Farm\u00e1cia Popular - Manchester FM 93,3","isPartOf":{"@id":"https:\/\/www.radiomanchester.com.br\/fm\/#website"},"primaryImageOfPage":{"@id":"https:\/\/www.radiomanchester.com.br\/fm\/cinco-novos-remedios-sao-incorporados-a-farmacia-popular\/#primaryimage"},"datePublished":"2022-09-29T23:46:44+00:00","dateModified":"2022-09-29T23:46:46+00:00","author":{"@id":"https:\/\/www.radiomanchester.com.br\/fm\/#\/schema\/person\/408a7b4d4e32cbebd90e2782852abca3"},"breadcrumb":{"@id":"https:\/\/www.radiomanchester.com.br\/fm\/cinco-novos-remedios-sao-incorporados-a-farmacia-popular\/#breadcrumb"},"inLanguage":"pt-BR","potentialAction":[{"@type":"ReadAction","target":["https:\/\/www.radiomanchester.com.br\/fm\/cinco-novos-remedios-sao-incorporados-a-farmacia-popular\/"]}]},{"@type":"BreadcrumbList","@id":"https:\/\/www.radiomanchester.com.br\/fm\/cinco-novos-remedios-sao-incorporados-a-farmacia-popular\/#breadcrumb","itemListElement":[{"@type":"ListItem","position":1,"name":"Home","item":"https:\/\/www.radiomanchester.com.br\/fm\/"},{"@type":"ListItem","position":2,"name":"Cinco novos rem\u00e9dios s\u00e3o incorporados \u00e0 Farm\u00e1cia Popular"}]},{"@type":"Person","@id":"https:\/\/www.radiomanchester.com.br\/fm\/#\/schema\/person\/408a7b4d4e32cbebd90e2782852abca3","name":"admin","image":{"@type":"ImageObject","@id":"https:\/\/www.radiomanchester.com.br\/fm\/#personlogo","inLanguage":"pt-BR","url":"https:\/\/secure.gravatar.com\/avatar\/115a974dba3376872eb3addeb276301c?s=96&d=mm&r=g","contentUrl":"https:\/\/secure.gravatar.com\/avatar\/115a974dba3376872eb3addeb276301c?s=96&d=mm&r=g","caption":"admin"},"url":"https:\/\/www.radiomanchester.com.br\/fm\/author\/admin\/"}]}},"_links":{"self":[{"href":"https:\/\/www.radiomanchester.com.br\/fm\/wp-json\/wp\/v2\/posts\/9274"}],"collection":[{"href":"https:\/\/www.radiomanchester.com.br\/fm\/wp-json\/wp\/v2\/posts"}],"about":[{"href":"https:\/\/www.radiomanchester.com.br\/fm\/wp-json\/wp\/v2\/types\/post"}],"author":[{"embeddable":true,"href":"https:\/\/www.radiomanchester.com.br\/fm\/wp-json\/wp\/v2\/users\/1"}],"replies":[{"embeddable":true,"href":"https:\/\/www.radiomanchester.com.br\/fm\/wp-json\/wp\/v2\/comments?post=9274"}],"version-history":[{"count":1,"href":"https:\/\/www.radiomanchester.com.br\/fm\/wp-json\/wp\/v2\/posts\/9274\/revisions"}],"predecessor-version":[{"id":9276,"href":"https:\/\/www.radiomanchester.com.br\/fm\/wp-json\/wp\/v2\/posts\/9274\/revisions\/9276"}],"wp:attachment":[{"href":"https:\/\/www.radiomanchester.com.br\/fm\/wp-json\/wp\/v2\/media?parent=9274"}],"wp:term":[{"taxonomy":"category","embeddable":true,"href":"https:\/\/www.radiomanchester.com.br\/fm\/wp-json\/wp\/v2\/categories?post=9274"},{"taxonomy":"post_tag","embeddable":true,"href":"https:\/\/www.radiomanchester.com.br\/fm\/wp-json\/wp\/v2\/tags?post=9274"}],"curies":[{"name":"wp","href":"https:\/\/api.w.org\/{rel}","templated":true}]}}