{"id":9290,"date":"2022-10-01T07:00:00","date_gmt":"2022-10-01T10:00:00","guid":{"rendered":"https:\/\/www.radiomanchester.com.br\/fm\/?p=9290"},"modified":"2022-09-30T19:09:44","modified_gmt":"2022-09-30T22:09:44","slug":"operador-do-sistema-eletrico-tem-plano-preventivo-para-eleicoes","status":"publish","type":"post","link":"https:\/\/www.radiomanchester.com.br\/fm\/operador-do-sistema-eletrico-tem-plano-preventivo-para-eleicoes\/","title":{"rendered":"Operador do sistema el\u00e9trico tem plano preventivo para elei\u00e7\u00f5es"},"content":{"rendered":"\n<p><strong><em>A\u00e7\u00f5es est\u00e3o concentradas em duas etapas<\/em><\/strong><\/p>\n\n\n\n<hr class=\"wp-block-separator\"\/>\n\n\n\n<p>O Operador Nacional do Sistema El\u00e9trico (ONS) elaborou um plano preventivo visando a divulga\u00e7\u00e3o de informa\u00e7\u00f5es, caso haja alguma interrup\u00e7\u00e3o no suprimento de energia el\u00e9trica no Sistema Interligado Nacional (SIN) que venha a afetar as se\u00e7\u00f5es eleitorais no dia de vota\u00e7\u00e3o, domingo pr\u00f3ximo (2\/10).<\/p>\n\n\n\n<div style=\"height:100px\" aria-hidden=\"true\" class=\"wp-block-spacer\"><\/div>\n\n\n\n<p>Al\u00e9m de definir atribui\u00e7\u00f5es para diversos \u00f3rg\u00e3os e agentes do sistema, o plano prev\u00ea garantias de fluxo de comunica\u00e7\u00e3o institucional entre ONS, Minist\u00e9rio de Minas e Energia (MME) e Ag\u00eancia Nacional de Energia El\u00e9trica (Aneel), bem como transmissoras, distribuidoras e Tribunais Regionais Eleitorais (TREs) e Tribunal Superior Eleitoral (TSE).<\/p>\n\n\n\n<div style=\"height:100px\" aria-hidden=\"true\" class=\"wp-block-spacer\"><\/div>\n\n\n\n<p>\u201cO plano est\u00e1 concentrado em duas datas: dia 2 de outubro, quando ser\u00e1 realizado o 1\u00ba turno da vota\u00e7\u00e3o, e 30 de outubro, data do 2\u00ba turno para as localidades onde houver a continuidade da vota\u00e7\u00e3o\u201d, informou o ONS.<\/p>\n\n\n\n<div style=\"height:100px\" aria-hidden=\"true\" class=\"wp-block-spacer\"><\/div>\n\n\n\n<p><strong>Monitoramento<br><\/strong>A Aneel explicou que o plano foi aprovado pelo Comit\u00ea de Monitoramento do Setor El\u00e9trico (CMSE), de forma a chancelar as \u201ca\u00e7\u00f5es de responsabilidade de todos os agentes do setor el\u00e9trico\u201d, para \u201cconferir grau adicional de seguran\u00e7a na opera\u00e7\u00e3o do sistema el\u00e9trico\u201d durante as elei\u00e7\u00f5es.<\/p>\n\n\n\n<div style=\"height:100px\" aria-hidden=\"true\" class=\"wp-block-spacer\"><\/div>\n\n\n\n<p>\u201cA fiscaliza\u00e7\u00e3o da Aneel determinou, por meio de of\u00edcios aos agentes de gera\u00e7\u00e3o e de transmiss\u00e3o, provid\u00eancias no sentido de refor\u00e7ar a seguran\u00e7a dos sistemas el\u00e9tricos no per\u00edodo das elei\u00e7\u00f5es, bem como a disponibiliza\u00e7\u00e3o de equipes para retorno o mais r\u00e1pido poss\u00edvel em caso de eventos que venham a afetar o atendimento durante o per\u00edodo em quest\u00e3o\u201d, informou a Aneel.<\/p>\n\n\n\n<div style=\"height:100px\" aria-hidden=\"true\" class=\"wp-block-spacer\"><\/div>\n\n\n\n<p>Procurado pela Ag\u00eancia Brasil, o Minist\u00e9rio de Minas e Energia disse ter formalizado tanto \u00e0s distribuidoras como ao ONS a necessidade de medidas preventivas para o fornecimento de energia durante as elei\u00e7\u00f5es.<\/p>\n\n\n\n<div style=\"height:100px\" aria-hidden=\"true\" class=\"wp-block-spacer\"><\/div>\n\n\n\n<p>\u201cA coordena\u00e7\u00e3o do processo fica a cargo do ONS, no \u00e2mbito do Sistema Interligado Nacional, e das distribuidoras, no caso dos atendimentos localizados\u201d, detalhou ao informar que as medidas adotadas seguem padr\u00e3o do setor e s\u00e3o feitas periodicamente \u201cquando h\u00e1 eventos de grande relev\u00e2ncia\u201d.<\/p>\n\n\n\n<figure class=\"wp-block-image size-medium\"><img loading=\"lazy\" width=\"300\" height=\"179\" src=\"https:\/\/www.radiomanchester.com.br\/fm\/wp-content\/uploads\/2022\/09\/agencia_brasil170912_mca7691-300x179.jpg\" alt=\"\" class=\"wp-image-9291\" srcset=\"https:\/\/www.radiomanchester.com.br\/fm\/wp-content\/uploads\/2022\/09\/agencia_brasil170912_mca7691-300x179.jpg 300w, https:\/\/www.radiomanchester.com.br\/fm\/wp-content\/uploads\/2022\/09\/agencia_brasil170912_mca7691-1024x613.jpg 1024w, https:\/\/www.radiomanchester.com.br\/fm\/wp-content\/uploads\/2022\/09\/agencia_brasil170912_mca7691-768x459.jpg 768w, https:\/\/www.radiomanchester.com.br\/fm\/wp-content\/uploads\/2022\/09\/agencia_brasil170912_mca7691.jpg 1170w\" sizes=\"(max-width: 300px) 100vw, 300px\" \/><figcaption>Linhas de transmiss\u00e3o de energia, energia el\u00e9trica<\/figcaption><\/figure>\n\n\n\n<p>por Ag\u00eancia Brasil &#8211; foto: Ag\u00eancia Brasil<\/p>\n","protected":false},"excerpt":{"rendered":"<p class=\"excerpt\">A\u00e7\u00f5es est\u00e3o concentradas em duas etapas O Operador Nacional do Sistema El\u00e9trico (ONS) elaborou um plano preventivo visando a divulga\u00e7\u00e3o de informa\u00e7\u00f5es, caso haja alguma interrup\u00e7\u00e3o no suprimento de energia el\u00e9trica no Sistema Interligado Nacional (SIN) que venha a afetar as se\u00e7\u00f5es eleitorais no dia de vota\u00e7\u00e3o, domingo pr\u00f3ximo (2\/10). Al\u00e9m de definir atribui\u00e7\u00f5es para [&hellip;]<\/p>\n","protected":false},"author":1,"featured_media":0,"comment_status":"open","ping_status":"open","sticky":false,"template":"","format":"standard","meta":[],"categories":[8,17],"tags":[22,24,113,83,92],"yoast_head":"<!-- This site is optimized with the Yoast SEO plugin v18.3 - https:\/\/yoast.com\/wordpress\/plugins\/seo\/ -->\n<title>Operador do sistema el\u00e9trico tem plano preventivo para elei\u00e7\u00f5es - Manchester FM 93,3<\/title>\n<meta name=\"robots\" content=\"index, follow, max-snippet:-1, max-image-preview:large, max-video-preview:-1\" \/>\n<link rel=\"canonical\" href=\"https:\/\/www.radiomanchester.com.br\/fm\/operador-do-sistema-eletrico-tem-plano-preventivo-para-eleicoes\/\" \/>\n<meta property=\"og:locale\" content=\"pt_BR\" \/>\n<meta property=\"og:type\" content=\"article\" \/>\n<meta property=\"og:title\" content=\"Operador do sistema el\u00e9trico tem plano preventivo para elei\u00e7\u00f5es - Manchester FM 93,3\" \/>\n<meta property=\"og:description\" content=\"A\u00e7\u00f5es est\u00e3o concentradas em duas etapas O Operador Nacional do Sistema El\u00e9trico (ONS) elaborou um plano preventivo visando a divulga\u00e7\u00e3o de informa\u00e7\u00f5es, caso haja alguma interrup\u00e7\u00e3o no suprimento de energia el\u00e9trica no Sistema Interligado Nacional (SIN) que venha a afetar as se\u00e7\u00f5es eleitorais no dia de vota\u00e7\u00e3o, domingo pr\u00f3ximo (2\/10). Al\u00e9m de definir atribui\u00e7\u00f5es para [&hellip;]\" \/>\n<meta property=\"og:url\" content=\"https:\/\/www.radiomanchester.com.br\/fm\/operador-do-sistema-eletrico-tem-plano-preventivo-para-eleicoes\/\" \/>\n<meta property=\"og:site_name\" content=\"Manchester FM 93,3\" \/>\n<meta property=\"article:published_time\" content=\"2022-10-01T10:00:00+00:00\" \/>\n<meta property=\"article:modified_time\" content=\"2022-09-30T22:09:44+00:00\" \/>\n<meta property=\"og:image\" content=\"https:\/\/www.radiomanchester.com.br\/fm\/wp-content\/uploads\/2022\/09\/agencia_brasil170912_mca7691-300x179.jpg\" \/>\n<meta name=\"twitter:card\" content=\"summary_large_image\" \/>\n<meta name=\"twitter:label1\" content=\"Escrito por\" \/>\n\t<meta name=\"twitter:data1\" content=\"admin\" \/>\n\t<meta name=\"twitter:label2\" content=\"Est. tempo de leitura\" \/>\n\t<meta name=\"twitter:data2\" content=\"3 minutos\" \/>\n<script type=\"application\/ld+json\" class=\"yoast-schema-graph\">{\"@context\":\"https:\/\/schema.org\",\"@graph\":[{\"@type\":\"WebSite\",\"@id\":\"https:\/\/www.radiomanchester.com.br\/fm\/#website\",\"url\":\"https:\/\/www.radiomanchester.com.br\/fm\/\",\"name\":\"Manchester FM 93,3\",\"description\":\"Todo Mundo Ouve!\",\"potentialAction\":[{\"@type\":\"SearchAction\",\"target\":{\"@type\":\"EntryPoint\",\"urlTemplate\":\"https:\/\/www.radiomanchester.com.br\/fm\/?s={search_term_string}\"},\"query-input\":\"required name=search_term_string\"}],\"inLanguage\":\"pt-BR\"},{\"@type\":\"ImageObject\",\"@id\":\"https:\/\/www.radiomanchester.com.br\/fm\/operador-do-sistema-eletrico-tem-plano-preventivo-para-eleicoes\/#primaryimage\",\"inLanguage\":\"pt-BR\",\"url\":\"https:\/\/www.radiomanchester.com.br\/fm\/wp-content\/uploads\/2022\/09\/agencia_brasil170912_mca7691.jpg\",\"contentUrl\":\"https:\/\/www.radiomanchester.com.br\/fm\/wp-content\/uploads\/2022\/09\/agencia_brasil170912_mca7691.jpg\",\"width\":1170,\"height\":700,\"caption\":\"Linhas de transmiss\u00e3o de energia, energia el\u00e9trica\"},{\"@type\":\"WebPage\",\"@id\":\"https:\/\/www.radiomanchester.com.br\/fm\/operador-do-sistema-eletrico-tem-plano-preventivo-para-eleicoes\/#webpage\",\"url\":\"https:\/\/www.radiomanchester.com.br\/fm\/operador-do-sistema-eletrico-tem-plano-preventivo-para-eleicoes\/\",\"name\":\"Operador do sistema el\u00e9trico tem plano preventivo para elei\u00e7\u00f5es - Manchester FM 93,3\",\"isPartOf\":{\"@id\":\"https:\/\/www.radiomanchester.com.br\/fm\/#website\"},\"primaryImageOfPage\":{\"@id\":\"https:\/\/www.radiomanchester.com.br\/fm\/operador-do-sistema-eletrico-tem-plano-preventivo-para-eleicoes\/#primaryimage\"},\"datePublished\":\"2022-10-01T10:00:00+00:00\",\"dateModified\":\"2022-09-30T22:09:44+00:00\",\"author\":{\"@id\":\"https:\/\/www.radiomanchester.com.br\/fm\/#\/schema\/person\/408a7b4d4e32cbebd90e2782852abca3\"},\"breadcrumb\":{\"@id\":\"https:\/\/www.radiomanchester.com.br\/fm\/operador-do-sistema-eletrico-tem-plano-preventivo-para-eleicoes\/#breadcrumb\"},\"inLanguage\":\"pt-BR\",\"potentialAction\":[{\"@type\":\"ReadAction\",\"target\":[\"https:\/\/www.radiomanchester.com.br\/fm\/operador-do-sistema-eletrico-tem-plano-preventivo-para-eleicoes\/\"]}]},{\"@type\":\"BreadcrumbList\",\"@id\":\"https:\/\/www.radiomanchester.com.br\/fm\/operador-do-sistema-eletrico-tem-plano-preventivo-para-eleicoes\/#breadcrumb\",\"itemListElement\":[{\"@type\":\"ListItem\",\"position\":1,\"name\":\"Home\",\"item\":\"https:\/\/www.radiomanchester.com.br\/fm\/\"},{\"@type\":\"ListItem\",\"position\":2,\"name\":\"Operador do sistema el\u00e9trico tem plano preventivo para elei\u00e7\u00f5es\"}]},{\"@type\":\"Person\",\"@id\":\"https:\/\/www.radiomanchester.com.br\/fm\/#\/schema\/person\/408a7b4d4e32cbebd90e2782852abca3\",\"name\":\"admin\",\"image\":{\"@type\":\"ImageObject\",\"@id\":\"https:\/\/www.radiomanchester.com.br\/fm\/#personlogo\",\"inLanguage\":\"pt-BR\",\"url\":\"https:\/\/secure.gravatar.com\/avatar\/115a974dba3376872eb3addeb276301c?s=96&d=mm&r=g\",\"contentUrl\":\"https:\/\/secure.gravatar.com\/avatar\/115a974dba3376872eb3addeb276301c?s=96&d=mm&r=g\",\"caption\":\"admin\"},\"url\":\"https:\/\/www.radiomanchester.com.br\/fm\/author\/admin\/\"}]}<\/script>\n<!-- \/ Yoast SEO plugin. -->","yoast_head_json":{"title":"Operador do sistema el\u00e9trico tem plano preventivo para elei\u00e7\u00f5es - Manchester FM 93,3","robots":{"index":"index","follow":"follow","max-snippet":"max-snippet:-1","max-image-preview":"max-image-preview:large","max-video-preview":"max-video-preview:-1"},"canonical":"https:\/\/www.radiomanchester.com.br\/fm\/operador-do-sistema-eletrico-tem-plano-preventivo-para-eleicoes\/","og_locale":"pt_BR","og_type":"article","og_title":"Operador do sistema el\u00e9trico tem plano preventivo para elei\u00e7\u00f5es - Manchester FM 93,3","og_description":"A\u00e7\u00f5es est\u00e3o concentradas em duas etapas O Operador Nacional do Sistema El\u00e9trico (ONS) elaborou um plano preventivo visando a divulga\u00e7\u00e3o de informa\u00e7\u00f5es, caso haja alguma interrup\u00e7\u00e3o no suprimento de energia el\u00e9trica no Sistema Interligado Nacional (SIN) que venha a afetar as se\u00e7\u00f5es eleitorais no dia de vota\u00e7\u00e3o, domingo pr\u00f3ximo (2\/10). Al\u00e9m de definir atribui\u00e7\u00f5es para [&hellip;]","og_url":"https:\/\/www.radiomanchester.com.br\/fm\/operador-do-sistema-eletrico-tem-plano-preventivo-para-eleicoes\/","og_site_name":"Manchester FM 93,3","article_published_time":"2022-10-01T10:00:00+00:00","article_modified_time":"2022-09-30T22:09:44+00:00","og_image":[{"url":"https:\/\/www.radiomanchester.com.br\/fm\/wp-content\/uploads\/2022\/09\/agencia_brasil170912_mca7691-300x179.jpg"}],"twitter_card":"summary_large_image","twitter_misc":{"Escrito por":"admin","Est. tempo de leitura":"3 minutos"},"schema":{"@context":"https:\/\/schema.org","@graph":[{"@type":"WebSite","@id":"https:\/\/www.radiomanchester.com.br\/fm\/#website","url":"https:\/\/www.radiomanchester.com.br\/fm\/","name":"Manchester FM 93,3","description":"Todo Mundo Ouve!","potentialAction":[{"@type":"SearchAction","target":{"@type":"EntryPoint","urlTemplate":"https:\/\/www.radiomanchester.com.br\/fm\/?s={search_term_string}"},"query-input":"required name=search_term_string"}],"inLanguage":"pt-BR"},{"@type":"ImageObject","@id":"https:\/\/www.radiomanchester.com.br\/fm\/operador-do-sistema-eletrico-tem-plano-preventivo-para-eleicoes\/#primaryimage","inLanguage":"pt-BR","url":"https:\/\/www.radiomanchester.com.br\/fm\/wp-content\/uploads\/2022\/09\/agencia_brasil170912_mca7691.jpg","contentUrl":"https:\/\/www.radiomanchester.com.br\/fm\/wp-content\/uploads\/2022\/09\/agencia_brasil170912_mca7691.jpg","width":1170,"height":700,"caption":"Linhas de transmiss\u00e3o de energia, energia el\u00e9trica"},{"@type":"WebPage","@id":"https:\/\/www.radiomanchester.com.br\/fm\/operador-do-sistema-eletrico-tem-plano-preventivo-para-eleicoes\/#webpage","url":"https:\/\/www.radiomanchester.com.br\/fm\/operador-do-sistema-eletrico-tem-plano-preventivo-para-eleicoes\/","name":"Operador do sistema el\u00e9trico tem plano preventivo para elei\u00e7\u00f5es - Manchester FM 93,3","isPartOf":{"@id":"https:\/\/www.radiomanchester.com.br\/fm\/#website"},"primaryImageOfPage":{"@id":"https:\/\/www.radiomanchester.com.br\/fm\/operador-do-sistema-eletrico-tem-plano-preventivo-para-eleicoes\/#primaryimage"},"datePublished":"2022-10-01T10:00:00+00:00","dateModified":"2022-09-30T22:09:44+00:00","author":{"@id":"https:\/\/www.radiomanchester.com.br\/fm\/#\/schema\/person\/408a7b4d4e32cbebd90e2782852abca3"},"breadcrumb":{"@id":"https:\/\/www.radiomanchester.com.br\/fm\/operador-do-sistema-eletrico-tem-plano-preventivo-para-eleicoes\/#breadcrumb"},"inLanguage":"pt-BR","potentialAction":[{"@type":"ReadAction","target":["https:\/\/www.radiomanchester.com.br\/fm\/operador-do-sistema-eletrico-tem-plano-preventivo-para-eleicoes\/"]}]},{"@type":"BreadcrumbList","@id":"https:\/\/www.radiomanchester.com.br\/fm\/operador-do-sistema-eletrico-tem-plano-preventivo-para-eleicoes\/#breadcrumb","itemListElement":[{"@type":"ListItem","position":1,"name":"Home","item":"https:\/\/www.radiomanchester.com.br\/fm\/"},{"@type":"ListItem","position":2,"name":"Operador do sistema el\u00e9trico tem plano preventivo para elei\u00e7\u00f5es"}]},{"@type":"Person","@id":"https:\/\/www.radiomanchester.com.br\/fm\/#\/schema\/person\/408a7b4d4e32cbebd90e2782852abca3","name":"admin","image":{"@type":"ImageObject","@id":"https:\/\/www.radiomanchester.com.br\/fm\/#personlogo","inLanguage":"pt-BR","url":"https:\/\/secure.gravatar.com\/avatar\/115a974dba3376872eb3addeb276301c?s=96&d=mm&r=g","contentUrl":"https:\/\/secure.gravatar.com\/avatar\/115a974dba3376872eb3addeb276301c?s=96&d=mm&r=g","caption":"admin"},"url":"https:\/\/www.radiomanchester.com.br\/fm\/author\/admin\/"}]}},"_links":{"self":[{"href":"https:\/\/www.radiomanchester.com.br\/fm\/wp-json\/wp\/v2\/posts\/9290"}],"collection":[{"href":"https:\/\/www.radiomanchester.com.br\/fm\/wp-json\/wp\/v2\/posts"}],"about":[{"href":"https:\/\/www.radiomanchester.com.br\/fm\/wp-json\/wp\/v2\/types\/post"}],"author":[{"embeddable":true,"href":"https:\/\/www.radiomanchester.com.br\/fm\/wp-json\/wp\/v2\/users\/1"}],"replies":[{"embeddable":true,"href":"https:\/\/www.radiomanchester.com.br\/fm\/wp-json\/wp\/v2\/comments?post=9290"}],"version-history":[{"count":1,"href":"https:\/\/www.radiomanchester.com.br\/fm\/wp-json\/wp\/v2\/posts\/9290\/revisions"}],"predecessor-version":[{"id":9292,"href":"https:\/\/www.radiomanchester.com.br\/fm\/wp-json\/wp\/v2\/posts\/9290\/revisions\/9292"}],"wp:attachment":[{"href":"https:\/\/www.radiomanchester.com.br\/fm\/wp-json\/wp\/v2\/media?parent=9290"}],"wp:term":[{"taxonomy":"category","embeddable":true,"href":"https:\/\/www.radiomanchester.com.br\/fm\/wp-json\/wp\/v2\/categories?post=9290"},{"taxonomy":"post_tag","embeddable":true,"href":"https:\/\/www.radiomanchester.com.br\/fm\/wp-json\/wp\/v2\/tags?post=9290"}],"curies":[{"name":"wp","href":"https:\/\/api.w.org\/{rel}","templated":true}]}}