{"id":9300,"date":"2022-10-02T23:09:55","date_gmt":"2022-10-03T02:09:55","guid":{"rendered":"https:\/\/www.radiomanchester.com.br\/fm\/?p=9300"},"modified":"2022-10-02T23:09:58","modified_gmt":"2022-10-03T02:09:58","slug":"ronaldo-caiado-e-releito-governador-de-goias","status":"publish","type":"post","link":"https:\/\/www.radiomanchester.com.br\/fm\/ronaldo-caiado-e-releito-governador-de-goias\/","title":{"rendered":"Ronaldo Caiado \u00e9 releito governador de Goi\u00e1s"},"content":{"rendered":"\n<p><\/p>\n\n\n\n<p><strong><em>Com 100% das urnas apuradas, candidato tem 51,81% dos votos<\/em><\/strong><\/p>\n\n\n\n<hr class=\"wp-block-separator\"\/>\n\n\n\n<p>O candidato Ronaldo Caiado\u00a0(Uni\u00e3o) venceu a disputa ao governo de Goi\u00e1s com 51,81% dos votos v\u00e1lidos. Gustavo Mendanha\u00a0(Patriota) ficou em segundo lugar, com 25,20% dos votos v\u00e1lidos.<\/p>\n\n\n\n<div style=\"height:30px\" aria-hidden=\"true\" class=\"wp-block-spacer\"><\/div>\n\n\n\n<p>O governador foi reeleito\u00a0pela coliga\u00e7\u00e3o MDB\/Uni\u00e3o Brasil\/Podemos\/PTB\/PSC PSD\/ Avante \/ PRTB \/ PP \/ Solidariedade \/ PROS e PDT. O m\u00e9dico de 72 anos j\u00e1 foi deputado federal e senador. O empres\u00e1rio, ex-deputado estadual e vereador de Goi\u00e2nia, Daniel Vilela, 38 anos, do MDB, \u00e9 o candidato a vice.<\/p>\n\n\n\n<figure class=\"wp-block-image size-medium\"><img loading=\"lazy\" width=\"300\" height=\"179\" src=\"https:\/\/www.radiomanchester.com.br\/fm\/wp-content\/uploads\/2022\/10\/EF3E1B09-4941-4AAC-9500-44C977FBC818-300x179.jpeg\" alt=\"\" class=\"wp-image-9301\" srcset=\"https:\/\/www.radiomanchester.com.br\/fm\/wp-content\/uploads\/2022\/10\/EF3E1B09-4941-4AAC-9500-44C977FBC818-300x179.jpeg 300w, https:\/\/www.radiomanchester.com.br\/fm\/wp-content\/uploads\/2022\/10\/EF3E1B09-4941-4AAC-9500-44C977FBC818-1024x613.jpeg 1024w, https:\/\/www.radiomanchester.com.br\/fm\/wp-content\/uploads\/2022\/10\/EF3E1B09-4941-4AAC-9500-44C977FBC818-768x459.jpeg 768w, https:\/\/www.radiomanchester.com.br\/fm\/wp-content\/uploads\/2022\/10\/EF3E1B09-4941-4AAC-9500-44C977FBC818.jpeg 1170w\" sizes=\"(max-width: 300px) 100vw, 300px\" \/><figcaption>Entrevista do governador Ronaldo Caiado<\/figcaption><\/figure>\n\n\n\n<p>Por Ag\u00eancia Brasil &#8211; foto: Ag\u00eancia Brasil<\/p>\n","protected":false},"excerpt":{"rendered":"<p class=\"excerpt\">Com 100% das urnas apuradas, candidato tem 51,81% dos votos O candidato Ronaldo Caiado\u00a0(Uni\u00e3o) venceu a disputa ao governo de Goi\u00e1s com 51,81% dos votos v\u00e1lidos. Gustavo Mendanha\u00a0(Patriota) ficou em segundo lugar, com 25,20% dos votos v\u00e1lidos. O governador foi reeleito\u00a0pela coliga\u00e7\u00e3o MDB\/Uni\u00e3o Brasil\/Podemos\/PTB\/PSC PSD\/ Avante \/ PRTB \/ PP \/ Solidariedade \/ PROS e [&hellip;]<\/p>\n","protected":false},"author":1,"featured_media":0,"comment_status":"open","ping_status":"open","sticky":false,"template":"","format":"standard","meta":[],"categories":[8,17],"tags":[22,24,113,83,92],"yoast_head":"<!-- This site is optimized with the Yoast SEO plugin v18.3 - https:\/\/yoast.com\/wordpress\/plugins\/seo\/ -->\n<title>Ronaldo Caiado \u00e9 releito governador de Goi\u00e1s - Manchester FM 93,3<\/title>\n<meta name=\"robots\" content=\"index, follow, max-snippet:-1, max-image-preview:large, max-video-preview:-1\" \/>\n<link rel=\"canonical\" href=\"https:\/\/www.radiomanchester.com.br\/fm\/ronaldo-caiado-e-releito-governador-de-goias\/\" \/>\n<meta property=\"og:locale\" content=\"pt_BR\" \/>\n<meta property=\"og:type\" content=\"article\" \/>\n<meta property=\"og:title\" content=\"Ronaldo Caiado \u00e9 releito governador de Goi\u00e1s - Manchester FM 93,3\" \/>\n<meta property=\"og:description\" content=\"Com 100% das urnas apuradas, candidato tem 51,81% dos votos O candidato Ronaldo Caiado\u00a0(Uni\u00e3o) venceu a disputa ao governo de Goi\u00e1s com 51,81% dos votos v\u00e1lidos. Gustavo Mendanha\u00a0(Patriota) ficou em segundo lugar, com 25,20% dos votos v\u00e1lidos. O governador foi reeleito\u00a0pela coliga\u00e7\u00e3o MDB\/Uni\u00e3o Brasil\/Podemos\/PTB\/PSC PSD\/ Avante \/ PRTB \/ PP \/ Solidariedade \/ PROS e [&hellip;]\" \/>\n<meta property=\"og:url\" content=\"https:\/\/www.radiomanchester.com.br\/fm\/ronaldo-caiado-e-releito-governador-de-goias\/\" \/>\n<meta property=\"og:site_name\" content=\"Manchester FM 93,3\" \/>\n<meta property=\"article:published_time\" content=\"2022-10-03T02:09:55+00:00\" \/>\n<meta property=\"article:modified_time\" content=\"2022-10-03T02:09:58+00:00\" \/>\n<meta property=\"og:image\" content=\"https:\/\/www.radiomanchester.com.br\/fm\/wp-content\/uploads\/2022\/10\/EF3E1B09-4941-4AAC-9500-44C977FBC818-300x179.jpeg\" \/>\n<meta name=\"twitter:card\" content=\"summary_large_image\" \/>\n<meta name=\"twitter:label1\" content=\"Escrito por\" \/>\n\t<meta name=\"twitter:data1\" content=\"admin\" \/>\n\t<meta name=\"twitter:label2\" content=\"Est. tempo de leitura\" \/>\n\t<meta name=\"twitter:data2\" content=\"1 minuto\" \/>\n<script type=\"application\/ld+json\" class=\"yoast-schema-graph\">{\"@context\":\"https:\/\/schema.org\",\"@graph\":[{\"@type\":\"WebSite\",\"@id\":\"https:\/\/www.radiomanchester.com.br\/fm\/#website\",\"url\":\"https:\/\/www.radiomanchester.com.br\/fm\/\",\"name\":\"Manchester FM 93,3\",\"description\":\"Todo Mundo Ouve!\",\"potentialAction\":[{\"@type\":\"SearchAction\",\"target\":{\"@type\":\"EntryPoint\",\"urlTemplate\":\"https:\/\/www.radiomanchester.com.br\/fm\/?s={search_term_string}\"},\"query-input\":\"required name=search_term_string\"}],\"inLanguage\":\"pt-BR\"},{\"@type\":\"ImageObject\",\"@id\":\"https:\/\/www.radiomanchester.com.br\/fm\/ronaldo-caiado-e-releito-governador-de-goias\/#primaryimage\",\"inLanguage\":\"pt-BR\",\"url\":\"https:\/\/www.radiomanchester.com.br\/fm\/wp-content\/uploads\/2022\/10\/EF3E1B09-4941-4AAC-9500-44C977FBC818.jpeg\",\"contentUrl\":\"https:\/\/www.radiomanchester.com.br\/fm\/wp-content\/uploads\/2022\/10\/EF3E1B09-4941-4AAC-9500-44C977FBC818.jpeg\",\"width\":1170,\"height\":700,\"caption\":\"Entrevista do governador Ronaldo Caiado\"},{\"@type\":\"WebPage\",\"@id\":\"https:\/\/www.radiomanchester.com.br\/fm\/ronaldo-caiado-e-releito-governador-de-goias\/#webpage\",\"url\":\"https:\/\/www.radiomanchester.com.br\/fm\/ronaldo-caiado-e-releito-governador-de-goias\/\",\"name\":\"Ronaldo Caiado \u00e9 releito governador de Goi\u00e1s - Manchester FM 93,3\",\"isPartOf\":{\"@id\":\"https:\/\/www.radiomanchester.com.br\/fm\/#website\"},\"primaryImageOfPage\":{\"@id\":\"https:\/\/www.radiomanchester.com.br\/fm\/ronaldo-caiado-e-releito-governador-de-goias\/#primaryimage\"},\"datePublished\":\"2022-10-03T02:09:55+00:00\",\"dateModified\":\"2022-10-03T02:09:58+00:00\",\"author\":{\"@id\":\"https:\/\/www.radiomanchester.com.br\/fm\/#\/schema\/person\/408a7b4d4e32cbebd90e2782852abca3\"},\"breadcrumb\":{\"@id\":\"https:\/\/www.radiomanchester.com.br\/fm\/ronaldo-caiado-e-releito-governador-de-goias\/#breadcrumb\"},\"inLanguage\":\"pt-BR\",\"potentialAction\":[{\"@type\":\"ReadAction\",\"target\":[\"https:\/\/www.radiomanchester.com.br\/fm\/ronaldo-caiado-e-releito-governador-de-goias\/\"]}]},{\"@type\":\"BreadcrumbList\",\"@id\":\"https:\/\/www.radiomanchester.com.br\/fm\/ronaldo-caiado-e-releito-governador-de-goias\/#breadcrumb\",\"itemListElement\":[{\"@type\":\"ListItem\",\"position\":1,\"name\":\"Home\",\"item\":\"https:\/\/www.radiomanchester.com.br\/fm\/\"},{\"@type\":\"ListItem\",\"position\":2,\"name\":\"Ronaldo Caiado \u00e9 releito governador de Goi\u00e1s\"}]},{\"@type\":\"Person\",\"@id\":\"https:\/\/www.radiomanchester.com.br\/fm\/#\/schema\/person\/408a7b4d4e32cbebd90e2782852abca3\",\"name\":\"admin\",\"image\":{\"@type\":\"ImageObject\",\"@id\":\"https:\/\/www.radiomanchester.com.br\/fm\/#personlogo\",\"inLanguage\":\"pt-BR\",\"url\":\"https:\/\/secure.gravatar.com\/avatar\/115a974dba3376872eb3addeb276301c?s=96&d=mm&r=g\",\"contentUrl\":\"https:\/\/secure.gravatar.com\/avatar\/115a974dba3376872eb3addeb276301c?s=96&d=mm&r=g\",\"caption\":\"admin\"},\"url\":\"https:\/\/www.radiomanchester.com.br\/fm\/author\/admin\/\"}]}<\/script>\n<!-- \/ Yoast SEO plugin. -->","yoast_head_json":{"title":"Ronaldo Caiado \u00e9 releito governador de Goi\u00e1s - Manchester FM 93,3","robots":{"index":"index","follow":"follow","max-snippet":"max-snippet:-1","max-image-preview":"max-image-preview:large","max-video-preview":"max-video-preview:-1"},"canonical":"https:\/\/www.radiomanchester.com.br\/fm\/ronaldo-caiado-e-releito-governador-de-goias\/","og_locale":"pt_BR","og_type":"article","og_title":"Ronaldo Caiado \u00e9 releito governador de Goi\u00e1s - Manchester FM 93,3","og_description":"Com 100% das urnas apuradas, candidato tem 51,81% dos votos O candidato Ronaldo Caiado\u00a0(Uni\u00e3o) venceu a disputa ao governo de Goi\u00e1s com 51,81% dos votos v\u00e1lidos. Gustavo Mendanha\u00a0(Patriota) ficou em segundo lugar, com 25,20% dos votos v\u00e1lidos. O governador foi reeleito\u00a0pela coliga\u00e7\u00e3o MDB\/Uni\u00e3o Brasil\/Podemos\/PTB\/PSC PSD\/ Avante \/ PRTB \/ PP \/ Solidariedade \/ PROS e [&hellip;]","og_url":"https:\/\/www.radiomanchester.com.br\/fm\/ronaldo-caiado-e-releito-governador-de-goias\/","og_site_name":"Manchester FM 93,3","article_published_time":"2022-10-03T02:09:55+00:00","article_modified_time":"2022-10-03T02:09:58+00:00","og_image":[{"url":"https:\/\/www.radiomanchester.com.br\/fm\/wp-content\/uploads\/2022\/10\/EF3E1B09-4941-4AAC-9500-44C977FBC818-300x179.jpeg"}],"twitter_card":"summary_large_image","twitter_misc":{"Escrito por":"admin","Est. tempo de leitura":"1 minuto"},"schema":{"@context":"https:\/\/schema.org","@graph":[{"@type":"WebSite","@id":"https:\/\/www.radiomanchester.com.br\/fm\/#website","url":"https:\/\/www.radiomanchester.com.br\/fm\/","name":"Manchester FM 93,3","description":"Todo Mundo Ouve!","potentialAction":[{"@type":"SearchAction","target":{"@type":"EntryPoint","urlTemplate":"https:\/\/www.radiomanchester.com.br\/fm\/?s={search_term_string}"},"query-input":"required name=search_term_string"}],"inLanguage":"pt-BR"},{"@type":"ImageObject","@id":"https:\/\/www.radiomanchester.com.br\/fm\/ronaldo-caiado-e-releito-governador-de-goias\/#primaryimage","inLanguage":"pt-BR","url":"https:\/\/www.radiomanchester.com.br\/fm\/wp-content\/uploads\/2022\/10\/EF3E1B09-4941-4AAC-9500-44C977FBC818.jpeg","contentUrl":"https:\/\/www.radiomanchester.com.br\/fm\/wp-content\/uploads\/2022\/10\/EF3E1B09-4941-4AAC-9500-44C977FBC818.jpeg","width":1170,"height":700,"caption":"Entrevista do governador Ronaldo Caiado"},{"@type":"WebPage","@id":"https:\/\/www.radiomanchester.com.br\/fm\/ronaldo-caiado-e-releito-governador-de-goias\/#webpage","url":"https:\/\/www.radiomanchester.com.br\/fm\/ronaldo-caiado-e-releito-governador-de-goias\/","name":"Ronaldo Caiado \u00e9 releito governador de Goi\u00e1s - Manchester FM 93,3","isPartOf":{"@id":"https:\/\/www.radiomanchester.com.br\/fm\/#website"},"primaryImageOfPage":{"@id":"https:\/\/www.radiomanchester.com.br\/fm\/ronaldo-caiado-e-releito-governador-de-goias\/#primaryimage"},"datePublished":"2022-10-03T02:09:55+00:00","dateModified":"2022-10-03T02:09:58+00:00","author":{"@id":"https:\/\/www.radiomanchester.com.br\/fm\/#\/schema\/person\/408a7b4d4e32cbebd90e2782852abca3"},"breadcrumb":{"@id":"https:\/\/www.radiomanchester.com.br\/fm\/ronaldo-caiado-e-releito-governador-de-goias\/#breadcrumb"},"inLanguage":"pt-BR","potentialAction":[{"@type":"ReadAction","target":["https:\/\/www.radiomanchester.com.br\/fm\/ronaldo-caiado-e-releito-governador-de-goias\/"]}]},{"@type":"BreadcrumbList","@id":"https:\/\/www.radiomanchester.com.br\/fm\/ronaldo-caiado-e-releito-governador-de-goias\/#breadcrumb","itemListElement":[{"@type":"ListItem","position":1,"name":"Home","item":"https:\/\/www.radiomanchester.com.br\/fm\/"},{"@type":"ListItem","position":2,"name":"Ronaldo Caiado \u00e9 releito governador de Goi\u00e1s"}]},{"@type":"Person","@id":"https:\/\/www.radiomanchester.com.br\/fm\/#\/schema\/person\/408a7b4d4e32cbebd90e2782852abca3","name":"admin","image":{"@type":"ImageObject","@id":"https:\/\/www.radiomanchester.com.br\/fm\/#personlogo","inLanguage":"pt-BR","url":"https:\/\/secure.gravatar.com\/avatar\/115a974dba3376872eb3addeb276301c?s=96&d=mm&r=g","contentUrl":"https:\/\/secure.gravatar.com\/avatar\/115a974dba3376872eb3addeb276301c?s=96&d=mm&r=g","caption":"admin"},"url":"https:\/\/www.radiomanchester.com.br\/fm\/author\/admin\/"}]}},"_links":{"self":[{"href":"https:\/\/www.radiomanchester.com.br\/fm\/wp-json\/wp\/v2\/posts\/9300"}],"collection":[{"href":"https:\/\/www.radiomanchester.com.br\/fm\/wp-json\/wp\/v2\/posts"}],"about":[{"href":"https:\/\/www.radiomanchester.com.br\/fm\/wp-json\/wp\/v2\/types\/post"}],"author":[{"embeddable":true,"href":"https:\/\/www.radiomanchester.com.br\/fm\/wp-json\/wp\/v2\/users\/1"}],"replies":[{"embeddable":true,"href":"https:\/\/www.radiomanchester.com.br\/fm\/wp-json\/wp\/v2\/comments?post=9300"}],"version-history":[{"count":1,"href":"https:\/\/www.radiomanchester.com.br\/fm\/wp-json\/wp\/v2\/posts\/9300\/revisions"}],"predecessor-version":[{"id":9302,"href":"https:\/\/www.radiomanchester.com.br\/fm\/wp-json\/wp\/v2\/posts\/9300\/revisions\/9302"}],"wp:attachment":[{"href":"https:\/\/www.radiomanchester.com.br\/fm\/wp-json\/wp\/v2\/media?parent=9300"}],"wp:term":[{"taxonomy":"category","embeddable":true,"href":"https:\/\/www.radiomanchester.com.br\/fm\/wp-json\/wp\/v2\/categories?post=9300"},{"taxonomy":"post_tag","embeddable":true,"href":"https:\/\/www.radiomanchester.com.br\/fm\/wp-json\/wp\/v2\/tags?post=9300"}],"curies":[{"name":"wp","href":"https:\/\/api.w.org\/{rel}","templated":true}]}}