{"id":9304,"date":"2022-10-03T13:40:11","date_gmt":"2022-10-03T16:40:11","guid":{"rendered":"https:\/\/www.radiomanchester.com.br\/fm\/?p=9304"},"modified":"2022-10-03T13:40:15","modified_gmt":"2022-10-03T16:40:15","slug":"ibge-em-dois-meses-censo-entrevistou-mais-de-104-milhoes-de-pessoas","status":"publish","type":"post","link":"https:\/\/www.radiomanchester.com.br\/fm\/ibge-em-dois-meses-censo-entrevistou-mais-de-104-milhoes-de-pessoas\/","title":{"rendered":"IBGE: em dois meses, Censo entrevistou mais de 104 milh\u00f5es de pessoas"},"content":{"rendered":"\n<p><\/p>\n\n\n\n<p><strong><em>Total de pessoas entrevistadas corresponde a 49% da popula\u00e7\u00e3o estimada<\/em><\/strong><\/p>\n\n\n\n<hr class=\"wp-block-separator\"\/>\n\n\n\n<p>Desde o in\u00edcio da opera\u00e7\u00e3o do Censo Demogr\u00e1fico 2022, em 1\u00ba de agosto, foram recenseadas 104.445.750 pessoas, em 36.567.808 domic\u00edlios no pa\u00eds. Destas, 42% estavam na Regi\u00e3o Sudeste; 27% no Nordeste; 14,3% no Sul; 8,9% no Norte e 7,8% no Centro-Oeste. At\u00e9 o momento, 48% da popula\u00e7\u00e3o recenseada eram homens e 52%, mulheres.<\/p>\n\n\n\n<div style=\"height:100px\" aria-hidden=\"true\" class=\"wp-block-spacer\"><\/div>\n\n\n\n<p>Este \u00e9 o segundo balan\u00e7o da coleta do Censo, divulgado\u00a0hoje\u00a0(3\/10) pelo Instituto Brasileiro de Geografia e Estat\u00edstica (IBGE). \u201dEsse total de pessoas entrevistadas corresponde a 49% da popula\u00e7\u00e3o estimada do pa\u00eds\u201d, disse o gerente t\u00e9cnico do Censo, Luciano Duarte.<\/p>\n\n\n\n<div style=\"height:100px\" aria-hidden=\"true\" class=\"wp-block-spacer\"><\/div>\n\n\n\n<p>Segundo o IBGE, considerando os 452.246 setores censit\u00e1rios urbanos e rurais do pa\u00eds, 282.838 est\u00e3o sendo trabalhados (62,54% do total). O estado mais adiantado em termos de percentual de setores trabalhados \u00e9 Sergipe (80,78%), seguido por Rio Grande do Norte (79,69%) e Piau\u00ed (79,06%). J\u00e1 os estados de Mato Grosso (38,49%), Roraima (45,18%) e Acre (48,79%) s\u00e3o os com menor percentual de setores trabalhados. Al\u00e9m disso, 860.358 ind\u00edgenas (0,82% da popula\u00e7\u00e3o recenseada at\u00e9 agora) e 740.923 quilombolas (0,71%) j\u00e1 foram contados.<\/p>\n\n\n\n<div style=\"height:100px\" aria-hidden=\"true\" class=\"wp-block-spacer\"><\/div>\n\n\n\n<p>Luciano Duarte destacou ainda que cerca de 2,27% dos domic\u00edlios se recusaram a responder, percentual que\u00a0espera ser reduzido at\u00e9 o final da opera\u00e7\u00e3o, ap\u00f3s aplicados todos os protocolos de insist\u00eancia.<\/p>\n\n\n\n<div style=\"height:100px\" aria-hidden=\"true\" class=\"wp-block-spacer\"><\/div>\n\n\n\n<p>Em rela\u00e7\u00e3o ao tipo de question\u00e1rio, 88,2% dos domic\u00edlios responderam ao question\u00e1rio b\u00e1sico e 11,8% ao ampliado, percentual consistente com a amostra definida pelo instituto. O tempo m\u00e9dio de preenchimento tem sido de 6 minutos para o question\u00e1rio b\u00e1sico e de 16 minutos para o question\u00e1rio ampliado.<\/p>\n\n\n\n<div style=\"height:100px\" aria-hidden=\"true\" class=\"wp-block-spacer\"><\/div>\n\n\n\n<p>A maior parte dos question\u00e1rios (99,5%) foi respondida de forma presencial, sendo que 81.620 domic\u00edlios optaram por responder pela internet e 85.309 pelo telefone.<\/p>\n\n\n\n<div style=\"height:100px\" aria-hidden=\"true\" class=\"wp-block-spacer\"><\/div>\n\n\n\n<p>No\u00a0<a href=\"https:\/\/censo2022.ibge.gov.br\/acompanhamento-de-coleta.html\"><strong>site\u00a0do Censo 2022<\/strong><\/a>\u00a0\u00e9 poss\u00edvel acompanhar diariamente o total da popula\u00e7\u00e3o recenseada no pa\u00eds e a evolu\u00e7\u00e3o dos setores trabalhados por unidades da federa\u00e7\u00e3o.<\/p>\n\n\n\n<div style=\"height:100px\" aria-hidden=\"true\" class=\"wp-block-spacer\"><\/div>\n\n\n\n<p><strong>Novos recenseadores<\/strong><\/p>\n\n\n\n<p>O IBGE informou que est\u00e1 enfrentando dificuldades relativas \u00e0 falta de pessoal para atuar como recenseador em determinados locais. Em todo o pa\u00eds, o instituto conta com 95.448 recenseadores em a\u00e7\u00e3o, 52,2% do total de vagas dispon\u00edveis.<\/p>\n\n\n\n<div style=\"height:100px\" aria-hidden=\"true\" class=\"wp-block-spacer\"><\/div>\n\n\n\n<p>O estado com maior d\u00e9ficit de recenseadores \u00e9 o Mato Grosso, com 36,8% do n\u00famero de vagas ocupadas. J\u00e1 Sergipe est\u00e1 com 68,8% dos postos ocupados. \u201cEstamos pensando em novas estrat\u00e9gias e alternativas de recrutamento, a fim de alavancar e melhorar a produtividade nos estados com menor percentual de popula\u00e7\u00e3o recenseada\u201d, afirmou Duarte.<\/p>\n\n\n\n<div style=\"height:100px\" aria-hidden=\"true\" class=\"wp-block-spacer\"><\/div>\n\n\n\n<p>Os recenseadores estar\u00e3o sempre uniformizados, com o colete do IBGE, bon\u00e9 do Censo, crach\u00e1 de identifica\u00e7\u00e3o e o Dispositivo M\u00f3vel de Coleta (DMC). Al\u00e9m disso, \u00e9 poss\u00edvel confirmar a identidade do agente do IBGE no site Respondendo ao IBGE ou pelo telefone\u00a0<a href=\"tel:0800%20721%208181\"><strong>0800 721 8181<\/strong><\/a>. Ambos constam no crach\u00e1 do entrevistador, que tamb\u00e9m traz um QR code que leva \u00e0 \u00e1rea de identifica\u00e7\u00e3o no site. Para realizar a confirma\u00e7\u00e3o, deve-se fornecer o nome, matr\u00edcula ou CPF do recenseador.<\/p>\n\n\n\n<figure class=\"wp-block-image size-medium\"><img loading=\"lazy\" width=\"300\" height=\"179\" src=\"https:\/\/www.radiomanchester.com.br\/fm\/wp-content\/uploads\/2022\/10\/2ACD32F7-F184-4DEA-85D9-ACC0D64E0ABE-300x179.jpeg\" alt=\"\" class=\"wp-image-9305\" srcset=\"https:\/\/www.radiomanchester.com.br\/fm\/wp-content\/uploads\/2022\/10\/2ACD32F7-F184-4DEA-85D9-ACC0D64E0ABE-300x179.jpeg 300w, https:\/\/www.radiomanchester.com.br\/fm\/wp-content\/uploads\/2022\/10\/2ACD32F7-F184-4DEA-85D9-ACC0D64E0ABE-1024x613.jpeg 1024w, https:\/\/www.radiomanchester.com.br\/fm\/wp-content\/uploads\/2022\/10\/2ACD32F7-F184-4DEA-85D9-ACC0D64E0ABE-768x459.jpeg 768w, https:\/\/www.radiomanchester.com.br\/fm\/wp-content\/uploads\/2022\/10\/2ACD32F7-F184-4DEA-85D9-ACC0D64E0ABE.jpeg 1170w\" sizes=\"(max-width: 300px) 100vw, 300px\" \/><figcaption>O recenseador, Patrick Emanuel Miranda, durante sua primeiras sa\u00edda para entrevistar a popula\u00e7\u00e3o para o censo demogr\u00e1fico 2022, na regi\u00e3o central do Rio.<\/figcaption><\/figure>\n\n\n\n<p>Por Ag\u00eancia Brasil &#8211; foto: Ag\u00eancia Brasil<\/p>\n","protected":false},"excerpt":{"rendered":"<p class=\"excerpt\">Total de pessoas entrevistadas corresponde a 49% da popula\u00e7\u00e3o estimada Desde o in\u00edcio da opera\u00e7\u00e3o do Censo Demogr\u00e1fico 2022, em 1\u00ba de agosto, foram recenseadas 104.445.750 pessoas, em 36.567.808 domic\u00edlios no pa\u00eds. Destas, 42% estavam na Regi\u00e3o Sudeste; 27% no Nordeste; 14,3% no Sul; 8,9% no Norte e 7,8% no Centro-Oeste. At\u00e9 o momento, 48% [&hellip;]<\/p>\n","protected":false},"author":1,"featured_media":0,"comment_status":"open","ping_status":"open","sticky":false,"template":"","format":"standard","meta":[],"categories":[8,17],"tags":[22,24,113,83,92],"yoast_head":"<!-- This site is optimized with the Yoast SEO plugin v18.3 - https:\/\/yoast.com\/wordpress\/plugins\/seo\/ -->\n<title>IBGE: em dois meses, Censo entrevistou mais de 104 milh\u00f5es de pessoas - Manchester FM 93,3<\/title>\n<meta name=\"robots\" content=\"index, follow, max-snippet:-1, max-image-preview:large, max-video-preview:-1\" \/>\n<link rel=\"canonical\" href=\"https:\/\/www.radiomanchester.com.br\/fm\/ibge-em-dois-meses-censo-entrevistou-mais-de-104-milhoes-de-pessoas\/\" \/>\n<meta property=\"og:locale\" content=\"pt_BR\" \/>\n<meta property=\"og:type\" content=\"article\" \/>\n<meta property=\"og:title\" content=\"IBGE: em dois meses, Censo entrevistou mais de 104 milh\u00f5es de pessoas - Manchester FM 93,3\" \/>\n<meta property=\"og:description\" content=\"Total de pessoas entrevistadas corresponde a 49% da popula\u00e7\u00e3o estimada Desde o in\u00edcio da opera\u00e7\u00e3o do Censo Demogr\u00e1fico 2022, em 1\u00ba de agosto, foram recenseadas 104.445.750 pessoas, em 36.567.808 domic\u00edlios no pa\u00eds. Destas, 42% estavam na Regi\u00e3o Sudeste; 27% no Nordeste; 14,3% no Sul; 8,9% no Norte e 7,8% no Centro-Oeste. At\u00e9 o momento, 48% [&hellip;]\" \/>\n<meta property=\"og:url\" content=\"https:\/\/www.radiomanchester.com.br\/fm\/ibge-em-dois-meses-censo-entrevistou-mais-de-104-milhoes-de-pessoas\/\" \/>\n<meta property=\"og:site_name\" content=\"Manchester FM 93,3\" \/>\n<meta property=\"article:published_time\" content=\"2022-10-03T16:40:11+00:00\" \/>\n<meta property=\"article:modified_time\" content=\"2022-10-03T16:40:15+00:00\" \/>\n<meta property=\"og:image\" content=\"https:\/\/www.radiomanchester.com.br\/fm\/wp-content\/uploads\/2022\/10\/2ACD32F7-F184-4DEA-85D9-ACC0D64E0ABE-300x179.jpeg\" \/>\n<meta name=\"twitter:card\" content=\"summary_large_image\" \/>\n<meta name=\"twitter:label1\" content=\"Escrito por\" \/>\n\t<meta name=\"twitter:data1\" content=\"admin\" \/>\n\t<meta name=\"twitter:label2\" content=\"Est. tempo de leitura\" \/>\n\t<meta name=\"twitter:data2\" content=\"4 minutos\" \/>\n<script type=\"application\/ld+json\" class=\"yoast-schema-graph\">{\"@context\":\"https:\/\/schema.org\",\"@graph\":[{\"@type\":\"WebSite\",\"@id\":\"https:\/\/www.radiomanchester.com.br\/fm\/#website\",\"url\":\"https:\/\/www.radiomanchester.com.br\/fm\/\",\"name\":\"Manchester FM 93,3\",\"description\":\"Todo Mundo Ouve!\",\"potentialAction\":[{\"@type\":\"SearchAction\",\"target\":{\"@type\":\"EntryPoint\",\"urlTemplate\":\"https:\/\/www.radiomanchester.com.br\/fm\/?s={search_term_string}\"},\"query-input\":\"required name=search_term_string\"}],\"inLanguage\":\"pt-BR\"},{\"@type\":\"ImageObject\",\"@id\":\"https:\/\/www.radiomanchester.com.br\/fm\/ibge-em-dois-meses-censo-entrevistou-mais-de-104-milhoes-de-pessoas\/#primaryimage\",\"inLanguage\":\"pt-BR\",\"url\":\"https:\/\/www.radiomanchester.com.br\/fm\/wp-content\/uploads\/2022\/10\/2ACD32F7-F184-4DEA-85D9-ACC0D64E0ABE-300x179.jpeg\",\"contentUrl\":\"https:\/\/www.radiomanchester.com.br\/fm\/wp-content\/uploads\/2022\/10\/2ACD32F7-F184-4DEA-85D9-ACC0D64E0ABE-300x179.jpeg\"},{\"@type\":\"WebPage\",\"@id\":\"https:\/\/www.radiomanchester.com.br\/fm\/ibge-em-dois-meses-censo-entrevistou-mais-de-104-milhoes-de-pessoas\/#webpage\",\"url\":\"https:\/\/www.radiomanchester.com.br\/fm\/ibge-em-dois-meses-censo-entrevistou-mais-de-104-milhoes-de-pessoas\/\",\"name\":\"IBGE: em dois meses, Censo entrevistou mais de 104 milh\u00f5es de pessoas - Manchester FM 93,3\",\"isPartOf\":{\"@id\":\"https:\/\/www.radiomanchester.com.br\/fm\/#website\"},\"primaryImageOfPage\":{\"@id\":\"https:\/\/www.radiomanchester.com.br\/fm\/ibge-em-dois-meses-censo-entrevistou-mais-de-104-milhoes-de-pessoas\/#primaryimage\"},\"datePublished\":\"2022-10-03T16:40:11+00:00\",\"dateModified\":\"2022-10-03T16:40:15+00:00\",\"author\":{\"@id\":\"https:\/\/www.radiomanchester.com.br\/fm\/#\/schema\/person\/408a7b4d4e32cbebd90e2782852abca3\"},\"breadcrumb\":{\"@id\":\"https:\/\/www.radiomanchester.com.br\/fm\/ibge-em-dois-meses-censo-entrevistou-mais-de-104-milhoes-de-pessoas\/#breadcrumb\"},\"inLanguage\":\"pt-BR\",\"potentialAction\":[{\"@type\":\"ReadAction\",\"target\":[\"https:\/\/www.radiomanchester.com.br\/fm\/ibge-em-dois-meses-censo-entrevistou-mais-de-104-milhoes-de-pessoas\/\"]}]},{\"@type\":\"BreadcrumbList\",\"@id\":\"https:\/\/www.radiomanchester.com.br\/fm\/ibge-em-dois-meses-censo-entrevistou-mais-de-104-milhoes-de-pessoas\/#breadcrumb\",\"itemListElement\":[{\"@type\":\"ListItem\",\"position\":1,\"name\":\"Home\",\"item\":\"https:\/\/www.radiomanchester.com.br\/fm\/\"},{\"@type\":\"ListItem\",\"position\":2,\"name\":\"IBGE: em dois meses, Censo entrevistou mais de 104 milh\u00f5es de pessoas\"}]},{\"@type\":\"Person\",\"@id\":\"https:\/\/www.radiomanchester.com.br\/fm\/#\/schema\/person\/408a7b4d4e32cbebd90e2782852abca3\",\"name\":\"admin\",\"image\":{\"@type\":\"ImageObject\",\"@id\":\"https:\/\/www.radiomanchester.com.br\/fm\/#personlogo\",\"inLanguage\":\"pt-BR\",\"url\":\"https:\/\/secure.gravatar.com\/avatar\/115a974dba3376872eb3addeb276301c?s=96&d=mm&r=g\",\"contentUrl\":\"https:\/\/secure.gravatar.com\/avatar\/115a974dba3376872eb3addeb276301c?s=96&d=mm&r=g\",\"caption\":\"admin\"},\"url\":\"https:\/\/www.radiomanchester.com.br\/fm\/author\/admin\/\"}]}<\/script>\n<!-- \/ Yoast SEO plugin. -->","yoast_head_json":{"title":"IBGE: em dois meses, Censo entrevistou mais de 104 milh\u00f5es de pessoas - Manchester FM 93,3","robots":{"index":"index","follow":"follow","max-snippet":"max-snippet:-1","max-image-preview":"max-image-preview:large","max-video-preview":"max-video-preview:-1"},"canonical":"https:\/\/www.radiomanchester.com.br\/fm\/ibge-em-dois-meses-censo-entrevistou-mais-de-104-milhoes-de-pessoas\/","og_locale":"pt_BR","og_type":"article","og_title":"IBGE: em dois meses, Censo entrevistou mais de 104 milh\u00f5es de pessoas - Manchester FM 93,3","og_description":"Total de pessoas entrevistadas corresponde a 49% da popula\u00e7\u00e3o estimada Desde o in\u00edcio da opera\u00e7\u00e3o do Censo Demogr\u00e1fico 2022, em 1\u00ba de agosto, foram recenseadas 104.445.750 pessoas, em 36.567.808 domic\u00edlios no pa\u00eds. Destas, 42% estavam na Regi\u00e3o Sudeste; 27% no Nordeste; 14,3% no Sul; 8,9% no Norte e 7,8% no Centro-Oeste. At\u00e9 o momento, 48% [&hellip;]","og_url":"https:\/\/www.radiomanchester.com.br\/fm\/ibge-em-dois-meses-censo-entrevistou-mais-de-104-milhoes-de-pessoas\/","og_site_name":"Manchester FM 93,3","article_published_time":"2022-10-03T16:40:11+00:00","article_modified_time":"2022-10-03T16:40:15+00:00","og_image":[{"url":"https:\/\/www.radiomanchester.com.br\/fm\/wp-content\/uploads\/2022\/10\/2ACD32F7-F184-4DEA-85D9-ACC0D64E0ABE-300x179.jpeg"}],"twitter_card":"summary_large_image","twitter_misc":{"Escrito por":"admin","Est. tempo de leitura":"4 minutos"},"schema":{"@context":"https:\/\/schema.org","@graph":[{"@type":"WebSite","@id":"https:\/\/www.radiomanchester.com.br\/fm\/#website","url":"https:\/\/www.radiomanchester.com.br\/fm\/","name":"Manchester FM 93,3","description":"Todo Mundo Ouve!","potentialAction":[{"@type":"SearchAction","target":{"@type":"EntryPoint","urlTemplate":"https:\/\/www.radiomanchester.com.br\/fm\/?s={search_term_string}"},"query-input":"required name=search_term_string"}],"inLanguage":"pt-BR"},{"@type":"ImageObject","@id":"https:\/\/www.radiomanchester.com.br\/fm\/ibge-em-dois-meses-censo-entrevistou-mais-de-104-milhoes-de-pessoas\/#primaryimage","inLanguage":"pt-BR","url":"https:\/\/www.radiomanchester.com.br\/fm\/wp-content\/uploads\/2022\/10\/2ACD32F7-F184-4DEA-85D9-ACC0D64E0ABE-300x179.jpeg","contentUrl":"https:\/\/www.radiomanchester.com.br\/fm\/wp-content\/uploads\/2022\/10\/2ACD32F7-F184-4DEA-85D9-ACC0D64E0ABE-300x179.jpeg"},{"@type":"WebPage","@id":"https:\/\/www.radiomanchester.com.br\/fm\/ibge-em-dois-meses-censo-entrevistou-mais-de-104-milhoes-de-pessoas\/#webpage","url":"https:\/\/www.radiomanchester.com.br\/fm\/ibge-em-dois-meses-censo-entrevistou-mais-de-104-milhoes-de-pessoas\/","name":"IBGE: em dois meses, Censo entrevistou mais de 104 milh\u00f5es de pessoas - Manchester FM 93,3","isPartOf":{"@id":"https:\/\/www.radiomanchester.com.br\/fm\/#website"},"primaryImageOfPage":{"@id":"https:\/\/www.radiomanchester.com.br\/fm\/ibge-em-dois-meses-censo-entrevistou-mais-de-104-milhoes-de-pessoas\/#primaryimage"},"datePublished":"2022-10-03T16:40:11+00:00","dateModified":"2022-10-03T16:40:15+00:00","author":{"@id":"https:\/\/www.radiomanchester.com.br\/fm\/#\/schema\/person\/408a7b4d4e32cbebd90e2782852abca3"},"breadcrumb":{"@id":"https:\/\/www.radiomanchester.com.br\/fm\/ibge-em-dois-meses-censo-entrevistou-mais-de-104-milhoes-de-pessoas\/#breadcrumb"},"inLanguage":"pt-BR","potentialAction":[{"@type":"ReadAction","target":["https:\/\/www.radiomanchester.com.br\/fm\/ibge-em-dois-meses-censo-entrevistou-mais-de-104-milhoes-de-pessoas\/"]}]},{"@type":"BreadcrumbList","@id":"https:\/\/www.radiomanchester.com.br\/fm\/ibge-em-dois-meses-censo-entrevistou-mais-de-104-milhoes-de-pessoas\/#breadcrumb","itemListElement":[{"@type":"ListItem","position":1,"name":"Home","item":"https:\/\/www.radiomanchester.com.br\/fm\/"},{"@type":"ListItem","position":2,"name":"IBGE: em dois meses, Censo entrevistou mais de 104 milh\u00f5es de pessoas"}]},{"@type":"Person","@id":"https:\/\/www.radiomanchester.com.br\/fm\/#\/schema\/person\/408a7b4d4e32cbebd90e2782852abca3","name":"admin","image":{"@type":"ImageObject","@id":"https:\/\/www.radiomanchester.com.br\/fm\/#personlogo","inLanguage":"pt-BR","url":"https:\/\/secure.gravatar.com\/avatar\/115a974dba3376872eb3addeb276301c?s=96&d=mm&r=g","contentUrl":"https:\/\/secure.gravatar.com\/avatar\/115a974dba3376872eb3addeb276301c?s=96&d=mm&r=g","caption":"admin"},"url":"https:\/\/www.radiomanchester.com.br\/fm\/author\/admin\/"}]}},"_links":{"self":[{"href":"https:\/\/www.radiomanchester.com.br\/fm\/wp-json\/wp\/v2\/posts\/9304"}],"collection":[{"href":"https:\/\/www.radiomanchester.com.br\/fm\/wp-json\/wp\/v2\/posts"}],"about":[{"href":"https:\/\/www.radiomanchester.com.br\/fm\/wp-json\/wp\/v2\/types\/post"}],"author":[{"embeddable":true,"href":"https:\/\/www.radiomanchester.com.br\/fm\/wp-json\/wp\/v2\/users\/1"}],"replies":[{"embeddable":true,"href":"https:\/\/www.radiomanchester.com.br\/fm\/wp-json\/wp\/v2\/comments?post=9304"}],"version-history":[{"count":1,"href":"https:\/\/www.radiomanchester.com.br\/fm\/wp-json\/wp\/v2\/posts\/9304\/revisions"}],"predecessor-version":[{"id":9306,"href":"https:\/\/www.radiomanchester.com.br\/fm\/wp-json\/wp\/v2\/posts\/9304\/revisions\/9306"}],"wp:attachment":[{"href":"https:\/\/www.radiomanchester.com.br\/fm\/wp-json\/wp\/v2\/media?parent=9304"}],"wp:term":[{"taxonomy":"category","embeddable":true,"href":"https:\/\/www.radiomanchester.com.br\/fm\/wp-json\/wp\/v2\/categories?post=9304"},{"taxonomy":"post_tag","embeddable":true,"href":"https:\/\/www.radiomanchester.com.br\/fm\/wp-json\/wp\/v2\/tags?post=9304"}],"curies":[{"name":"wp","href":"https:\/\/api.w.org\/{rel}","templated":true}]}}