{"id":9335,"date":"2022-10-06T11:00:00","date_gmt":"2022-10-06T14:00:00","guid":{"rendered":"https:\/\/www.radiomanchester.com.br\/fm\/?p=9335"},"modified":"2022-10-05T23:15:24","modified_gmt":"2022-10-06T02:15:24","slug":"coleta-do-censo-2022-e-prorrogada-ate-dezembro","status":"publish","type":"post","link":"https:\/\/www.radiomanchester.com.br\/fm\/coleta-do-censo-2022-e-prorrogada-ate-dezembro\/","title":{"rendered":"Coleta do Censo 2022 \u00e9 prorrogada at\u00e9 dezembro"},"content":{"rendered":"\n<p><\/p>\n\n\n\n<p><strong><em>Previs\u00e3o inicial era encerrar em\u00a031 de outubro<\/em><\/strong><\/p>\n\n\n\n<hr class=\"wp-block-separator\"\/>\n\n\n\n<p>O Instituto Brasileiro de Geografia e Estat\u00edstica (IBGE) decidiu prorrogar, at\u00e9 o in\u00edcio\u00a0de dezembro, o prazo de coleta de informa\u00e7\u00f5es para o Censo 2022. A previs\u00e3o inicial era encerrar os trabalhos at\u00e9\u00a031 de outubro\u00a0deste ano. O instituto manteve, no entanto, a previs\u00e3o de divulgar os dados do censo at\u00e9 o fim\u00a0de dezembro.<\/p>\n\n\n\n<div style=\"height:100px\" aria-hidden=\"true\" class=\"wp-block-spacer\"><\/div>\n\n\n\n<p>Segundo o diretor de Pesquisas do IBGE, Cimar Azeredo, apenas cerca de metade da popula\u00e7\u00e3o estimada do Brasil foi recenseada de 1\u00ba de agosto at\u00e9 agora, por isso decidiu-se prorrogar o prazo dos trabalhos.<\/p>\n\n\n\n<div style=\"height:100px\" aria-hidden=\"true\" class=\"wp-block-spacer\"><\/div>\n\n\n\n<p>\u201cA grande dificuldade que se encontrou foi de recrutamento de recenseadores, portanto o IBGE est\u00e1 tomando decis\u00f5es importantes para aumentar a possibilidade de recrutamento e concluir, com isso, a opera\u00e7\u00e3o do Censo Demogr\u00e1fico 2022\u201d, disse Azeredo, em v\u00eddeo divulgado\u00a0nesta ter\u00e7a, dia 4 de outubro no\u00a0<a href=\"https:\/\/www.ibge.gov.br\/\"><strong>site do IBGE<\/strong><\/a>.<\/p>\n\n\n\n<div style=\"height:100px\" aria-hidden=\"true\" class=\"wp-block-spacer\"><\/div>\n\n\n\n<p>No v\u00eddeo, o diretor de Pesquisas tamb\u00e9m pediu ajuda aos prefeitos do pa\u00eds para garantir o sucesso das opera\u00e7\u00f5es do censo.<\/p>\n\n\n\n<figure class=\"wp-block-image size-medium\"><img loading=\"lazy\" width=\"300\" height=\"179\" src=\"https:\/\/www.radiomanchester.com.br\/fm\/wp-content\/uploads\/2022\/10\/2E20B1A0-DBB7-443E-8D57-F82B05849B65-300x179.jpeg\" alt=\"\" class=\"wp-image-9336\" srcset=\"https:\/\/www.radiomanchester.com.br\/fm\/wp-content\/uploads\/2022\/10\/2E20B1A0-DBB7-443E-8D57-F82B05849B65-300x179.jpeg 300w, https:\/\/www.radiomanchester.com.br\/fm\/wp-content\/uploads\/2022\/10\/2E20B1A0-DBB7-443E-8D57-F82B05849B65-1024x613.jpeg 1024w, https:\/\/www.radiomanchester.com.br\/fm\/wp-content\/uploads\/2022\/10\/2E20B1A0-DBB7-443E-8D57-F82B05849B65-768x459.jpeg 768w, https:\/\/www.radiomanchester.com.br\/fm\/wp-content\/uploads\/2022\/10\/2E20B1A0-DBB7-443E-8D57-F82B05849B65.jpeg 1170w\" sizes=\"(max-width: 300px) 100vw, 300px\" \/><\/figure>\n\n\n\n<p>Por Ag\u00eancia Brasil &#8211; foto: Ag\u00eancia Brasil&nbsp;&nbsp;<\/p>\n","protected":false},"excerpt":{"rendered":"<p class=\"excerpt\">Previs\u00e3o inicial era encerrar em\u00a031 de outubro O Instituto Brasileiro de Geografia e Estat\u00edstica (IBGE) decidiu prorrogar, at\u00e9 o in\u00edcio\u00a0de dezembro, o prazo de coleta de informa\u00e7\u00f5es para o Censo 2022. A previs\u00e3o inicial era encerrar os trabalhos at\u00e9\u00a031 de outubro\u00a0deste ano. O instituto manteve, no entanto, a previs\u00e3o de divulgar os dados do censo [&hellip;]<\/p>\n","protected":false},"author":1,"featured_media":0,"comment_status":"open","ping_status":"open","sticky":false,"template":"","format":"standard","meta":[],"categories":[8,17],"tags":[22,113,83,92],"yoast_head":"<!-- This site is optimized with the Yoast SEO plugin v18.3 - https:\/\/yoast.com\/wordpress\/plugins\/seo\/ -->\n<title>Coleta do Censo 2022 \u00e9 prorrogada at\u00e9 dezembro - Manchester FM 93,3<\/title>\n<meta name=\"robots\" content=\"index, follow, max-snippet:-1, max-image-preview:large, max-video-preview:-1\" \/>\n<link rel=\"canonical\" href=\"https:\/\/www.radiomanchester.com.br\/fm\/coleta-do-censo-2022-e-prorrogada-ate-dezembro\/\" \/>\n<meta property=\"og:locale\" content=\"pt_BR\" \/>\n<meta property=\"og:type\" content=\"article\" \/>\n<meta property=\"og:title\" content=\"Coleta do Censo 2022 \u00e9 prorrogada at\u00e9 dezembro - Manchester FM 93,3\" \/>\n<meta property=\"og:description\" content=\"Previs\u00e3o inicial era encerrar em\u00a031 de outubro O Instituto Brasileiro de Geografia e Estat\u00edstica (IBGE) decidiu prorrogar, at\u00e9 o in\u00edcio\u00a0de dezembro, o prazo de coleta de informa\u00e7\u00f5es para o Censo 2022. A previs\u00e3o inicial era encerrar os trabalhos at\u00e9\u00a031 de outubro\u00a0deste ano. O instituto manteve, no entanto, a previs\u00e3o de divulgar os dados do censo [&hellip;]\" \/>\n<meta property=\"og:url\" content=\"https:\/\/www.radiomanchester.com.br\/fm\/coleta-do-censo-2022-e-prorrogada-ate-dezembro\/\" \/>\n<meta property=\"og:site_name\" content=\"Manchester FM 93,3\" \/>\n<meta property=\"article:published_time\" content=\"2022-10-06T14:00:00+00:00\" \/>\n<meta property=\"article:modified_time\" content=\"2022-10-06T02:15:24+00:00\" \/>\n<meta property=\"og:image\" content=\"https:\/\/www.radiomanchester.com.br\/fm\/wp-content\/uploads\/2022\/10\/2E20B1A0-DBB7-443E-8D57-F82B05849B65-300x179.jpeg\" \/>\n<meta name=\"twitter:card\" content=\"summary_large_image\" \/>\n<meta name=\"twitter:label1\" content=\"Escrito por\" \/>\n\t<meta name=\"twitter:data1\" content=\"admin\" \/>\n\t<meta name=\"twitter:label2\" content=\"Est. tempo de leitura\" \/>\n\t<meta name=\"twitter:data2\" content=\"2 minutos\" \/>\n<script type=\"application\/ld+json\" class=\"yoast-schema-graph\">{\"@context\":\"https:\/\/schema.org\",\"@graph\":[{\"@type\":\"WebSite\",\"@id\":\"https:\/\/www.radiomanchester.com.br\/fm\/#website\",\"url\":\"https:\/\/www.radiomanchester.com.br\/fm\/\",\"name\":\"Manchester FM 93,3\",\"description\":\"Todo Mundo Ouve!\",\"potentialAction\":[{\"@type\":\"SearchAction\",\"target\":{\"@type\":\"EntryPoint\",\"urlTemplate\":\"https:\/\/www.radiomanchester.com.br\/fm\/?s={search_term_string}\"},\"query-input\":\"required name=search_term_string\"}],\"inLanguage\":\"pt-BR\"},{\"@type\":\"ImageObject\",\"@id\":\"https:\/\/www.radiomanchester.com.br\/fm\/coleta-do-censo-2022-e-prorrogada-ate-dezembro\/#primaryimage\",\"inLanguage\":\"pt-BR\",\"url\":\"https:\/\/www.radiomanchester.com.br\/fm\/wp-content\/uploads\/2022\/10\/2E20B1A0-DBB7-443E-8D57-F82B05849B65.jpeg\",\"contentUrl\":\"https:\/\/www.radiomanchester.com.br\/fm\/wp-content\/uploads\/2022\/10\/2E20B1A0-DBB7-443E-8D57-F82B05849B65.jpeg\",\"width\":1170,\"height\":700},{\"@type\":\"WebPage\",\"@id\":\"https:\/\/www.radiomanchester.com.br\/fm\/coleta-do-censo-2022-e-prorrogada-ate-dezembro\/#webpage\",\"url\":\"https:\/\/www.radiomanchester.com.br\/fm\/coleta-do-censo-2022-e-prorrogada-ate-dezembro\/\",\"name\":\"Coleta do Censo 2022 \u00e9 prorrogada at\u00e9 dezembro - Manchester FM 93,3\",\"isPartOf\":{\"@id\":\"https:\/\/www.radiomanchester.com.br\/fm\/#website\"},\"primaryImageOfPage\":{\"@id\":\"https:\/\/www.radiomanchester.com.br\/fm\/coleta-do-censo-2022-e-prorrogada-ate-dezembro\/#primaryimage\"},\"datePublished\":\"2022-10-06T14:00:00+00:00\",\"dateModified\":\"2022-10-06T02:15:24+00:00\",\"author\":{\"@id\":\"https:\/\/www.radiomanchester.com.br\/fm\/#\/schema\/person\/408a7b4d4e32cbebd90e2782852abca3\"},\"breadcrumb\":{\"@id\":\"https:\/\/www.radiomanchester.com.br\/fm\/coleta-do-censo-2022-e-prorrogada-ate-dezembro\/#breadcrumb\"},\"inLanguage\":\"pt-BR\",\"potentialAction\":[{\"@type\":\"ReadAction\",\"target\":[\"https:\/\/www.radiomanchester.com.br\/fm\/coleta-do-censo-2022-e-prorrogada-ate-dezembro\/\"]}]},{\"@type\":\"BreadcrumbList\",\"@id\":\"https:\/\/www.radiomanchester.com.br\/fm\/coleta-do-censo-2022-e-prorrogada-ate-dezembro\/#breadcrumb\",\"itemListElement\":[{\"@type\":\"ListItem\",\"position\":1,\"name\":\"Home\",\"item\":\"https:\/\/www.radiomanchester.com.br\/fm\/\"},{\"@type\":\"ListItem\",\"position\":2,\"name\":\"Coleta do Censo 2022 \u00e9 prorrogada at\u00e9 dezembro\"}]},{\"@type\":\"Person\",\"@id\":\"https:\/\/www.radiomanchester.com.br\/fm\/#\/schema\/person\/408a7b4d4e32cbebd90e2782852abca3\",\"name\":\"admin\",\"image\":{\"@type\":\"ImageObject\",\"@id\":\"https:\/\/www.radiomanchester.com.br\/fm\/#personlogo\",\"inLanguage\":\"pt-BR\",\"url\":\"https:\/\/secure.gravatar.com\/avatar\/115a974dba3376872eb3addeb276301c?s=96&d=mm&r=g\",\"contentUrl\":\"https:\/\/secure.gravatar.com\/avatar\/115a974dba3376872eb3addeb276301c?s=96&d=mm&r=g\",\"caption\":\"admin\"},\"url\":\"https:\/\/www.radiomanchester.com.br\/fm\/author\/admin\/\"}]}<\/script>\n<!-- \/ Yoast SEO plugin. -->","yoast_head_json":{"title":"Coleta do Censo 2022 \u00e9 prorrogada at\u00e9 dezembro - Manchester FM 93,3","robots":{"index":"index","follow":"follow","max-snippet":"max-snippet:-1","max-image-preview":"max-image-preview:large","max-video-preview":"max-video-preview:-1"},"canonical":"https:\/\/www.radiomanchester.com.br\/fm\/coleta-do-censo-2022-e-prorrogada-ate-dezembro\/","og_locale":"pt_BR","og_type":"article","og_title":"Coleta do Censo 2022 \u00e9 prorrogada at\u00e9 dezembro - Manchester FM 93,3","og_description":"Previs\u00e3o inicial era encerrar em\u00a031 de outubro O Instituto Brasileiro de Geografia e Estat\u00edstica (IBGE) decidiu prorrogar, at\u00e9 o in\u00edcio\u00a0de dezembro, o prazo de coleta de informa\u00e7\u00f5es para o Censo 2022. A previs\u00e3o inicial era encerrar os trabalhos at\u00e9\u00a031 de outubro\u00a0deste ano. O instituto manteve, no entanto, a previs\u00e3o de divulgar os dados do censo [&hellip;]","og_url":"https:\/\/www.radiomanchester.com.br\/fm\/coleta-do-censo-2022-e-prorrogada-ate-dezembro\/","og_site_name":"Manchester FM 93,3","article_published_time":"2022-10-06T14:00:00+00:00","article_modified_time":"2022-10-06T02:15:24+00:00","og_image":[{"url":"https:\/\/www.radiomanchester.com.br\/fm\/wp-content\/uploads\/2022\/10\/2E20B1A0-DBB7-443E-8D57-F82B05849B65-300x179.jpeg"}],"twitter_card":"summary_large_image","twitter_misc":{"Escrito por":"admin","Est. tempo de leitura":"2 minutos"},"schema":{"@context":"https:\/\/schema.org","@graph":[{"@type":"WebSite","@id":"https:\/\/www.radiomanchester.com.br\/fm\/#website","url":"https:\/\/www.radiomanchester.com.br\/fm\/","name":"Manchester FM 93,3","description":"Todo Mundo Ouve!","potentialAction":[{"@type":"SearchAction","target":{"@type":"EntryPoint","urlTemplate":"https:\/\/www.radiomanchester.com.br\/fm\/?s={search_term_string}"},"query-input":"required name=search_term_string"}],"inLanguage":"pt-BR"},{"@type":"ImageObject","@id":"https:\/\/www.radiomanchester.com.br\/fm\/coleta-do-censo-2022-e-prorrogada-ate-dezembro\/#primaryimage","inLanguage":"pt-BR","url":"https:\/\/www.radiomanchester.com.br\/fm\/wp-content\/uploads\/2022\/10\/2E20B1A0-DBB7-443E-8D57-F82B05849B65.jpeg","contentUrl":"https:\/\/www.radiomanchester.com.br\/fm\/wp-content\/uploads\/2022\/10\/2E20B1A0-DBB7-443E-8D57-F82B05849B65.jpeg","width":1170,"height":700},{"@type":"WebPage","@id":"https:\/\/www.radiomanchester.com.br\/fm\/coleta-do-censo-2022-e-prorrogada-ate-dezembro\/#webpage","url":"https:\/\/www.radiomanchester.com.br\/fm\/coleta-do-censo-2022-e-prorrogada-ate-dezembro\/","name":"Coleta do Censo 2022 \u00e9 prorrogada at\u00e9 dezembro - Manchester FM 93,3","isPartOf":{"@id":"https:\/\/www.radiomanchester.com.br\/fm\/#website"},"primaryImageOfPage":{"@id":"https:\/\/www.radiomanchester.com.br\/fm\/coleta-do-censo-2022-e-prorrogada-ate-dezembro\/#primaryimage"},"datePublished":"2022-10-06T14:00:00+00:00","dateModified":"2022-10-06T02:15:24+00:00","author":{"@id":"https:\/\/www.radiomanchester.com.br\/fm\/#\/schema\/person\/408a7b4d4e32cbebd90e2782852abca3"},"breadcrumb":{"@id":"https:\/\/www.radiomanchester.com.br\/fm\/coleta-do-censo-2022-e-prorrogada-ate-dezembro\/#breadcrumb"},"inLanguage":"pt-BR","potentialAction":[{"@type":"ReadAction","target":["https:\/\/www.radiomanchester.com.br\/fm\/coleta-do-censo-2022-e-prorrogada-ate-dezembro\/"]}]},{"@type":"BreadcrumbList","@id":"https:\/\/www.radiomanchester.com.br\/fm\/coleta-do-censo-2022-e-prorrogada-ate-dezembro\/#breadcrumb","itemListElement":[{"@type":"ListItem","position":1,"name":"Home","item":"https:\/\/www.radiomanchester.com.br\/fm\/"},{"@type":"ListItem","position":2,"name":"Coleta do Censo 2022 \u00e9 prorrogada at\u00e9 dezembro"}]},{"@type":"Person","@id":"https:\/\/www.radiomanchester.com.br\/fm\/#\/schema\/person\/408a7b4d4e32cbebd90e2782852abca3","name":"admin","image":{"@type":"ImageObject","@id":"https:\/\/www.radiomanchester.com.br\/fm\/#personlogo","inLanguage":"pt-BR","url":"https:\/\/secure.gravatar.com\/avatar\/115a974dba3376872eb3addeb276301c?s=96&d=mm&r=g","contentUrl":"https:\/\/secure.gravatar.com\/avatar\/115a974dba3376872eb3addeb276301c?s=96&d=mm&r=g","caption":"admin"},"url":"https:\/\/www.radiomanchester.com.br\/fm\/author\/admin\/"}]}},"_links":{"self":[{"href":"https:\/\/www.radiomanchester.com.br\/fm\/wp-json\/wp\/v2\/posts\/9335"}],"collection":[{"href":"https:\/\/www.radiomanchester.com.br\/fm\/wp-json\/wp\/v2\/posts"}],"about":[{"href":"https:\/\/www.radiomanchester.com.br\/fm\/wp-json\/wp\/v2\/types\/post"}],"author":[{"embeddable":true,"href":"https:\/\/www.radiomanchester.com.br\/fm\/wp-json\/wp\/v2\/users\/1"}],"replies":[{"embeddable":true,"href":"https:\/\/www.radiomanchester.com.br\/fm\/wp-json\/wp\/v2\/comments?post=9335"}],"version-history":[{"count":1,"href":"https:\/\/www.radiomanchester.com.br\/fm\/wp-json\/wp\/v2\/posts\/9335\/revisions"}],"predecessor-version":[{"id":9337,"href":"https:\/\/www.radiomanchester.com.br\/fm\/wp-json\/wp\/v2\/posts\/9335\/revisions\/9337"}],"wp:attachment":[{"href":"https:\/\/www.radiomanchester.com.br\/fm\/wp-json\/wp\/v2\/media?parent=9335"}],"wp:term":[{"taxonomy":"category","embeddable":true,"href":"https:\/\/www.radiomanchester.com.br\/fm\/wp-json\/wp\/v2\/categories?post=9335"},{"taxonomy":"post_tag","embeddable":true,"href":"https:\/\/www.radiomanchester.com.br\/fm\/wp-json\/wp\/v2\/tags?post=9335"}],"curies":[{"name":"wp","href":"https:\/\/api.w.org\/{rel}","templated":true}]}}