{"id":9359,"date":"2022-10-07T14:11:26","date_gmt":"2022-10-07T17:11:26","guid":{"rendered":"https:\/\/www.radiomanchester.com.br\/fm\/?p=9359"},"modified":"2022-10-07T14:11:30","modified_gmt":"2022-10-07T17:11:30","slug":"producao-de-veiculos-tem-alta-de-193-em-setembro-informa-anfavea","status":"publish","type":"post","link":"https:\/\/www.radiomanchester.com.br\/fm\/producao-de-veiculos-tem-alta-de-193-em-setembro-informa-anfavea\/","title":{"rendered":"Produ\u00e7\u00e3o de ve\u00edculos tem alta de 19,3% em setembro, informa Anfavea"},"content":{"rendered":"\n<p><\/p>\n\n\n\n<p><strong><em>Foram fabricadas 207,8 mil unidades, no m\u00eas passado<\/em><\/strong><\/p>\n\n\n\n<hr class=\"wp-block-separator\"\/>\n\n\n\n<p>A produ\u00e7\u00e3o de ve\u00edculos teve alta de 19,3% em setembro na compara\u00e7\u00e3o com o mesmo m\u00eas de 2021, com a fabrica\u00e7\u00e3o de 207,8 mil unidades, segundo balan\u00e7o divulgado hoje (7\/10) pela Associa\u00e7\u00e3o Nacional dos Fabricantes de Ve\u00edculos Automotores (Anfavea). No acumulado dos nove primeiros meses do ano, foi registrado um crescimento de 6,3% em rela\u00e7\u00e3o ao per\u00edodo de janeiro a setembro do ano passado, com a produ\u00e7\u00e3o de 1,75 milh\u00e3o de ve\u00edculos.<\/p>\n\n\n\n<div style=\"height:100px\" aria-hidden=\"true\" class=\"wp-block-spacer\"><\/div>\n\n\n\n<p>As vendas tiveram eleva\u00e7\u00e3o de 25,1% em setembro na compara\u00e7\u00e3o com o mesmo m\u00eas do ano passado, com 194 mil emplacamentos. No acumulado de janeiro a setembro, foram comercializadas 1,5 milh\u00e3o de unidades, queda de 4,7% em rela\u00e7\u00e3o ao mesmo per\u00edodo de 2021.<\/p>\n\n\n\n<div style=\"height:100px\" aria-hidden=\"true\" class=\"wp-block-spacer\"><\/div>\n\n\n\n<p>Para o presidente da Anfavea, M\u00e1rcio de Lima Leite, apesar da queda nas vendas em compara\u00e7\u00e3o com o ano passado, os resultados s\u00e3o positivos. Entre os indicadores que ele destaca est\u00e1 a venda m\u00e9dia de 9,2 mil ve\u00edculos por dia em setembro. \u201cA m\u00e9dia di\u00e1ria nos anima bastante, mostra um crescimento constante do mercado\u201d, enfatizou.<\/p>\n\n\n\n<div style=\"height:100px\" aria-hidden=\"true\" class=\"wp-block-spacer\"><\/div>\n\n\n\n<p><strong>Autom\u00f3veis<\/strong><br>As vendas de autom\u00f3veis e ve\u00edculos comerciais leves tiveram alta de 29,1% em setembro em rela\u00e7\u00e3o ao mesmo m\u00eas do ano passado, com o emplacamento de 156,4 mil unidades. No acumulado dos tr\u00eas primeiros trimestres do ano, a comercializa\u00e7\u00e3o do segmento tem retra\u00e7\u00e3o de 6,8%, com 1,21 milh\u00e3o de emplacamentos.<\/p>\n\n\n\n<div style=\"height:10px\" aria-hidden=\"true\" class=\"wp-block-spacer\"><\/div>\n\n\n\n<p>Segundo M\u00e1rcio Leite, o setor ainda sofre com as dificuldades em conseguir componentes, como os semicondutores. Na avalia\u00e7\u00e3o dele, essa situa\u00e7\u00e3o s\u00f3 deve ser normalizada no segundo semestre de 2023. Mesmo com as dificuldades, o presidente da Anfavea espera que os fabricantes consigam vender at\u00e9 o final do ano 2,14 milh\u00f5es de ve\u00edculos. \u201c[Isso tem sido poss\u00edvel devido a] criatividade das nossas \u00e1reas industriais, de log\u00edstica, eles realmente tiveram menos horas de sono, o esfor\u00e7o \u00e9 maior, mas a gente tem conseguido atingir um resultado satisfat\u00f3rio\u201d, ressaltou.<\/p>\n\n\n\n<div style=\"height:100px\" aria-hidden=\"true\" class=\"wp-block-spacer\"><\/div>\n\n\n\n<p><strong>Exporta\u00e7\u00f5es<\/strong><br>As exporta\u00e7\u00f5es tiveram alta de 20,7% em setembro, com a venda de 28,5 mil ve\u00edculos para o exterior. De janeiro a setembro, a alta \u00e9 de 31,2% em rela\u00e7\u00e3o ao mesmo per\u00edodo de 2021, com a exporta\u00e7\u00e3o de 363,5 mil unidades. Apesar do resultado positivo em rela\u00e7\u00e3o ao ano passado, as vendas para o exterior ainda enfrentam problemas, na compara\u00e7\u00e3o com agosto, o resultado de setembro representa uma queda de 39%.<\/p>\n\n\n\n<div style=\"height:100px\" aria-hidden=\"true\" class=\"wp-block-spacer\"><\/div>\n\n\n\n<p>De acordo com Leite, as exporta\u00e7\u00f5es v\u00eam sofrendo com atrasos no sistema de transporte mar\u00edtimo. \u201cIsso acontece pela pr\u00f3pria retomada, at\u00e9 que tenha-se um arranjo da cadeia de suprimentos e log\u00edstica mundial n\u00f3s ainda temos algumas situa\u00e7\u00f5es pontuais que acabam impactando em alguns meses\u201d, disse.<\/p>\n\n\n\n<div style=\"height:100px\" aria-hidden=\"true\" class=\"wp-block-spacer\"><\/div>\n\n\n\n<p>Al\u00e9m disso, as montadoras brasileiras t\u00eam tido, segundo ele, dificuldade com as restri\u00e7\u00f5es burocr\u00e1ticas na Argentina, principal destino dos ve\u00edculos brasileiros vendidos para outros pa\u00edses. \u201cDe fato percebe-se, sim, uma redu\u00e7\u00e3o das exporta\u00e7\u00f5es para a Argentina principalmente em fun\u00e7\u00e3o da restri\u00e7\u00e3o de libera\u00e7\u00e3o de licen\u00e7as para exporta\u00e7\u00e3o\u201d, destacou.<\/p>\n\n\n\n<div style=\"height:100px\" aria-hidden=\"true\" class=\"wp-block-spacer\"><\/div>\n\n\n\n<p><strong>Emprego<\/strong><br>A quantidade de pessoas empregadas na ind\u00fastria de ve\u00edculos cresceu 1,6% em setembro em rela\u00e7\u00e3o ao mesmo per\u00edodo do ano passado, totalizando 104,6 mil trabalhadores.<\/p>\n\n\n\n<figure class=\"wp-block-image size-medium\"><img loading=\"lazy\" width=\"300\" height=\"179\" src=\"https:\/\/www.radiomanchester.com.br\/fm\/wp-content\/uploads\/2022\/10\/ABA1A661-ED57-4384-BEF7-C0C0CE0CB4CE-300x179.jpeg\" alt=\"\" class=\"wp-image-9360\" srcset=\"https:\/\/www.radiomanchester.com.br\/fm\/wp-content\/uploads\/2022\/10\/ABA1A661-ED57-4384-BEF7-C0C0CE0CB4CE-300x179.jpeg 300w, https:\/\/www.radiomanchester.com.br\/fm\/wp-content\/uploads\/2022\/10\/ABA1A661-ED57-4384-BEF7-C0C0CE0CB4CE-1024x613.jpeg 1024w, https:\/\/www.radiomanchester.com.br\/fm\/wp-content\/uploads\/2022\/10\/ABA1A661-ED57-4384-BEF7-C0C0CE0CB4CE-768x459.jpeg 768w, https:\/\/www.radiomanchester.com.br\/fm\/wp-content\/uploads\/2022\/10\/ABA1A661-ED57-4384-BEF7-C0C0CE0CB4CE.jpeg 1170w\" sizes=\"(max-width: 300px) 100vw, 300px\" \/><figcaption>13\/08\/2013 REUTERS\/Nacho Doce -Ag\u00eancia  Brasil<\/figcaption><\/figure>\n\n\n\n<p>Por Ag\u00eancia Brasil &#8211; foto: Ag\u00eancia Brasil<\/p>\n","protected":false},"excerpt":{"rendered":"<p class=\"excerpt\">Foram fabricadas 207,8 mil unidades, no m\u00eas passado A produ\u00e7\u00e3o de ve\u00edculos teve alta de 19,3% em setembro na compara\u00e7\u00e3o com o mesmo m\u00eas de 2021, com a fabrica\u00e7\u00e3o de 207,8 mil unidades, segundo balan\u00e7o divulgado hoje (7\/10) pela Associa\u00e7\u00e3o Nacional dos Fabricantes de Ve\u00edculos Automotores (Anfavea). No acumulado dos nove primeiros meses do ano, [&hellip;]<\/p>\n","protected":false},"author":1,"featured_media":0,"comment_status":"open","ping_status":"open","sticky":false,"template":"","format":"standard","meta":[],"categories":[8,17],"tags":[22,24,113,83,92],"yoast_head":"<!-- This site is optimized with the Yoast SEO plugin v18.3 - https:\/\/yoast.com\/wordpress\/plugins\/seo\/ -->\n<title>Produ\u00e7\u00e3o de ve\u00edculos tem alta de 19,3% em setembro, informa Anfavea - Manchester FM 93,3<\/title>\n<meta name=\"robots\" content=\"index, follow, max-snippet:-1, max-image-preview:large, max-video-preview:-1\" \/>\n<link rel=\"canonical\" href=\"https:\/\/www.radiomanchester.com.br\/fm\/producao-de-veiculos-tem-alta-de-193-em-setembro-informa-anfavea\/\" \/>\n<meta property=\"og:locale\" content=\"pt_BR\" \/>\n<meta property=\"og:type\" content=\"article\" \/>\n<meta property=\"og:title\" content=\"Produ\u00e7\u00e3o de ve\u00edculos tem alta de 19,3% em setembro, informa Anfavea - Manchester FM 93,3\" \/>\n<meta property=\"og:description\" content=\"Foram fabricadas 207,8 mil unidades, no m\u00eas passado A produ\u00e7\u00e3o de ve\u00edculos teve alta de 19,3% em setembro na compara\u00e7\u00e3o com o mesmo m\u00eas de 2021, com a fabrica\u00e7\u00e3o de 207,8 mil unidades, segundo balan\u00e7o divulgado hoje (7\/10) pela Associa\u00e7\u00e3o Nacional dos Fabricantes de Ve\u00edculos Automotores (Anfavea). No acumulado dos nove primeiros meses do ano, [&hellip;]\" \/>\n<meta property=\"og:url\" content=\"https:\/\/www.radiomanchester.com.br\/fm\/producao-de-veiculos-tem-alta-de-193-em-setembro-informa-anfavea\/\" \/>\n<meta property=\"og:site_name\" content=\"Manchester FM 93,3\" \/>\n<meta property=\"article:published_time\" content=\"2022-10-07T17:11:26+00:00\" \/>\n<meta property=\"article:modified_time\" content=\"2022-10-07T17:11:30+00:00\" \/>\n<meta property=\"og:image\" content=\"https:\/\/www.radiomanchester.com.br\/fm\/wp-content\/uploads\/2022\/10\/ABA1A661-ED57-4384-BEF7-C0C0CE0CB4CE-300x179.jpeg\" \/>\n<meta name=\"twitter:card\" content=\"summary_large_image\" \/>\n<meta name=\"twitter:label1\" content=\"Escrito por\" \/>\n\t<meta name=\"twitter:data1\" content=\"admin\" \/>\n\t<meta name=\"twitter:label2\" content=\"Est. tempo de leitura\" \/>\n\t<meta name=\"twitter:data2\" content=\"4 minutos\" \/>\n<script type=\"application\/ld+json\" class=\"yoast-schema-graph\">{\"@context\":\"https:\/\/schema.org\",\"@graph\":[{\"@type\":\"WebSite\",\"@id\":\"https:\/\/www.radiomanchester.com.br\/fm\/#website\",\"url\":\"https:\/\/www.radiomanchester.com.br\/fm\/\",\"name\":\"Manchester FM 93,3\",\"description\":\"Todo Mundo Ouve!\",\"potentialAction\":[{\"@type\":\"SearchAction\",\"target\":{\"@type\":\"EntryPoint\",\"urlTemplate\":\"https:\/\/www.radiomanchester.com.br\/fm\/?s={search_term_string}\"},\"query-input\":\"required name=search_term_string\"}],\"inLanguage\":\"pt-BR\"},{\"@type\":\"ImageObject\",\"@id\":\"https:\/\/www.radiomanchester.com.br\/fm\/producao-de-veiculos-tem-alta-de-193-em-setembro-informa-anfavea\/#primaryimage\",\"inLanguage\":\"pt-BR\",\"url\":\"https:\/\/www.radiomanchester.com.br\/fm\/wp-content\/uploads\/2022\/10\/ABA1A661-ED57-4384-BEF7-C0C0CE0CB4CE.jpeg\",\"contentUrl\":\"https:\/\/www.radiomanchester.com.br\/fm\/wp-content\/uploads\/2022\/10\/ABA1A661-ED57-4384-BEF7-C0C0CE0CB4CE.jpeg\",\"width\":1170,\"height\":700,\"caption\":\"13\/08\/2013 REUTERS\/Nacho Doce\"},{\"@type\":\"WebPage\",\"@id\":\"https:\/\/www.radiomanchester.com.br\/fm\/producao-de-veiculos-tem-alta-de-193-em-setembro-informa-anfavea\/#webpage\",\"url\":\"https:\/\/www.radiomanchester.com.br\/fm\/producao-de-veiculos-tem-alta-de-193-em-setembro-informa-anfavea\/\",\"name\":\"Produ\u00e7\u00e3o de ve\u00edculos tem alta de 19,3% em setembro, informa Anfavea - Manchester FM 93,3\",\"isPartOf\":{\"@id\":\"https:\/\/www.radiomanchester.com.br\/fm\/#website\"},\"primaryImageOfPage\":{\"@id\":\"https:\/\/www.radiomanchester.com.br\/fm\/producao-de-veiculos-tem-alta-de-193-em-setembro-informa-anfavea\/#primaryimage\"},\"datePublished\":\"2022-10-07T17:11:26+00:00\",\"dateModified\":\"2022-10-07T17:11:30+00:00\",\"author\":{\"@id\":\"https:\/\/www.radiomanchester.com.br\/fm\/#\/schema\/person\/408a7b4d4e32cbebd90e2782852abca3\"},\"breadcrumb\":{\"@id\":\"https:\/\/www.radiomanchester.com.br\/fm\/producao-de-veiculos-tem-alta-de-193-em-setembro-informa-anfavea\/#breadcrumb\"},\"inLanguage\":\"pt-BR\",\"potentialAction\":[{\"@type\":\"ReadAction\",\"target\":[\"https:\/\/www.radiomanchester.com.br\/fm\/producao-de-veiculos-tem-alta-de-193-em-setembro-informa-anfavea\/\"]}]},{\"@type\":\"BreadcrumbList\",\"@id\":\"https:\/\/www.radiomanchester.com.br\/fm\/producao-de-veiculos-tem-alta-de-193-em-setembro-informa-anfavea\/#breadcrumb\",\"itemListElement\":[{\"@type\":\"ListItem\",\"position\":1,\"name\":\"Home\",\"item\":\"https:\/\/www.radiomanchester.com.br\/fm\/\"},{\"@type\":\"ListItem\",\"position\":2,\"name\":\"Produ\u00e7\u00e3o de ve\u00edculos tem alta de 19,3% em setembro, informa Anfavea\"}]},{\"@type\":\"Person\",\"@id\":\"https:\/\/www.radiomanchester.com.br\/fm\/#\/schema\/person\/408a7b4d4e32cbebd90e2782852abca3\",\"name\":\"admin\",\"image\":{\"@type\":\"ImageObject\",\"@id\":\"https:\/\/www.radiomanchester.com.br\/fm\/#personlogo\",\"inLanguage\":\"pt-BR\",\"url\":\"https:\/\/secure.gravatar.com\/avatar\/115a974dba3376872eb3addeb276301c?s=96&d=mm&r=g\",\"contentUrl\":\"https:\/\/secure.gravatar.com\/avatar\/115a974dba3376872eb3addeb276301c?s=96&d=mm&r=g\",\"caption\":\"admin\"},\"url\":\"https:\/\/www.radiomanchester.com.br\/fm\/author\/admin\/\"}]}<\/script>\n<!-- \/ Yoast SEO plugin. -->","yoast_head_json":{"title":"Produ\u00e7\u00e3o de ve\u00edculos tem alta de 19,3% em setembro, informa Anfavea - Manchester FM 93,3","robots":{"index":"index","follow":"follow","max-snippet":"max-snippet:-1","max-image-preview":"max-image-preview:large","max-video-preview":"max-video-preview:-1"},"canonical":"https:\/\/www.radiomanchester.com.br\/fm\/producao-de-veiculos-tem-alta-de-193-em-setembro-informa-anfavea\/","og_locale":"pt_BR","og_type":"article","og_title":"Produ\u00e7\u00e3o de ve\u00edculos tem alta de 19,3% em setembro, informa Anfavea - Manchester FM 93,3","og_description":"Foram fabricadas 207,8 mil unidades, no m\u00eas passado A produ\u00e7\u00e3o de ve\u00edculos teve alta de 19,3% em setembro na compara\u00e7\u00e3o com o mesmo m\u00eas de 2021, com a fabrica\u00e7\u00e3o de 207,8 mil unidades, segundo balan\u00e7o divulgado hoje (7\/10) pela Associa\u00e7\u00e3o Nacional dos Fabricantes de Ve\u00edculos Automotores (Anfavea). No acumulado dos nove primeiros meses do ano, [&hellip;]","og_url":"https:\/\/www.radiomanchester.com.br\/fm\/producao-de-veiculos-tem-alta-de-193-em-setembro-informa-anfavea\/","og_site_name":"Manchester FM 93,3","article_published_time":"2022-10-07T17:11:26+00:00","article_modified_time":"2022-10-07T17:11:30+00:00","og_image":[{"url":"https:\/\/www.radiomanchester.com.br\/fm\/wp-content\/uploads\/2022\/10\/ABA1A661-ED57-4384-BEF7-C0C0CE0CB4CE-300x179.jpeg"}],"twitter_card":"summary_large_image","twitter_misc":{"Escrito por":"admin","Est. tempo de leitura":"4 minutos"},"schema":{"@context":"https:\/\/schema.org","@graph":[{"@type":"WebSite","@id":"https:\/\/www.radiomanchester.com.br\/fm\/#website","url":"https:\/\/www.radiomanchester.com.br\/fm\/","name":"Manchester FM 93,3","description":"Todo Mundo Ouve!","potentialAction":[{"@type":"SearchAction","target":{"@type":"EntryPoint","urlTemplate":"https:\/\/www.radiomanchester.com.br\/fm\/?s={search_term_string}"},"query-input":"required name=search_term_string"}],"inLanguage":"pt-BR"},{"@type":"ImageObject","@id":"https:\/\/www.radiomanchester.com.br\/fm\/producao-de-veiculos-tem-alta-de-193-em-setembro-informa-anfavea\/#primaryimage","inLanguage":"pt-BR","url":"https:\/\/www.radiomanchester.com.br\/fm\/wp-content\/uploads\/2022\/10\/ABA1A661-ED57-4384-BEF7-C0C0CE0CB4CE.jpeg","contentUrl":"https:\/\/www.radiomanchester.com.br\/fm\/wp-content\/uploads\/2022\/10\/ABA1A661-ED57-4384-BEF7-C0C0CE0CB4CE.jpeg","width":1170,"height":700,"caption":"13\/08\/2013 REUTERS\/Nacho Doce"},{"@type":"WebPage","@id":"https:\/\/www.radiomanchester.com.br\/fm\/producao-de-veiculos-tem-alta-de-193-em-setembro-informa-anfavea\/#webpage","url":"https:\/\/www.radiomanchester.com.br\/fm\/producao-de-veiculos-tem-alta-de-193-em-setembro-informa-anfavea\/","name":"Produ\u00e7\u00e3o de ve\u00edculos tem alta de 19,3% em setembro, informa Anfavea - Manchester FM 93,3","isPartOf":{"@id":"https:\/\/www.radiomanchester.com.br\/fm\/#website"},"primaryImageOfPage":{"@id":"https:\/\/www.radiomanchester.com.br\/fm\/producao-de-veiculos-tem-alta-de-193-em-setembro-informa-anfavea\/#primaryimage"},"datePublished":"2022-10-07T17:11:26+00:00","dateModified":"2022-10-07T17:11:30+00:00","author":{"@id":"https:\/\/www.radiomanchester.com.br\/fm\/#\/schema\/person\/408a7b4d4e32cbebd90e2782852abca3"},"breadcrumb":{"@id":"https:\/\/www.radiomanchester.com.br\/fm\/producao-de-veiculos-tem-alta-de-193-em-setembro-informa-anfavea\/#breadcrumb"},"inLanguage":"pt-BR","potentialAction":[{"@type":"ReadAction","target":["https:\/\/www.radiomanchester.com.br\/fm\/producao-de-veiculos-tem-alta-de-193-em-setembro-informa-anfavea\/"]}]},{"@type":"BreadcrumbList","@id":"https:\/\/www.radiomanchester.com.br\/fm\/producao-de-veiculos-tem-alta-de-193-em-setembro-informa-anfavea\/#breadcrumb","itemListElement":[{"@type":"ListItem","position":1,"name":"Home","item":"https:\/\/www.radiomanchester.com.br\/fm\/"},{"@type":"ListItem","position":2,"name":"Produ\u00e7\u00e3o de ve\u00edculos tem alta de 19,3% em setembro, informa Anfavea"}]},{"@type":"Person","@id":"https:\/\/www.radiomanchester.com.br\/fm\/#\/schema\/person\/408a7b4d4e32cbebd90e2782852abca3","name":"admin","image":{"@type":"ImageObject","@id":"https:\/\/www.radiomanchester.com.br\/fm\/#personlogo","inLanguage":"pt-BR","url":"https:\/\/secure.gravatar.com\/avatar\/115a974dba3376872eb3addeb276301c?s=96&d=mm&r=g","contentUrl":"https:\/\/secure.gravatar.com\/avatar\/115a974dba3376872eb3addeb276301c?s=96&d=mm&r=g","caption":"admin"},"url":"https:\/\/www.radiomanchester.com.br\/fm\/author\/admin\/"}]}},"_links":{"self":[{"href":"https:\/\/www.radiomanchester.com.br\/fm\/wp-json\/wp\/v2\/posts\/9359"}],"collection":[{"href":"https:\/\/www.radiomanchester.com.br\/fm\/wp-json\/wp\/v2\/posts"}],"about":[{"href":"https:\/\/www.radiomanchester.com.br\/fm\/wp-json\/wp\/v2\/types\/post"}],"author":[{"embeddable":true,"href":"https:\/\/www.radiomanchester.com.br\/fm\/wp-json\/wp\/v2\/users\/1"}],"replies":[{"embeddable":true,"href":"https:\/\/www.radiomanchester.com.br\/fm\/wp-json\/wp\/v2\/comments?post=9359"}],"version-history":[{"count":1,"href":"https:\/\/www.radiomanchester.com.br\/fm\/wp-json\/wp\/v2\/posts\/9359\/revisions"}],"predecessor-version":[{"id":9361,"href":"https:\/\/www.radiomanchester.com.br\/fm\/wp-json\/wp\/v2\/posts\/9359\/revisions\/9361"}],"wp:attachment":[{"href":"https:\/\/www.radiomanchester.com.br\/fm\/wp-json\/wp\/v2\/media?parent=9359"}],"wp:term":[{"taxonomy":"category","embeddable":true,"href":"https:\/\/www.radiomanchester.com.br\/fm\/wp-json\/wp\/v2\/categories?post=9359"},{"taxonomy":"post_tag","embeddable":true,"href":"https:\/\/www.radiomanchester.com.br\/fm\/wp-json\/wp\/v2\/tags?post=9359"}],"curies":[{"name":"wp","href":"https:\/\/api.w.org\/{rel}","templated":true}]}}